{"id":129365,"date":"2021-09-17T00:00:35","date_gmt":"2021-09-16T20:00:35","guid":{"rendered":""},"modified":"-0001-11-30T00:00:00","modified_gmt":"-0001-11-29T20:00:00","slug":"","status":"publish","type":"post","link":"https:\/\/ucnoqta.az\/?p=129365","title":{"rendered":"Qurban Qurbanov konfransdan piv\u0259 \u015f\u00fc\u015f\u0259l\u0259rinin y\u0131\u011f\u0131\u015fd\u0131r\u0131lmas\u0131n\u0131 t\u0259l\u0259b etdi"},"content":{"rendered":"<p><strong>UEFA Konfrans Liqas\u0131n\u0131n qrup m\u0259rh\u0259l\u0259sinin I turunda ke&ccedil;irilmi\u015f &quot;Qaraba\u011f&quot; &#8211; &quot;Bazel&quot; (\u0130sve&ccedil;r\u0259) mat&ccedil;\u0131ndan sonra maraql\u0131 hadis\u0259 ba\u015f verib.<\/strong><\/p>\n<p>A\u011fdam t\u0259msil&ccedil;isinin ba\u015f m\u0259\u015fq&ccedil;i Qurban Qurbanov m\u0259tbuat konfrans\u0131 zaman\u0131 masan\u0131n &uuml;z\u0259rind\u0259 turnirin sponsorlar\u0131ndan olan piv\u0259 \u015firk\u0259tin\u0259 m\u0259xsus butulkas\u0131n\u0131n yer almas\u0131n\u0131 ist\u0259m\u0259yib.<\/p>\n<p>R\u0259qib ba\u015f m\u0259\u015fq&ccedil;i Patrik Rahmenin m\u0259tbuat konfrans\u0131nda is\u0259 piv\u0259 \u015f&uuml;\u015f\u0259l\u0259ri masaya qaytar\u0131l\u0131b.<\/p>\n<p>Qeyd ed\u0259k ki, qar\u015f\u0131la\u015fma qolsuz he&ccedil;-he&ccedil;\u0259 il\u0259 ba\u015fa &ccedil;at\u0131b.\/\/\/report<\/p>\n<p>&nbsp;<\/p>\n","protected":false},"excerpt":{"rendered":"<p>UEFA Konfrans Liqas\u0131n\u0131n qrup m\u0259rh\u0259l\u0259sinin I turunda ke&ccedil;irilmi\u015f &quot;Qaraba\u011f&quot; &#8211; &quot;Bazel&quot; (\u0130sve&ccedil;r\u0259) mat&ccedil;\u0131ndan sonra maraql\u0131 hadis\u0259 ba\u015f verib. A\u011fdam t\u0259msil&ccedil;isinin ba\u015f m\u0259\u015fq&ccedil;i Qurban Qurbanov m\u0259tbuat konfrans\u0131 zaman\u0131 masan\u0131n &uuml;z\u0259rind\u0259 turnirin&hellip;<\/p>\n","protected":false},"author":1,"featured_media":251278,"comment_status":"open","ping_status":"open","sticky":false,"template":"","format":"standard","meta":{"_lmt_disableupdate":"","_lmt_disable":"","footnotes":""},"categories":[90],"tags":[],"class_list":["post-129365","post","type-post","status-publish","format-standard","has-post-thumbnail","hentry","category-idman-butun-xeberler"],"_links":{"self":[{"href":"https:\/\/ucnoqta.az\/index.php?rest_route=\/wp\/v2\/posts\/129365","targetHints":{"allow":["GET"]}}],"collection":[{"href":"https:\/\/ucnoqta.az\/index.php?rest_route=\/wp\/v2\/posts"}],"about":[{"href":"https:\/\/ucnoqta.az\/index.php?rest_route=\/wp\/v2\/types\/post"}],"author":[{"embeddable":true,"href":"https:\/\/ucnoqta.az\/index.php?rest_route=\/wp\/v2\/users\/1"}],"replies":[{"embeddable":true,"href":"https:\/\/ucnoqta.az\/index.php?rest_route=%2Fwp%2Fv2%2Fcomments&post=129365"}],"version-history":[{"count":0,"href":"https:\/\/ucnoqta.az\/index.php?rest_route=\/wp\/v2\/posts\/129365\/revisions"}],"wp:featuredmedia":[{"embeddable":true,"href":"https:\/\/ucnoqta.az\/index.php?rest_route=\/wp\/v2\/media\/251278"}],"wp:attachment":[{"href":"https:\/\/ucnoqta.az\/index.php?rest_route=%2Fwp%2Fv2%2Fmedia&parent=129365"}],"wp:term":[{"taxonomy":"category","embeddable":true,"href":"https:\/\/ucnoqta.az\/index.php?rest_route=%2Fwp%2Fv2%2Fcategories&post=129365"},{"taxonomy":"post_tag","embeddable":true,"href":"https:\/\/ucnoqta.az\/index.php?rest_route=%2Fwp%2Fv2%2Ftags&post=129365"}],"curies":[{"name":"wp","href":"https:\/\/api.w.org\/{rel}","templated":true}]}}