{"id":129350,"date":"2021-09-16T23:00:18","date_gmt":"2021-09-16T19:00:18","guid":{"rendered":""},"modified":"-0001-11-30T00:00:00","modified_gmt":"-0001-11-29T20:00:00","slug":"","status":"publish","type":"post","link":"https:\/\/ucnoqta.az\/?p=129350","title":{"rendered":"&#8220;Qaraba\u011f&#8221; &#8220;Bazel&#8221;l\u0259 he\u00e7-he\u00e7\u0259 edib &#8211; <font color=red><b>YEN\u0130L\u018fN\u0130B<\/b><\/font>"},"content":{"rendered":"<p><strong>&quot;Qaraba\u011f&quot;&nbsp;UEFA Konrans Liqas\u0131n\u0131n qrup m\u0259rh\u0259l\u0259sind\u0259 ilk oyununu ke&ccedil;irib.&nbsp;<\/strong><\/p>\n<p>Qurban Qurbanovun ba\u015f m\u0259\u015fq&ccedil;i oldu\u011fu komanda \u0130sve&ccedil;r\u0259 &quot;Bazel&quot;ini q\u0259bul edib.<\/p>\n<p>Qar\u015f\u0131la\u015fma qolsuz b\u0259rab\u0259rlikl\u0259 yekunla\u015f\u0131b.&nbsp;Bak\u0131 Olimpiya Stadionundak\u0131 mat&ccedil;\u0131 17 mind\u0259n &ccedil;ox azarke\u015f izl\u0259yib. G&ouml;r&uuml;\u015f A\u011fdam t\u0259msil&ccedil;isinin h&uuml;cumlar\u0131 il\u0259 ba\u015flay\u0131b. 8-ci d\u0259qiq\u0259d\u0259 \u0130brahima Vadjinin z\u0259rb\u0259si qap\u0131n\u0131n yan\u0131ndan ke&ccedil;ib. 2 d\u0259qiq\u0259 sonra is\u0259 r\u0259qib&nbsp;qap\u0131&ccedil;\u0131&nbsp;Haynts Linder Xayme Romeronun f\u0259rql\u0259nm\u0259sin\u0259 icaz\u0259 verm\u0259yib.<\/p>\n<p>38-ci d\u0259qiq\u0259 qonaqlar\u0131n hey\u0259tind\u0259&nbsp;Pajtim Kasami c\u0259rim\u0259 meydan&ccedil;as\u0131nda \u0259ll\u0259 oynasa da, bel&ccedil;ikal\u0131 ba\u015f hakim&nbsp;Erik Lambrexts penalti t\u0259yin etm\u0259yib.&nbsp;42-ci d\u0259qiq\u0259d\u0259&nbsp;Raul Petrettan\u0131n z\u0259rb\u0259sind\u0259n sonra&nbsp;\u015eahruddin M\u0259h\u0259mm\u0259d\u0259liyev &quot;k&ouml;hl\u0259n atlar&quot;\u0131 qoldan xilas edib.&nbsp;44-c&uuml; d\u0259qiq\u0259d\u0259 Artur Kabral topu qap\u0131n\u0131n yan\u0131ndan vurub.<\/p>\n<p>\u0130kinci hiss\u0259d\u0259 d\u0259&nbsp;komandalar a&ccedil;\u0131q oyuna &uuml;st&uuml;nl&uuml;k veribl\u0259r. A\u011fdam klubu r\u0259qibi ara-s\u0131ra \u0259ks h&uuml;cumlarda yaxalama\u011fa &ccedil;al\u0131\u015f\u0131b. 79-cu d\u0259qiq\u0259d\u0259 Patrik Andrade uzaq m\u0259saf\u0259d\u0259n f\u0259rql\u0259nm\u0259k ist\u0259s\u0259 d\u0259, ist\u0259yin\u0259 &ccedil;ata bilm\u0259yib. 84-c&uuml; d\u0259qiq\u0259d\u0259 is\u0259 ikinci hiss\u0259d\u0259 meydana daxil olan Marko Vesovi&ccedil;in z\u0259rb\u0259sini &quot;Bazel&quot;in qap\u0131&ccedil;\u0131s\u0131 qaytar\u0131b.&nbsp;90+4-c&uuml; d\u0259qiq\u0259d\u0259 is\u0259 Ramil \u015eeydayevin yax\u0131n m\u0259saf\u0259d\u0259n ba\u015fla z\u0259rb\u0259sind\u0259n sonra qap\u0131&ccedil;\u0131 n&ouml;vb\u0259ti d\u0259f\u0259 qola imkan verm\u0259yib.<\/p>\n<p>Qeyd ed\u0259k ki, H qrupunun dig\u0259r mat&ccedil;\u0131nda &quot;Kayrat&quot; Qazax\u0131standa Kiprin &quot;Omoniya&quot; klubu il\u0259 qolsuz he&ccedil;-he&ccedil;\u0259y\u0259 raz\u0131la\u015f\u0131b.<\/p>\n<p><strong>21:00<\/strong><\/p>\n<p>&quot;Qaraba\u011f&quot; v\u0259 \u0130sve&ccedil;r\u0259nin &quot;Bazel&quot; komandalar\u0131 aras\u0131nda UEFA Konfrans Liqas\u0131n\u0131n qrup m\u0259rh\u0259l\u0259sinin I tur oyunu start g&ouml;t&uuml;r&uuml;b.<\/p>\n<p>Bak\u0131 Olimpiya Stadionunda ke&ccedil;iril\u0259n g&ouml;r&uuml;\u015f saat 20:45-d\u0259 ba\u015flay\u0131b.<\/p>\n<p>Qar\u015f\u0131la\u015fman\u0131 bel&ccedil;ikal\u0131 FIFA referisi Erik Lambrexts idar\u0259 edir.\/\/\/report<\/p>\n","protected":false},"excerpt":{"rendered":"<p>&quot;Qaraba\u011f&quot;&nbsp;UEFA Konrans Liqas\u0131n\u0131n qrup m\u0259rh\u0259l\u0259sind\u0259 ilk oyununu ke&ccedil;irib.&nbsp; Qurban Qurbanovun ba\u015f m\u0259\u015fq&ccedil;i oldu\u011fu komanda \u0130sve&ccedil;r\u0259 &quot;Bazel&quot;ini q\u0259bul edib. Qar\u015f\u0131la\u015fma qolsuz b\u0259rab\u0259rlikl\u0259 yekunla\u015f\u0131b.&nbsp;Bak\u0131 Olimpiya Stadionundak\u0131 mat&ccedil;\u0131 17 mind\u0259n &ccedil;ox azarke\u015f izl\u0259yib.&hellip;<\/p>\n","protected":false},"author":1,"featured_media":251278,"comment_status":"open","ping_status":"open","sticky":false,"template":"","format":"standard","meta":{"_lmt_disableupdate":"","_lmt_disable":"","footnotes":""},"categories":[90],"tags":[],"class_list":["post-129350","post","type-post","status-publish","format-standard","has-post-thumbnail","hentry","category-idman-butun-xeberler"],"_links":{"self":[{"href":"https:\/\/ucnoqta.az\/index.php?rest_route=\/wp\/v2\/posts\/129350","targetHints":{"allow":["GET"]}}],"collection":[{"href":"https:\/\/ucnoqta.az\/index.php?rest_route=\/wp\/v2\/posts"}],"about":[{"href":"https:\/\/ucnoqta.az\/index.php?rest_route=\/wp\/v2\/types\/post"}],"author":[{"embeddable":true,"href":"https:\/\/ucnoqta.az\/index.php?rest_route=\/wp\/v2\/users\/1"}],"replies":[{"embeddable":true,"href":"https:\/\/ucnoqta.az\/index.php?rest_route=%2Fwp%2Fv2%2Fcomments&post=129350"}],"version-history":[{"count":0,"href":"https:\/\/ucnoqta.az\/index.php?rest_route=\/wp\/v2\/posts\/129350\/revisions"}],"wp:featuredmedia":[{"embeddable":true,"href":"https:\/\/ucnoqta.az\/index.php?rest_route=\/wp\/v2\/media\/251278"}],"wp:attachment":[{"href":"https:\/\/ucnoqta.az\/index.php?rest_route=%2Fwp%2Fv2%2Fmedia&parent=129350"}],"wp:term":[{"taxonomy":"category","embeddable":true,"href":"https:\/\/ucnoqta.az\/index.php?rest_route=%2Fwp%2Fv2%2Fcategories&post=129350"},{"taxonomy":"post_tag","embeddable":true,"href":"https:\/\/ucnoqta.az\/index.php?rest_route=%2Fwp%2Fv2%2Ftags&post=129350"}],"curies":[{"name":"wp","href":"https:\/\/api.w.org\/{rel}","templated":true}]}}