{"id":129333,"date":"2021-09-16T20:02:35","date_gmt":"2021-09-16T16:02:35","guid":{"rendered":""},"modified":"-0001-11-30T00:00:00","modified_gmt":"-0001-11-29T20:00:00","slug":"","status":"publish","type":"post","link":"https:\/\/ucnoqta.az\/?p=129333","title":{"rendered":"Ab\u015feronda qanunsuz i\u015fl\u0259y\u0259n kafed\u0259 11 n\u0259f\u0259r saxlan\u0131ld\u0131"},"content":{"rendered":"<p><strong>Ab\u015feron rayonunda karantin qaydalar\u0131n\u0131 pozaraq m&uuml;\u015ft\u0259ril\u0259r\u0259 gec\u0259 saat 00:00-dan sonra xidm\u0259t g&ouml;st\u0259r\u0259n kafe a\u015fkar edilib.<\/strong><\/p>\n<p>Daxili \u0130\u015fl\u0259r Nazirliyind\u0259n veril\u0259n m\u0259lumata g&ouml;r\u0259, Ab\u015feron Rayon Polis \u0130dar\u0259sinin \u0259m\u0259kda\u015flar\u0131 inzibati \u0259razid\u0259 xidm\u0259t aparan zaman X\u0131rdalan \u015f\u0259h\u0259rind\u0259 yerl\u0259\u015f\u0259n &ldquo;Read Houses&rdquo; adl\u0131 kafenin saat 01:30 rad\u0259l\u0259rind\u0259 m&uuml;\u015ft\u0259ril\u0259r\u0259 xidm\u0259t g&ouml;st\u0259rdiyini m&uuml;\u0259yy\u0259n edilibl\u0259r.<\/p>\n<p>Obyektin f\u0259aliyy\u0259ti d\u0259rhal polisl\u0259r t\u0259r\u0259find\u0259n dayand\u0131r\u0131l\u0131b, kafenin sahibi \u018flia\u011fa M\u0259mm\u0259dov v\u0259 11 m&uuml;\u015ft\u0259ri saxlan\u0131laraq Polis \u0130dar\u0259sin\u0259 d\u0259v\u0259t edilibl\u0259r. M&uuml;\u015ft\u0259ril\u0259r v\u0259 kafenin sahibi bar\u0259sind\u0259 inzibati qaydada t\u0259dbir g&ouml;r&uuml;l&uuml;b v\u0259 onlar\u0131n h\u0259r biri c\u0259rim\u0259 edilib. H\u0259min \u015f\u0259xsl\u0259rl\u0259 profilaktik s&ouml;hb\u0259tl\u0259r apar\u0131l\u0131b v\u0259 karantin qaydalar\u0131na \u0259m\u0259l olunmas\u0131n\u0131n vacibliyi bir daha onlar\u0131n diqq\u0259tin\u0259 &ccedil;atd\u0131r\u0131l\u0131b.<\/p>\n","protected":false},"excerpt":{"rendered":"<p>Ab\u015feron rayonunda karantin qaydalar\u0131n\u0131 pozaraq m&uuml;\u015ft\u0259ril\u0259r\u0259 gec\u0259 saat 00:00-dan sonra xidm\u0259t g&ouml;st\u0259r\u0259n kafe a\u015fkar edilib. Daxili \u0130\u015fl\u0259r Nazirliyind\u0259n veril\u0259n m\u0259lumata g&ouml;r\u0259, Ab\u015feron Rayon Polis \u0130dar\u0259sinin \u0259m\u0259kda\u015flar\u0131 inzibati \u0259razid\u0259 xidm\u0259t aparan&hellip;<\/p>\n","protected":false},"author":1,"featured_media":251278,"comment_status":"open","ping_status":"open","sticky":false,"template":"","format":"standard","meta":{"_lmt_disableupdate":"","_lmt_disable":"","footnotes":""},"categories":[],"tags":[],"class_list":["post-129333","post","type-post","status-publish","format-standard","has-post-thumbnail","hentry"],"_links":{"self":[{"href":"https:\/\/ucnoqta.az\/index.php?rest_route=\/wp\/v2\/posts\/129333","targetHints":{"allow":["GET"]}}],"collection":[{"href":"https:\/\/ucnoqta.az\/index.php?rest_route=\/wp\/v2\/posts"}],"about":[{"href":"https:\/\/ucnoqta.az\/index.php?rest_route=\/wp\/v2\/types\/post"}],"author":[{"embeddable":true,"href":"https:\/\/ucnoqta.az\/index.php?rest_route=\/wp\/v2\/users\/1"}],"replies":[{"embeddable":true,"href":"https:\/\/ucnoqta.az\/index.php?rest_route=%2Fwp%2Fv2%2Fcomments&post=129333"}],"version-history":[{"count":0,"href":"https:\/\/ucnoqta.az\/index.php?rest_route=\/wp\/v2\/posts\/129333\/revisions"}],"wp:featuredmedia":[{"embeddable":true,"href":"https:\/\/ucnoqta.az\/index.php?rest_route=\/wp\/v2\/media\/251278"}],"wp:attachment":[{"href":"https:\/\/ucnoqta.az\/index.php?rest_route=%2Fwp%2Fv2%2Fmedia&parent=129333"}],"wp:term":[{"taxonomy":"category","embeddable":true,"href":"https:\/\/ucnoqta.az\/index.php?rest_route=%2Fwp%2Fv2%2Fcategories&post=129333"},{"taxonomy":"post_tag","embeddable":true,"href":"https:\/\/ucnoqta.az\/index.php?rest_route=%2Fwp%2Fv2%2Ftags&post=129333"}],"curies":[{"name":"wp","href":"https:\/\/api.w.org\/{rel}","templated":true}]}}