{"id":129331,"date":"2021-09-16T17:45:04","date_gmt":"2021-09-16T13:45:04","guid":{"rendered":""},"modified":"-0001-11-30T00:00:00","modified_gmt":"-0001-11-29T20:00:00","slug":"","status":"publish","type":"post","link":"https:\/\/ucnoqta.az\/?p=129331","title":{"rendered":"Vilay\u0259t Eyvazov DYP r\u0259isini i\u015fd\u0259n \u00e7\u0131xard\u0131"},"content":{"rendered":"<p><strong>F&uuml;zuli Rayon Polis \u015e&ouml;b\u0259sinin b&ouml;lm\u0259 r\u0259isi v\u0259zif\u0259sind\u0259n azad olunub.<\/strong><\/p>\n<p>Ucnoqta.az x\u0259b\u0259r verir ki, daxili i\u015fl\u0259r naziri, general-polkovnik Vilay\u0259t Eyvazovun \u0259mri il\u0259 F&uuml;zuli Rayon Polis \u015e&ouml;b\u0259sinin D&ouml;vl\u0259t Yol Polisi \u015f&ouml;b\u0259sinin r\u0259isi, polis mayoru Koro\u011flu Quliyev tutdu\u011fu v\u0259zif\u0259d\u0259n azad edilib.<\/p>\n<p>\u015e&ouml;b\u0259 r\u0259isi F&uuml;zuli Rayon Polis \u015e&ouml;b\u0259sind\u0259 ba\u015fqa v\u0259zif\u0259y\u0259 t\u0259yin edilib.<\/p>\n<p>Fakt\u0131 Daxili \u0130\u015fl\u0259r Nazirliyinin M\u0259tbuat xidm\u0259ti&nbsp;Trend-\u0259 t\u0259sdiql\u0259yib.<\/p>\n","protected":false},"excerpt":{"rendered":"<p>F&uuml;zuli Rayon Polis \u015e&ouml;b\u0259sinin b&ouml;lm\u0259 r\u0259isi v\u0259zif\u0259sind\u0259n azad olunub. Ucnoqta.az x\u0259b\u0259r verir ki, daxili i\u015fl\u0259r naziri, general-polkovnik Vilay\u0259t Eyvazovun \u0259mri il\u0259 F&uuml;zuli Rayon Polis \u015e&ouml;b\u0259sinin D&ouml;vl\u0259t Yol Polisi \u015f&ouml;b\u0259sinin r\u0259isi,&hellip;<\/p>\n","protected":false},"author":1,"featured_media":251278,"comment_status":"open","ping_status":"open","sticky":false,"template":"","format":"standard","meta":{"_lmt_disableupdate":"","_lmt_disable":"","footnotes":""},"categories":[],"tags":[],"class_list":["post-129331","post","type-post","status-publish","format-standard","has-post-thumbnail","hentry"],"_links":{"self":[{"href":"https:\/\/ucnoqta.az\/index.php?rest_route=\/wp\/v2\/posts\/129331","targetHints":{"allow":["GET"]}}],"collection":[{"href":"https:\/\/ucnoqta.az\/index.php?rest_route=\/wp\/v2\/posts"}],"about":[{"href":"https:\/\/ucnoqta.az\/index.php?rest_route=\/wp\/v2\/types\/post"}],"author":[{"embeddable":true,"href":"https:\/\/ucnoqta.az\/index.php?rest_route=\/wp\/v2\/users\/1"}],"replies":[{"embeddable":true,"href":"https:\/\/ucnoqta.az\/index.php?rest_route=%2Fwp%2Fv2%2Fcomments&post=129331"}],"version-history":[{"count":0,"href":"https:\/\/ucnoqta.az\/index.php?rest_route=\/wp\/v2\/posts\/129331\/revisions"}],"wp:featuredmedia":[{"embeddable":true,"href":"https:\/\/ucnoqta.az\/index.php?rest_route=\/wp\/v2\/media\/251278"}],"wp:attachment":[{"href":"https:\/\/ucnoqta.az\/index.php?rest_route=%2Fwp%2Fv2%2Fmedia&parent=129331"}],"wp:term":[{"taxonomy":"category","embeddable":true,"href":"https:\/\/ucnoqta.az\/index.php?rest_route=%2Fwp%2Fv2%2Fcategories&post=129331"},{"taxonomy":"post_tag","embeddable":true,"href":"https:\/\/ucnoqta.az\/index.php?rest_route=%2Fwp%2Fv2%2Ftags&post=129331"}],"curies":[{"name":"wp","href":"https:\/\/api.w.org\/{rel}","templated":true}]}}