{"id":129319,"date":"2021-09-16T16:50:38","date_gmt":"2021-09-16T12:50:38","guid":{"rendered":""},"modified":"-0001-11-30T00:00:00","modified_gmt":"-0001-11-29T20:00:00","slug":"","status":"publish","type":"post","link":"https:\/\/ucnoqta.az\/?p=129319","title":{"rendered":"\u0130\u018fT n\u00fcmay\u0259nd\u0259 hey\u0259ti \u015eu\u015fada s\u0259f\u0259rd\u0259dirl\u0259r"},"content":{"rendered":"<p><strong>Az\u0259rbaycan Respublikas\u0131n\u0131n \u0130nsan H&uuml;quqlar\u0131 &uuml;zr\u0259 m&uuml;v\u0259kkilinin d\u0259v\u0259ti il\u0259 &ouml;lk\u0259miz\u0259 g\u0259l\u0259n \u0130slam \u018fm\u0259kda\u015fl\u0131q T\u0259\u015fkilat\u0131n\u0131n Ombudsmanlar Assosiasiyas\u0131n\u0131n (\u0130\u018fT OA) n&uuml;may\u0259nd\u0259 hey\u0259tinin i\u015f\u011faldan azad edilmi\u015f \u0259razil\u0259r\u0259 faktara\u015fd\u0131r\u0131c\u0131 s\u0259f\u0259rl\u0259ri ba\u015flay\u0131b.<\/strong><\/p>\n<p>\u0130slam \u018fm\u0259kda\u015fl\u0131q T\u0259\u015fkilat\u0131n\u0131n Ombudsmanlar Assosiasiyas\u0131n\u0131n prezidenti, T&uuml;rkiy\u0259nin Ba\u015f ombudsman\u0131 \u015e\u0259r\u0259f Malko&ccedil;un r\u0259hb\u0259rlik etdiyi n&uuml;may\u0259nd\u0259 hey\u0259ti sentyabr\u0131n 16-da \u015eu\u015fa \u015f\u0259h\u0259rin\u0259 g\u0259lib.<\/p>\n<p>Assosiasiyan\u0131n Ba\u015f katibinin m&uuml;\u015faviri Muhammad Javed Ghaninin d\u0259 daxil oldu\u011fu n&uuml;may\u0259nd\u0259 hey\u0259ti Erm\u0259nistan\u0131n Az\u0259rbaycan xalq\u0131na m\u0259xsus tarixi v\u0259 m\u0259d\u0259ni abid\u0259l\u0259ri da\u011f\u0131tmas\u0131 v\u0259 m\u0259hv etm\u0259si bar\u0259d\u0259 faktlarla yerind\u0259 tan\u0131\u015f olacaq.<\/p>\n<p>Faktara\u015fd\u0131r\u0131c\u0131 missiya ombudsman S\u0259bin\u0259 \u018fliyeva v\u0259 Aparat\u0131n \u0259m\u0259kda\u015flar\u0131 il\u0259 birg\u0259 h\u0259yata ke&ccedil;irilir.<\/p>\n","protected":false},"excerpt":{"rendered":"<p>Az\u0259rbaycan Respublikas\u0131n\u0131n \u0130nsan H&uuml;quqlar\u0131 &uuml;zr\u0259 m&uuml;v\u0259kkilinin d\u0259v\u0259ti il\u0259 &ouml;lk\u0259miz\u0259 g\u0259l\u0259n \u0130slam \u018fm\u0259kda\u015fl\u0131q T\u0259\u015fkilat\u0131n\u0131n Ombudsmanlar Assosiasiyas\u0131n\u0131n (\u0130\u018fT OA) n&uuml;may\u0259nd\u0259 hey\u0259tinin i\u015f\u011faldan azad edilmi\u015f \u0259razil\u0259r\u0259 faktara\u015fd\u0131r\u0131c\u0131 s\u0259f\u0259rl\u0259ri ba\u015flay\u0131b. \u0130slam \u018fm\u0259kda\u015fl\u0131q T\u0259\u015fkilat\u0131n\u0131n Ombudsmanlar&hellip;<\/p>\n","protected":false},"author":1,"featured_media":251278,"comment_status":"open","ping_status":"open","sticky":false,"template":"","format":"standard","meta":{"_lmt_disableupdate":"","_lmt_disable":"","footnotes":""},"categories":[91],"tags":[],"class_list":["post-129319","post","type-post","status-publish","format-standard","has-post-thumbnail","hentry","category-olkeici"],"_links":{"self":[{"href":"https:\/\/ucnoqta.az\/index.php?rest_route=\/wp\/v2\/posts\/129319","targetHints":{"allow":["GET"]}}],"collection":[{"href":"https:\/\/ucnoqta.az\/index.php?rest_route=\/wp\/v2\/posts"}],"about":[{"href":"https:\/\/ucnoqta.az\/index.php?rest_route=\/wp\/v2\/types\/post"}],"author":[{"embeddable":true,"href":"https:\/\/ucnoqta.az\/index.php?rest_route=\/wp\/v2\/users\/1"}],"replies":[{"embeddable":true,"href":"https:\/\/ucnoqta.az\/index.php?rest_route=%2Fwp%2Fv2%2Fcomments&post=129319"}],"version-history":[{"count":0,"href":"https:\/\/ucnoqta.az\/index.php?rest_route=\/wp\/v2\/posts\/129319\/revisions"}],"wp:featuredmedia":[{"embeddable":true,"href":"https:\/\/ucnoqta.az\/index.php?rest_route=\/wp\/v2\/media\/251278"}],"wp:attachment":[{"href":"https:\/\/ucnoqta.az\/index.php?rest_route=%2Fwp%2Fv2%2Fmedia&parent=129319"}],"wp:term":[{"taxonomy":"category","embeddable":true,"href":"https:\/\/ucnoqta.az\/index.php?rest_route=%2Fwp%2Fv2%2Fcategories&post=129319"},{"taxonomy":"post_tag","embeddable":true,"href":"https:\/\/ucnoqta.az\/index.php?rest_route=%2Fwp%2Fv2%2Ftags&post=129319"}],"curies":[{"name":"wp","href":"https:\/\/api.w.org\/{rel}","templated":true}]}}