{"id":128827,"date":"2021-09-10T17:01:39","date_gmt":"2021-09-10T13:01:39","guid":{"rendered":""},"modified":"-0001-11-30T00:00:00","modified_gmt":"-0001-11-29T20:00:00","slug":"","status":"publish","type":"post","link":"https:\/\/ucnoqta.az\/?p=128827","title":{"rendered":"Mikay\u0131l Abdullayevin 100 illik yubileyi qeyd edil\u0259c\u0259k"},"content":{"rendered":"<p><strong>Prezident \u0130lham \u018fliyev Mikay\u0131l Abdullayevin 100 illik yubileyinin qeyd edilm\u0259si haqq\u0131nda s\u0259r\u0259ncam imzalay\u0131b.<\/strong><\/p>\n<p>Ucnoqta.az&nbsp;s\u0259r\u0259ncam\u0131n m\u0259tnini t\u0259qdim edir:<br \/>\n&quot;2021-ci ilin dekabr ay\u0131nda Az\u0259rbaycan t\u0259sviri s\u0259n\u0259tinin g&ouml;rk\u0259mli n&uuml;may\u0259nd\u0259si, SSR\u0130 v\u0259 Az\u0259rbaycan Respublikas\u0131n\u0131n Xalq r\u0259ssam\u0131, SSR\u0130 R\u0259ssaml\u0131q Akademiyas\u0131n\u0131n akademiki, D&ouml;vl\u0259t M&uuml;kafat\u0131 laureat\u0131, professor Mikay\u0131l H&uuml;seyn o\u011flu Abdullayevin anadan olmas\u0131n\u0131n 100 ili tamam olur.<\/p>\n<p>Mikay\u0131l Abdullayev parlaq \u0259n\u0259n\u0259l\u0259r\u0259 malik Az\u0259rbaycan r\u0259ssaml\u0131q m\u0259kt\u0259binin b&ouml;y&uuml;k simalar\u0131ndand\u0131r. Onun t\u0259sviri s\u0259n\u0259tin \u0259n m&uuml;xt\u0259lif sah\u0259l\u0259rini \u0259hat\u0259 ed\u0259n koloritli yarad\u0131c\u0131l\u0131\u011f\u0131 xalq\u0131m\u0131z\u0131n m\u0259d\u0259ni s\u0259rv\u0259tl\u0259r x\u0259zin\u0259sind\u0259 &ouml;z&uuml;n\u0259m\u0259xsus layiqli yer tutur. S\u0259n\u0259tkar &ccedil;oxsayl\u0131 tematik l&ouml;vh\u0259, m\u0259nz\u0259r\u0259 v\u0259 nat&uuml;rmortlar\u0131nda do\u011fma t\u0259bi\u0259tin g&ouml;z\u0259llikl\u0259rini, insanlar\u0131n quruculuq \u0259zmini v\u0259 m\u0259n\u0259vi z\u0259nginliyi inc\u0259 r\u0259ng &ccedil;alarlar\u0131 il\u0259 t\u0259r\u0259nn&uuml;m etmi\u015f, dahi Nizaminin &ldquo;X\u0259ms\u0259&rdquo;sinin motivl\u0259ri \u0259sas\u0131nda monumental r\u0259ngkarl\u0131\u011f\u0131n b\u0259nz\u0259rsiz n&uuml;mun\u0259l\u0259rini yaratm\u0131\u015fd\u0131r. Az\u0259rbaycan \u0259d\u0259biyyat\u0131na d\u0259rin m\u0259h\u0259bb\u0259tl\u0259 \u0259rs\u0259y\u0259 g\u0259tirdiyi silsil\u0259 portretl\u0259r v\u0259 klassik \u0259d\u0259bi \u0259s\u0259rl\u0259r\u0259 &ccedil;\u0259kdiyi parlaq ill&uuml;strasiyalar r\u0259ssam\u0131n \u015e\u0259rq v\u0259 Q\u0259rb inc\u0259s\u0259n\u0259tinin m&uuml;t\u0259r\u0259qqi \u0259n\u0259n\u0259l\u0259rinin qovu\u015fu\u011funda formala\u015fd\u0131rd\u0131\u011f\u0131 yeni d\u0259st-x\u0259ttin dol\u011fun ifad\u0259sidir. D&uuml;nyan\u0131n n&uuml;fuzlu s\u0259rgi salonlar\u0131nda, muzey v\u0259 qalereyalar\u0131nda u\u011furla n&uuml;mayi\u015f etdiril\u0259n \u0259s\u0259rl\u0259ri Mikay\u0131l Abdullayevi fitri istedad sahibi kimi tan\u0131tm\u0131\u015fd\u0131r&quot;.<\/p>\n<p>S\u0259r\u0259ncama \u0259sas\u0259n, M\u0259d\u0259niyy\u0259t Nazirliyi, Az\u0259rbaycan R\u0259ssamlar \u0130ttifaq\u0131n\u0131n t\u0259klifl\u0259rini n\u0259z\u0259r\u0259 almaqla, Xalq r\u0259ssam\u0131 Mikay\u0131l Abdullayevin 100 illik yubileyi il\u0259 \u0259laq\u0259dar t\u0259dbirl\u0259r plan\u0131 haz\u0131rlay\u0131b h\u0259yata ke&ccedil;irm\u0259lidir.<\/p>\n<p>Nazirl\u0259r Kabineti bu S\u0259r\u0259ncamdan ir\u0259li g\u0259l\u0259n m\u0259s\u0259l\u0259l\u0259ri h\u0259ll etm\u0259lidir.<\/p>\n","protected":false},"excerpt":{"rendered":"<p>Prezident \u0130lham \u018fliyev Mikay\u0131l Abdullayevin 100 illik yubileyinin qeyd edilm\u0259si haqq\u0131nda s\u0259r\u0259ncam imzalay\u0131b. Ucnoqta.az&nbsp;s\u0259r\u0259ncam\u0131n m\u0259tnini t\u0259qdim edir: &quot;2021-ci ilin dekabr ay\u0131nda Az\u0259rbaycan t\u0259sviri s\u0259n\u0259tinin g&ouml;rk\u0259mli n&uuml;may\u0259nd\u0259si, SSR\u0130 v\u0259 Az\u0259rbaycan Respublikas\u0131n\u0131n&hellip;<\/p>\n","protected":false},"author":1,"featured_media":251278,"comment_status":"open","ping_status":"open","sticky":false,"template":"","format":"standard","meta":{"_lmt_disableupdate":"","_lmt_disable":"","footnotes":""},"categories":[],"tags":[],"class_list":["post-128827","post","type-post","status-publish","format-standard","has-post-thumbnail","hentry"],"_links":{"self":[{"href":"https:\/\/ucnoqta.az\/index.php?rest_route=\/wp\/v2\/posts\/128827","targetHints":{"allow":["GET"]}}],"collection":[{"href":"https:\/\/ucnoqta.az\/index.php?rest_route=\/wp\/v2\/posts"}],"about":[{"href":"https:\/\/ucnoqta.az\/index.php?rest_route=\/wp\/v2\/types\/post"}],"author":[{"embeddable":true,"href":"https:\/\/ucnoqta.az\/index.php?rest_route=\/wp\/v2\/users\/1"}],"replies":[{"embeddable":true,"href":"https:\/\/ucnoqta.az\/index.php?rest_route=%2Fwp%2Fv2%2Fcomments&post=128827"}],"version-history":[{"count":0,"href":"https:\/\/ucnoqta.az\/index.php?rest_route=\/wp\/v2\/posts\/128827\/revisions"}],"wp:featuredmedia":[{"embeddable":true,"href":"https:\/\/ucnoqta.az\/index.php?rest_route=\/wp\/v2\/media\/251278"}],"wp:attachment":[{"href":"https:\/\/ucnoqta.az\/index.php?rest_route=%2Fwp%2Fv2%2Fmedia&parent=128827"}],"wp:term":[{"taxonomy":"category","embeddable":true,"href":"https:\/\/ucnoqta.az\/index.php?rest_route=%2Fwp%2Fv2%2Fcategories&post=128827"},{"taxonomy":"post_tag","embeddable":true,"href":"https:\/\/ucnoqta.az\/index.php?rest_route=%2Fwp%2Fv2%2Ftags&post=128827"}],"curies":[{"name":"wp","href":"https:\/\/api.w.org\/{rel}","templated":true}]}}