{"id":128822,"date":"2021-09-10T16:42:29","date_gmt":"2021-09-10T12:42:29","guid":{"rendered":""},"modified":"-0001-11-30T00:00:00","modified_gmt":"-0001-11-29T20:00:00","slug":"","status":"publish","type":"post","link":"https:\/\/ucnoqta.az\/?p=128822","title":{"rendered":"A\u0130-nin yeni s\u0259firi Az\u0259rbaycana g\u0259ldi"},"content":{"rendered":"<p><strong>Avropa \u0130ttifaq\u0131n\u0131n (A\u0130) Az\u0259rbaycandak\u0131 n&uuml;may\u0259nd\u0259liyinin yeni r\u0259hb\u0259ri, s\u0259fir Petr Mixalko Bak\u0131ya g\u0259lib.<\/strong><\/p>\n<p>Bu bar\u0259d\u0259 A\u0130-nin Az\u0259rbaycandak\u0131 n&uuml;may\u0259nd\u0259liyi m\u0259lumat yay\u0131b.<br \/>\nDiplomat etimadnam\u0259sini Az\u0259rbaycan Prezidenti \u0130lham \u018fliyev\u0259 t\u0259qdim etdikd\u0259n sonra v\u0259zif\u0259sinin icras\u0131na ba\u015flayacaq.<\/p>\n<p>Xat\u0131rladaq ki, avqustun 4-d\u0259 A\u0130-nin xarici siyas\u0259t v\u0259 t\u0259hl&uuml;k\u0259sizlik m\u0259s\u0259l\u0259l\u0259ri &uuml;zr\u0259 ali n&uuml;may\u0259nd\u0259si Jozep Borrel slovakiyal\u0131 diplomat Petr Mixalkonun A\u0130-nin Az\u0259rbaycandak\u0131 s\u0259firi v\u0259zif\u0259sin\u0259 t\u0259yin edildiyini bildirmi\u015fdi.<\/p>\n<p>P.Mixalko bundan &ouml;nc\u0259 Avropa \u0130ttifaq\u0131n\u0131n Moldova Respublikas\u0131ndak\u0131 n&uuml;may\u0259nd\u0259liyinin r\u0259hb\u0259ri, daha \u0259vv\u0259l is\u0259 Slovakiyan\u0131n Yunan\u0131standak\u0131 s\u0259firi olub.<\/p>\n","protected":false},"excerpt":{"rendered":"<p>Avropa \u0130ttifaq\u0131n\u0131n (A\u0130) Az\u0259rbaycandak\u0131 n&uuml;may\u0259nd\u0259liyinin yeni r\u0259hb\u0259ri, s\u0259fir Petr Mixalko Bak\u0131ya g\u0259lib. Bu bar\u0259d\u0259 A\u0130-nin Az\u0259rbaycandak\u0131 n&uuml;may\u0259nd\u0259liyi m\u0259lumat yay\u0131b. Diplomat etimadnam\u0259sini Az\u0259rbaycan Prezidenti \u0130lham \u018fliyev\u0259 t\u0259qdim etdikd\u0259n sonra v\u0259zif\u0259sinin icras\u0131na&hellip;<\/p>\n","protected":false},"author":1,"featured_media":251278,"comment_status":"open","ping_status":"open","sticky":false,"template":"","format":"standard","meta":{"_lmt_disableupdate":"","_lmt_disable":"","footnotes":""},"categories":[86],"tags":[],"class_list":["post-128822","post","type-post","status-publish","format-standard","has-post-thumbnail","hentry","category-siyaset"],"_links":{"self":[{"href":"https:\/\/ucnoqta.az\/index.php?rest_route=\/wp\/v2\/posts\/128822","targetHints":{"allow":["GET"]}}],"collection":[{"href":"https:\/\/ucnoqta.az\/index.php?rest_route=\/wp\/v2\/posts"}],"about":[{"href":"https:\/\/ucnoqta.az\/index.php?rest_route=\/wp\/v2\/types\/post"}],"author":[{"embeddable":true,"href":"https:\/\/ucnoqta.az\/index.php?rest_route=\/wp\/v2\/users\/1"}],"replies":[{"embeddable":true,"href":"https:\/\/ucnoqta.az\/index.php?rest_route=%2Fwp%2Fv2%2Fcomments&post=128822"}],"version-history":[{"count":0,"href":"https:\/\/ucnoqta.az\/index.php?rest_route=\/wp\/v2\/posts\/128822\/revisions"}],"wp:featuredmedia":[{"embeddable":true,"href":"https:\/\/ucnoqta.az\/index.php?rest_route=\/wp\/v2\/media\/251278"}],"wp:attachment":[{"href":"https:\/\/ucnoqta.az\/index.php?rest_route=%2Fwp%2Fv2%2Fmedia&parent=128822"}],"wp:term":[{"taxonomy":"category","embeddable":true,"href":"https:\/\/ucnoqta.az\/index.php?rest_route=%2Fwp%2Fv2%2Fcategories&post=128822"},{"taxonomy":"post_tag","embeddable":true,"href":"https:\/\/ucnoqta.az\/index.php?rest_route=%2Fwp%2Fv2%2Ftags&post=128822"}],"curies":[{"name":"wp","href":"https:\/\/api.w.org\/{rel}","templated":true}]}}