{"id":128820,"date":"2021-09-10T16:30:35","date_gmt":"2021-09-10T12:30:35","guid":{"rendered":""},"modified":"-0001-11-30T00:00:00","modified_gmt":"-0001-11-29T20:00:00","slug":"","status":"publish","type":"post","link":"https:\/\/ucnoqta.az\/?p=128820","title":{"rendered":"Bu \u015f\u0259xsl\u0259r YAP-dak\u0131 v\u0259zif\u0259l\u0259rind\u0259n azad edildil\u0259r"},"content":{"rendered":"<p><strong>Bu g&uuml;n Yeni Az\u0259rbaycan Partiyas\u0131n\u0131n (YAP) \u0130dar\u0259 Hey\u0259tinin iclas\u0131 ke&ccedil;irilib.<\/strong><\/p>\n<p>Ucnoqta.az x\u0259b\u0259r verir ki, iclasda YAP-\u0131n Bak\u0131 \u015f\u0259h\u0259ri &uuml;zr\u0259 rayon t\u0259\u015fkilatlar\u0131na yeni s\u0259drl\u0259r t\u0259yin edilib.<br \/>\nBel\u0259 ki, iclasda S\u0259bail rayon t\u0259\u015fkilat\u0131n\u0131n s\u0259dri \u015e\u0259ms\u0259ddin Hac\u0131yev, Yasamal rayon t\u0259\u015fkilat\u0131n\u0131n s\u0259dri Ta\u011f\u0131 \u018fhm\u0259dov, N\u0259simi rayon t\u0259\u015fkilat\u0131n\u0131n s\u0259dri deputat M\u0259lah\u0259t \u0130brahimq\u0131z\u0131, Qarada\u011f rayon t\u0259\u015fkilat\u0131n\u0131n s\u0259dri, deputat Ayd\u0131n H&uuml;seynov, Nizami rayon t\u0259\u015fkilat\u0131n\u0131n s\u0259dri, deputat S\u0259daq\u0259t V\u0259liyeva, Bin\u0259q\u0259di rayon t\u0259\u015fkilat\u0131n\u0131n s\u0259dri Ramiz G&ouml;y&uuml;\u015fov, Pirallah\u0131 rayon t\u0259\u015fkilat\u0131n\u0131n s\u0259dri Hikm\u0259t \u015eikarov, N\u0259rimanov rayon t\u0259\u015fkilat\u0131n\u0131n s\u0259dri T\u0259mraz Ta\u011f\u0131yev, Sabun&ccedil;u rayon t\u0259\u015fkilat\u0131n\u0131n s\u0259dri Mehriban Abasquliyeva yenid\u0259n h\u0259min v\u0259zif\u0259y\u0259 t\u0259yin edilm\u0259yibl\u0259r.<\/p>\n<p>S\u0259bail rayon t\u0259\u015fkilat\u0131n\u0131n s\u0259drliyin\u0259 Na\u011f\u0131yev Muxtar Teymur o\u011flu, N\u0259simi rayon t\u0259\u015fkilat\u0131n\u0131n s\u0259drliyin\u0259 S&uuml;leymanov Az\u0259r Abdul o\u011flu, Yasamal rayon t\u0259\u015fkilat\u0131n\u0131n s\u0259drliyin\u0259 N\u0259biyev B\u0259xtiyar Eyvaz o\u011flu, N\u0259rimanov rayon t\u0259\u015fkilat\u0131n\u0131n s\u0259drliyin\u0259 V\u0259liyev Samir \u018fhm\u0259d o\u011flu, X\u0259tai rayon t\u0259\u015fkilat\u0131n\u0131n s\u0259drliyin\u0259 R\u0259himzad\u0259 V&uuml;qar G\u0259nc\u0259li o\u011flu, Nizami rayon t\u0259\u015fkilat\u0131n\u0131n s\u0259drliyin\u0259 V\u0259lib\u0259yov Ramil Vaqif o\u011flu, Bin\u0259q\u0259di rayon t\u0259\u015fkilat\u0131n\u0131n s\u0259drliyin\u0259 \u0130smay\u0131lov V&uuml;sar Q\u0259\u015f\u0259m o\u011flu, Sabun&ccedil;u rayon t\u0259\u015fkilat\u0131n\u0131n s\u0259drliyin\u0259 V\u0259liyev Misirxan \u0130zz\u0259t o\u011flu, Suraxan\u0131 rayon t\u0259\u015fkilat\u0131n\u0131n s\u0259drliyin\u0259 Seyidov V&uuml;qar S\u0259m\u0259nd\u0259r o\u011flu, X\u0259z\u0259r rayon t\u0259\u015fkilat\u0131n\u0131n s\u0259drliyin\u0259 \u018fhm\u0259dov Namiq M\u0259cid o\u011flu, Qarada\u011f rayon t\u0259\u015fkilat\u0131n\u0131n s\u0259drliyin\u0259 \u018fliyev Qafar M\u0259mm\u0259d o\u011flu, Pirallah\u0131 rayon t\u0259\u015fkilat\u0131n\u0131n s\u0259drliyin\u0259 Abasov Emil Tofiq o\u011flu t\u0259yin edilib.<\/p>\n","protected":false},"excerpt":{"rendered":"<p>Bu g&uuml;n Yeni Az\u0259rbaycan Partiyas\u0131n\u0131n (YAP) \u0130dar\u0259 Hey\u0259tinin iclas\u0131 ke&ccedil;irilib. Ucnoqta.az x\u0259b\u0259r verir ki, iclasda YAP-\u0131n Bak\u0131 \u015f\u0259h\u0259ri &uuml;zr\u0259 rayon t\u0259\u015fkilatlar\u0131na yeni s\u0259drl\u0259r t\u0259yin edilib. Bel\u0259 ki, iclasda S\u0259bail rayon&hellip;<\/p>\n","protected":false},"author":1,"featured_media":251278,"comment_status":"open","ping_status":"open","sticky":false,"template":"","format":"standard","meta":{"_lmt_disableupdate":"","_lmt_disable":"","footnotes":""},"categories":[],"tags":[],"class_list":["post-128820","post","type-post","status-publish","format-standard","has-post-thumbnail","hentry"],"_links":{"self":[{"href":"https:\/\/ucnoqta.az\/index.php?rest_route=\/wp\/v2\/posts\/128820","targetHints":{"allow":["GET"]}}],"collection":[{"href":"https:\/\/ucnoqta.az\/index.php?rest_route=\/wp\/v2\/posts"}],"about":[{"href":"https:\/\/ucnoqta.az\/index.php?rest_route=\/wp\/v2\/types\/post"}],"author":[{"embeddable":true,"href":"https:\/\/ucnoqta.az\/index.php?rest_route=\/wp\/v2\/users\/1"}],"replies":[{"embeddable":true,"href":"https:\/\/ucnoqta.az\/index.php?rest_route=%2Fwp%2Fv2%2Fcomments&post=128820"}],"version-history":[{"count":0,"href":"https:\/\/ucnoqta.az\/index.php?rest_route=\/wp\/v2\/posts\/128820\/revisions"}],"wp:featuredmedia":[{"embeddable":true,"href":"https:\/\/ucnoqta.az\/index.php?rest_route=\/wp\/v2\/media\/251278"}],"wp:attachment":[{"href":"https:\/\/ucnoqta.az\/index.php?rest_route=%2Fwp%2Fv2%2Fmedia&parent=128820"}],"wp:term":[{"taxonomy":"category","embeddable":true,"href":"https:\/\/ucnoqta.az\/index.php?rest_route=%2Fwp%2Fv2%2Fcategories&post=128820"},{"taxonomy":"post_tag","embeddable":true,"href":"https:\/\/ucnoqta.az\/index.php?rest_route=%2Fwp%2Fv2%2Ftags&post=128820"}],"curies":[{"name":"wp","href":"https:\/\/api.w.org\/{rel}","templated":true}]}}