{"id":128816,"date":"2021-09-10T15:43:22","date_gmt":"2021-09-10T11:43:22","guid":{"rendered":""},"modified":"-0001-11-30T00:00:00","modified_gmt":"-0001-11-29T20:00:00","slug":"","status":"publish","type":"post","link":"https:\/\/ucnoqta.az\/?p=128816","title":{"rendered":"YAP-\u0131n bu rayon t\u0259\u015fkilatlar\u0131na yeni s\u0259drl\u0259r t\u0259yin olunub &#8211; <font color=red><b>S\u0130YAHI<\/b><\/font>"},"content":{"rendered":"<p><strong>Yeni Az\u0259rbaycan Partiyas\u0131 (YAP) Bak\u0131 rayon t\u0259\u015fkilatlar\u0131na yeni s\u0259drl\u0259r t\u0259yin olunub.<\/strong><\/p>\n<p>YAP \u0130dar\u0259 Hey\u0259tinin bu g&uuml;n ke&ccedil;irilmi\u015f iclas\u0131nda Muxtar Na\u011f\u0131yevin S\u0259bail rayon t\u0259\u015fkilat\u0131n\u0131n,<br \/>\nAz\u0259r S&uuml;leymanovun N\u0259simi rayon t\u0259\u015fkilat\u0131n\u0131n,<br \/>\nQafar \u018fliyevin Qarada\u011f rayon t\u0259\u015fkilat\u0131n\u0131n,<br \/>\nRamin V\u0259lib\u0259ylinin Nizami rayon t\u0259\u015fkilat\u0131n\u0131n,<br \/>\nB\u0259xtiyar N\u0259biyev Yasamal rayon t\u0259\u015fkilat\u0131n\u0131n,<br \/>\nNamiq \u018fhm\u0259dovun X\u0259z\u0259r rayon t\u0259\u015fkilat\u0131n\u0131n,<br \/>\nV&uuml;qar Seyidlinin Suraxan\u0131 rayon t\u0259\u015fkilat\u0131n\u0131n,<br \/>\nSamir V\u0259liyevin N\u0259rimanov rayon t\u0259\u015fkilat\u0131n\u0131n,<br \/>\nV&uuml;qar R\u0259himzad\u0259nin X\u0259tai rayon t\u0259\u015fkilat\u0131n\u0131n,<br \/>\nV&uuml;sar \u0130smay\u0131lovun Bin\u0259q\u0259di rayon t\u0259\u015fkilat\u0131n\u0131n s\u0259dri t\u0259yin olunmas\u0131 bar\u0259d\u0259 q\u0259rar q\u0259bul edilib.\/\/\/apa<\/p>\n","protected":false},"excerpt":{"rendered":"<p>Yeni Az\u0259rbaycan Partiyas\u0131 (YAP) Bak\u0131 rayon t\u0259\u015fkilatlar\u0131na yeni s\u0259drl\u0259r t\u0259yin olunub. YAP \u0130dar\u0259 Hey\u0259tinin bu g&uuml;n ke&ccedil;irilmi\u015f iclas\u0131nda Muxtar Na\u011f\u0131yevin S\u0259bail rayon t\u0259\u015fkilat\u0131n\u0131n, Az\u0259r S&uuml;leymanovun N\u0259simi rayon t\u0259\u015fkilat\u0131n\u0131n, Qafar \u018fliyevin&hellip;<\/p>\n","protected":false},"author":1,"featured_media":251278,"comment_status":"open","ping_status":"open","sticky":false,"template":"","format":"standard","meta":{"_lmt_disableupdate":"","_lmt_disable":"","footnotes":""},"categories":[],"tags":[],"class_list":["post-128816","post","type-post","status-publish","format-standard","has-post-thumbnail","hentry"],"_links":{"self":[{"href":"https:\/\/ucnoqta.az\/index.php?rest_route=\/wp\/v2\/posts\/128816","targetHints":{"allow":["GET"]}}],"collection":[{"href":"https:\/\/ucnoqta.az\/index.php?rest_route=\/wp\/v2\/posts"}],"about":[{"href":"https:\/\/ucnoqta.az\/index.php?rest_route=\/wp\/v2\/types\/post"}],"author":[{"embeddable":true,"href":"https:\/\/ucnoqta.az\/index.php?rest_route=\/wp\/v2\/users\/1"}],"replies":[{"embeddable":true,"href":"https:\/\/ucnoqta.az\/index.php?rest_route=%2Fwp%2Fv2%2Fcomments&post=128816"}],"version-history":[{"count":0,"href":"https:\/\/ucnoqta.az\/index.php?rest_route=\/wp\/v2\/posts\/128816\/revisions"}],"wp:featuredmedia":[{"embeddable":true,"href":"https:\/\/ucnoqta.az\/index.php?rest_route=\/wp\/v2\/media\/251278"}],"wp:attachment":[{"href":"https:\/\/ucnoqta.az\/index.php?rest_route=%2Fwp%2Fv2%2Fmedia&parent=128816"}],"wp:term":[{"taxonomy":"category","embeddable":true,"href":"https:\/\/ucnoqta.az\/index.php?rest_route=%2Fwp%2Fv2%2Fcategories&post=128816"},{"taxonomy":"post_tag","embeddable":true,"href":"https:\/\/ucnoqta.az\/index.php?rest_route=%2Fwp%2Fv2%2Ftags&post=128816"}],"curies":[{"name":"wp","href":"https:\/\/api.w.org\/{rel}","templated":true}]}}