{"id":128809,"date":"2021-09-10T15:15:37","date_gmt":"2021-09-10T11:15:37","guid":{"rendered":""},"modified":"-0001-11-30T00:00:00","modified_gmt":"-0001-11-29T20:00:00","slug":"","status":"publish","type":"post","link":"https:\/\/ucnoqta.az\/?p=128809","title":{"rendered":"Sayt r\u0259hb\u0259ri Ramiz G\u00f6y\u00fc\u015fovdan r\u00fc\u015fv\u0259t alark\u0259n saxlan\u0131l\u0131b &#8211; <font color=red><b>T\u018fF\u018fRR\u00dcAT<\/b><\/font>"},"content":{"rendered":"<p><strong>&quot;Azadinfo.az&quot; sayt\u0131n\u0131n r\u0259hb\u0259ri Mahir X\u0259ttab r&uuml;\u015fv\u0259t alark\u0259n yaxalan\u0131b.<\/strong><\/p>\n<p>Ucnoqta.az x\u0259b\u0259r verir ki,&nbsp;bu bar\u0259d\u0259&nbsp;Trend-\u0259 Mahir X\u0259ttab\u0131n v\u0259kili Mehman Muradl\u0131 deyib.<br \/>\nV\u0259kil bildirib ki, Mahir X\u0259ttabla g&ouml;r&uuml;\u015f&uuml;b v\u0259 faktla ba\u011fl\u0131 maraqlan\u0131b. Sayt r\u0259hb\u0259ri etiraf edib ki, Yeni Az\u0259rbaycan Partiyas\u0131n\u0131n Bin\u0259q\u0259di rayon \u015f&ouml;b\u0259sinin ke&ccedil;mi\u015f s\u0259dri Ramiz G&ouml;y&uuml;\u015fovdan 2 min manat alark\u0259n Ba\u015f prokuror yan\u0131nda Korrupsiyaya Qar\u015f\u0131 M&uuml;bariz\u0259 Ba\u015f \u0130dar\u0259si \u0259m\u0259kda\u015flar\u0131 t\u0259r\u0259find\u0259n saxlan\u0131l\u0131b. Haz\u0131rda Mahir X\u0259ttab bar\u0259sind\u0259 h\u0259bs q\u0259timkan t\u0259dbirinin se&ccedil;ilm\u0259si m\u0259qs\u0259dil\u0259 Bin\u0259q\u0259di rayon M\u0259hk\u0259m\u0259sin\u0259 apar\u0131l\u0131r.<\/p>\n<p>V\u0259kil bildirib ki, M.X\u0259ttab bar\u0259sind\u0259 h\u0259bs q\u0259timkan t\u0259dbiri se&ccedil;il\u0259c\u0259yi t\u0259qdird\u0259 m\u0259hk\u0259m\u0259nin q\u0259rar\u0131ndan apellyasiya \u015fikay\u0259ti ver\u0259c\u0259k.<\/p>\n<p>Xat\u0131rladaq ki, &quot;Azadinfo.az&quot; saty\u0131n\u0131n r\u0259hb\u0259ri Mahir \u018fl\u0259kb\u0259rli (X\u0259ttab) sentyabr\u0131n 9-da ax\u015fam saatlar\u0131nda saxlan\u0131l\u0131b.<\/p>\n","protected":false},"excerpt":{"rendered":"<p>&quot;Azadinfo.az&quot; sayt\u0131n\u0131n r\u0259hb\u0259ri Mahir X\u0259ttab r&uuml;\u015fv\u0259t alark\u0259n yaxalan\u0131b. Ucnoqta.az x\u0259b\u0259r verir ki,&nbsp;bu bar\u0259d\u0259&nbsp;Trend-\u0259 Mahir X\u0259ttab\u0131n v\u0259kili Mehman Muradl\u0131 deyib. V\u0259kil bildirib ki, Mahir X\u0259ttabla g&ouml;r&uuml;\u015f&uuml;b v\u0259 faktla ba\u011fl\u0131 maraqlan\u0131b. Sayt&hellip;<\/p>\n","protected":false},"author":1,"featured_media":251278,"comment_status":"open","ping_status":"open","sticky":false,"template":"","format":"standard","meta":{"_lmt_disableupdate":"","_lmt_disable":"","footnotes":""},"categories":[],"tags":[],"class_list":["post-128809","post","type-post","status-publish","format-standard","has-post-thumbnail","hentry"],"_links":{"self":[{"href":"https:\/\/ucnoqta.az\/index.php?rest_route=\/wp\/v2\/posts\/128809","targetHints":{"allow":["GET"]}}],"collection":[{"href":"https:\/\/ucnoqta.az\/index.php?rest_route=\/wp\/v2\/posts"}],"about":[{"href":"https:\/\/ucnoqta.az\/index.php?rest_route=\/wp\/v2\/types\/post"}],"author":[{"embeddable":true,"href":"https:\/\/ucnoqta.az\/index.php?rest_route=\/wp\/v2\/users\/1"}],"replies":[{"embeddable":true,"href":"https:\/\/ucnoqta.az\/index.php?rest_route=%2Fwp%2Fv2%2Fcomments&post=128809"}],"version-history":[{"count":0,"href":"https:\/\/ucnoqta.az\/index.php?rest_route=\/wp\/v2\/posts\/128809\/revisions"}],"wp:featuredmedia":[{"embeddable":true,"href":"https:\/\/ucnoqta.az\/index.php?rest_route=\/wp\/v2\/media\/251278"}],"wp:attachment":[{"href":"https:\/\/ucnoqta.az\/index.php?rest_route=%2Fwp%2Fv2%2Fmedia&parent=128809"}],"wp:term":[{"taxonomy":"category","embeddable":true,"href":"https:\/\/ucnoqta.az\/index.php?rest_route=%2Fwp%2Fv2%2Fcategories&post=128809"},{"taxonomy":"post_tag","embeddable":true,"href":"https:\/\/ucnoqta.az\/index.php?rest_route=%2Fwp%2Fv2%2Ftags&post=128809"}],"curies":[{"name":"wp","href":"https:\/\/api.w.org\/{rel}","templated":true}]}}