{"id":128803,"date":"2021-09-10T18:24:54","date_gmt":"2021-09-10T14:24:54","guid":{"rendered":""},"modified":"-0001-11-30T00:00:00","modified_gmt":"-0001-11-29T20:00:00","slug":"","status":"publish","type":"post","link":"https:\/\/ucnoqta.az\/?p=128803","title":{"rendered":"Daha bir koronavirus x\u0259st\u0259sin\u0259 cinay\u0259t i\u015fi a\u00e7\u0131ld\u0131"},"content":{"rendered":"<p><strong>Balak\u0259n Rayon Polis \u015e&ouml;b\u0259sinin \u0259m\u0259kda\u015flar\u0131 t\u0259r\u0259find\u0259n koronavirus infeksiyas\u0131n\u0131n k&uuml;tl\u0259vi yay\u0131lmas\u0131n\u0131n qar\u015f\u0131s\u0131n\u0131n al\u0131nmas\u0131 m\u0259qs\u0259dil\u0259 h\u0259yata ke&ccedil;iril\u0259n n\u0259zar\u0259t t\u0259dbirl\u0259ri zaman\u0131 aktiv koronavirus x\u0259st\u0259si ictimai yerd\u0259 a\u015fkarlan\u0131b.<\/strong><\/p>\n<p>D\u0130N-in m\u0259tbuat xidm\u0259tinin \u015e\u0259ki regional qrupundan&nbsp;Ucnoqta.az-a veril\u0259n m\u0259lumata g&ouml;r\u0259, \u015f\u0259h\u0259r sakini Elm\u0259ddin Abdullayevin COVID-19 testinin n\u0259tic\u0259si pozitiv oldu\u011fu &uuml;&ccedil;&uuml;n o, ev \u015f\u0259raitind\u0259 m&uuml;alic\u0259y\u0259 c\u0259lb edilib.<\/p>\n<p>Lakin h\u0259min \u015f\u0259xs karantin qaydalar\u0131n\u0131 kobud \u015f\u0259kild\u0259 pozaraq ya\u015fad\u0131\u011f\u0131 &uuml;nvan\u0131 t\u0259rk edib v\u0259 \u015f\u0259h\u0259r \u0259razisind\u0259 insanlar\u0131n s\u0131x h\u0259r\u0259k\u0259td\u0259 oldu\u011fu yerd\u0259 polis \u0259m\u0259kda\u015flar\u0131 t\u0259r\u0259find\u0259n saxlan\u0131l\u0131b.<br \/>\n\u0130nfeksiya da\u015f\u0131y\u0131c\u0131s\u0131 oldu\u011funu bil\u0259-bil\u0259 ya\u015fad\u0131\u011f\u0131 &uuml;nvan\u0131 t\u0259rk ed\u0259r\u0259k dig\u0259rl\u0259rinin d\u0259 sa\u011flaml\u0131\u011f\u0131 &uuml;&ccedil;&uuml;n real t\u0259hl&uuml;k\u0259 yaradan E.Abdullayev bar\u0259sind\u0259 Balak\u0259n Rayon Polis \u015e&ouml;b\u0259sind\u0259 Cinay\u0259t M\u0259c\u0259ll\u0259sinin 139-1.1-ci (Epidemiya \u0259leyhin\u0259 rejimin, sanitariya-gigiyena v\u0259 ya karantin rejiml\u0259rinin pozulmas\u0131 x\u0259st\u0259likl\u0259rin yay\u0131lmas\u0131na s\u0259b\u0259b olduqda v\u0259 ya x\u0259st\u0259likl\u0259rin yay\u0131lmas\u0131 &uuml;&ccedil;&uuml;n real t\u0259hl&uuml;k\u0259 yaratd\u0131qda) madd\u0259si il\u0259 cinay\u0259t i\u015fi ba\u015flan\u0131l\u0131b.<\/p>\n","protected":false},"excerpt":{"rendered":"<p>Balak\u0259n Rayon Polis \u015e&ouml;b\u0259sinin \u0259m\u0259kda\u015flar\u0131 t\u0259r\u0259find\u0259n koronavirus infeksiyas\u0131n\u0131n k&uuml;tl\u0259vi yay\u0131lmas\u0131n\u0131n qar\u015f\u0131s\u0131n\u0131n al\u0131nmas\u0131 m\u0259qs\u0259dil\u0259 h\u0259yata ke&ccedil;iril\u0259n n\u0259zar\u0259t t\u0259dbirl\u0259ri zaman\u0131 aktiv koronavirus x\u0259st\u0259si ictimai yerd\u0259 a\u015fkarlan\u0131b. D\u0130N-in m\u0259tbuat xidm\u0259tinin \u015e\u0259ki regional qrupundan&nbsp;Ucnoqta.az-a&hellip;<\/p>\n","protected":false},"author":1,"featured_media":251278,"comment_status":"open","ping_status":"open","sticky":false,"template":"","format":"standard","meta":{"_lmt_disableupdate":"","_lmt_disable":"","footnotes":""},"categories":[],"tags":[],"class_list":["post-128803","post","type-post","status-publish","format-standard","has-post-thumbnail","hentry"],"_links":{"self":[{"href":"https:\/\/ucnoqta.az\/index.php?rest_route=\/wp\/v2\/posts\/128803","targetHints":{"allow":["GET"]}}],"collection":[{"href":"https:\/\/ucnoqta.az\/index.php?rest_route=\/wp\/v2\/posts"}],"about":[{"href":"https:\/\/ucnoqta.az\/index.php?rest_route=\/wp\/v2\/types\/post"}],"author":[{"embeddable":true,"href":"https:\/\/ucnoqta.az\/index.php?rest_route=\/wp\/v2\/users\/1"}],"replies":[{"embeddable":true,"href":"https:\/\/ucnoqta.az\/index.php?rest_route=%2Fwp%2Fv2%2Fcomments&post=128803"}],"version-history":[{"count":0,"href":"https:\/\/ucnoqta.az\/index.php?rest_route=\/wp\/v2\/posts\/128803\/revisions"}],"wp:featuredmedia":[{"embeddable":true,"href":"https:\/\/ucnoqta.az\/index.php?rest_route=\/wp\/v2\/media\/251278"}],"wp:attachment":[{"href":"https:\/\/ucnoqta.az\/index.php?rest_route=%2Fwp%2Fv2%2Fmedia&parent=128803"}],"wp:term":[{"taxonomy":"category","embeddable":true,"href":"https:\/\/ucnoqta.az\/index.php?rest_route=%2Fwp%2Fv2%2Fcategories&post=128803"},{"taxonomy":"post_tag","embeddable":true,"href":"https:\/\/ucnoqta.az\/index.php?rest_route=%2Fwp%2Fv2%2Ftags&post=128803"}],"curies":[{"name":"wp","href":"https:\/\/api.w.org\/{rel}","templated":true}]}}