{"id":128798,"date":"2021-09-10T17:46:40","date_gmt":"2021-09-10T13:46:40","guid":{"rendered":""},"modified":"-0001-11-30T00:00:00","modified_gmt":"-0001-11-29T20:00:00","slug":"","status":"publish","type":"post","link":"https:\/\/ucnoqta.az\/?p=128798","title":{"rendered":"Ukrayna siyasi d\u0259st\u0259y\u0259 g\u00f6r\u0259 Az\u0259rbaycana t\u0259\u015f\u0259kk\u00fcr edib"},"content":{"rendered":"<p><strong>Ukrayna xarici i\u015fl\u0259r nazirinin birinci m&uuml;avini&nbsp;\u018fmin\u0259 Caparova&nbsp;BMT Ba\u015f Assambleyas\u0131n\u0131n iclas\u0131nda onlara d\u0259st\u0259k ver\u0259n &ouml;lk\u0259l\u0259r\u0259 t\u0259\u015f\u0259kk&uuml;r edib.<\/strong><\/p>\n<p>&ldquo;Report&rdquo;&nbsp;x\u0259b\u0259r verir ki, bu bar\u0259d\u0259 diplomat &ldquo;Twitter&rdquo; s\u0259hif\u0259sind\u0259n x\u0259b\u0259r payla\u015f\u0131b:<br \/>\n&ldquo;BMT Ba\u015f Assambleyas\u0131 Ukrayna &uuml;&ccedil;&uuml;n m&uuml;h&uuml;m olan &ldquo;Ukraynan\u0131n m&uuml;v\u0259qq\u0259ti i\u015f\u011fal olunmu\u015f \u0259razil\u0259rind\u0259ki v\u0259ziyy\u0259t\u0259 dair&rdquo; adl\u0131 b\u0259ndi q&uuml;vv\u0259d\u0259 saxlayaraq Ba\u015f Assambleyan\u0131n 76-c\u0131 sessiyas\u0131n\u0131n g&uuml;nd\u0259liyin\u0259 salmaq bar\u0259d\u0259 s\u0259s &ccedil;oxlu\u011fu il\u0259 (12 s\u0259s\u0259 qar\u015f\u0131 71 s\u0259sl\u0259, 45 bit\u0259r\u0259f olmaq \u015f\u0259rtil\u0259) q\u0259rar verib.<\/p>\n<p>Bu s\u0259sverm\u0259d\u0259 Ukraynaya v\u0259 beyn\u0259lxalq qanun&ccedil;ulu\u011fa d\u0259st\u0259k ver\u0259n b&uuml;t&uuml;n &ouml;lk\u0259l\u0259r\u0259 minn\u0259tdar\u0131q. M&uuml;v\u0259qq\u0259ti i\u015f\u011fal olunmu\u015f torpaqlardak\u0131 v\u0259ziyy\u0259t BMT BA-n\u0131n diqq\u0259t m\u0259rk\u0259zind\u0259dir. Rusiyan\u0131n \u0259m\u0259ll\u0259ri onlar\u0131n n&uuml;fuzunu sars\u0131tma\u011fa y&ouml;n\u0259lir v\u0259 q\u0131na\u011fa layiqdir&rdquo;.<\/p>\n<p>Xat\u0131rladaq ki, &ldquo;Ukraynan\u0131n m&uuml;v\u0259qq\u0259ti i\u015f\u011fal olunmu\u015f \u0259razil\u0259rind\u0259ki v\u0259ziyy\u0259t\u0259 dair&rdquo; adl\u0131 b\u0259ndi BMT Ba\u015f Assambleyas\u0131n\u0131n 76-c\u0131 sesiyas\u0131n\u0131n g&uuml;nd\u0259liyin\u0259 sal\u0131nmas\u0131na dair ke&ccedil;iril\u0259n s\u0259sverm\u0259 zaman\u0131 Az\u0259rbaycan lehin\u0259, Erm\u0259nistan is\u0259 \u0259leyhin\u0259 s\u0259s verib.<\/p>\n","protected":false},"excerpt":{"rendered":"<p>Ukrayna xarici i\u015fl\u0259r nazirinin birinci m&uuml;avini&nbsp;\u018fmin\u0259 Caparova&nbsp;BMT Ba\u015f Assambleyas\u0131n\u0131n iclas\u0131nda onlara d\u0259st\u0259k ver\u0259n &ouml;lk\u0259l\u0259r\u0259 t\u0259\u015f\u0259kk&uuml;r edib. &ldquo;Report&rdquo;&nbsp;x\u0259b\u0259r verir ki, bu bar\u0259d\u0259 diplomat &ldquo;Twitter&rdquo; s\u0259hif\u0259sind\u0259n x\u0259b\u0259r payla\u015f\u0131b: &ldquo;BMT Ba\u015f Assambleyas\u0131 Ukrayna&hellip;<\/p>\n","protected":false},"author":1,"featured_media":251278,"comment_status":"open","ping_status":"open","sticky":false,"template":"","format":"standard","meta":{"_lmt_disableupdate":"","_lmt_disable":"","footnotes":""},"categories":[89],"tags":[],"class_list":["post-128798","post","type-post","status-publish","format-standard","has-post-thumbnail","hentry","category-dunya-butun-xeberler"],"_links":{"self":[{"href":"https:\/\/ucnoqta.az\/index.php?rest_route=\/wp\/v2\/posts\/128798","targetHints":{"allow":["GET"]}}],"collection":[{"href":"https:\/\/ucnoqta.az\/index.php?rest_route=\/wp\/v2\/posts"}],"about":[{"href":"https:\/\/ucnoqta.az\/index.php?rest_route=\/wp\/v2\/types\/post"}],"author":[{"embeddable":true,"href":"https:\/\/ucnoqta.az\/index.php?rest_route=\/wp\/v2\/users\/1"}],"replies":[{"embeddable":true,"href":"https:\/\/ucnoqta.az\/index.php?rest_route=%2Fwp%2Fv2%2Fcomments&post=128798"}],"version-history":[{"count":0,"href":"https:\/\/ucnoqta.az\/index.php?rest_route=\/wp\/v2\/posts\/128798\/revisions"}],"wp:featuredmedia":[{"embeddable":true,"href":"https:\/\/ucnoqta.az\/index.php?rest_route=\/wp\/v2\/media\/251278"}],"wp:attachment":[{"href":"https:\/\/ucnoqta.az\/index.php?rest_route=%2Fwp%2Fv2%2Fmedia&parent=128798"}],"wp:term":[{"taxonomy":"category","embeddable":true,"href":"https:\/\/ucnoqta.az\/index.php?rest_route=%2Fwp%2Fv2%2Fcategories&post=128798"},{"taxonomy":"post_tag","embeddable":true,"href":"https:\/\/ucnoqta.az\/index.php?rest_route=%2Fwp%2Fv2%2Ftags&post=128798"}],"curies":[{"name":"wp","href":"https:\/\/api.w.org\/{rel}","templated":true}]}}