{"id":128797,"date":"2021-09-10T14:23:43","date_gmt":"2021-09-10T10:23:43","guid":{"rendered":""},"modified":"-0001-11-30T00:00:00","modified_gmt":"-0001-11-29T20:00:00","slug":"","status":"publish","type":"post","link":"https:\/\/ucnoqta.az\/?p=128797","title":{"rendered":"Yaqub Zuruf\u00e7unun h\u0259yat yolda\u015f\u0131 Mehriban \u018fliyevaya t\u0259\u015f\u0259kk\u00fcr etdi"},"content":{"rendered":"<p><strong>Yaqub Zuruf&ccedil;unun h\u0259yat yolda\u015f\u0131 Aynur Zuruf&ccedil;u Birinci vitse-prezident Mehriban \u018fliyevaya t\u0259\u015f\u0259kk&uuml;r edib.<\/strong><\/p>\n<p>Aynur Zuruf&ccedil;u&nbsp;a&ccedil;\u0131qlamas\u0131nda bildirib ki, koronavirusa yoluxan \u018fm\u0259kdar artist Yaqub Zuruf&ccedil;unun v\u0259ziyy\u0259ti Mehriban \u018fliyeva t\u0259r\u0259find\u0259n n\u0259zar\u0259t\u0259 g&ouml;t&uuml;r&uuml;l&uuml;b:<\/p>\n<p>&ldquo;D&uuml;n\u0259n h\u0259kimi bildirdi ki, bir-iki g&uuml;n vaxt laz\u0131md\u0131. G&ouml;r\u0259k bu m&uuml;dd\u0259t \u0259rzind\u0259 orqanizmi m&uuml;alic\u0259y\u0259 nec\u0259 reaksiya ver\u0259c\u0259k. Az\u0259rbaycan Respublikas\u0131 Prezidentinin k&ouml;m\u0259k&ccedil;isi Anar \u018fl\u0259kb\u0259rov m\u0259n\u0259 z\u0259ng vurdu. Dedi ki, biz onu s&uuml;ni t\u0259n\u0259ff&uuml;s aparat\u0131na qo\u015fmaq ist\u0259yirik. Birinci vitse-prezident Mehriban \u018fliyevan\u0131n tap\u015f\u0131r\u0131\u011f\u0131 il\u0259 xaricd\u0259n h\u0259kim d\u0259 d\u0259v\u0259t olunub. Anar \u018fl\u0259kb\u0259rov bildirdi ki, Mehriban xan\u0131mla bu m\u0259s\u0259l\u0259ni geni\u015f m&uuml;zakir\u0259 edibl\u0259r v\u0259 \u0259ll\u0259rind\u0259n g\u0259l\u0259ni ed\u0259c\u0259kl\u0259r ki, s\u0259n\u0259t&ccedil;imiz sa\u011fals\u0131n. V\u0259ziyy\u0259ti n\u0259zar\u0259t\u0259 g&ouml;t&uuml;rd&uuml;y&uuml;n\u0259 g&ouml;r\u0259, Mehriban \u018fliyevaya t\u0259\u015f\u0259kk&uuml;r edir\u0259m&rdquo;.\/\/\/Trend<\/p>\n","protected":false},"excerpt":{"rendered":"<p>Yaqub Zuruf&ccedil;unun h\u0259yat yolda\u015f\u0131 Aynur Zuruf&ccedil;u Birinci vitse-prezident Mehriban \u018fliyevaya t\u0259\u015f\u0259kk&uuml;r edib. Aynur Zuruf&ccedil;u&nbsp;a&ccedil;\u0131qlamas\u0131nda bildirib ki, koronavirusa yoluxan \u018fm\u0259kdar artist Yaqub Zuruf&ccedil;unun v\u0259ziyy\u0259ti Mehriban \u018fliyeva t\u0259r\u0259find\u0259n n\u0259zar\u0259t\u0259 g&ouml;t&uuml;r&uuml;l&uuml;b: &ldquo;D&uuml;n\u0259n h\u0259kimi&hellip;<\/p>\n","protected":false},"author":1,"featured_media":251278,"comment_status":"open","ping_status":"open","sticky":false,"template":"","format":"standard","meta":{"_lmt_disableupdate":"","_lmt_disable":"","footnotes":""},"categories":[101],"tags":[],"class_list":["post-128797","post","type-post","status-publish","format-standard","has-post-thumbnail","hentry","category-cemiyyet"],"_links":{"self":[{"href":"https:\/\/ucnoqta.az\/index.php?rest_route=\/wp\/v2\/posts\/128797","targetHints":{"allow":["GET"]}}],"collection":[{"href":"https:\/\/ucnoqta.az\/index.php?rest_route=\/wp\/v2\/posts"}],"about":[{"href":"https:\/\/ucnoqta.az\/index.php?rest_route=\/wp\/v2\/types\/post"}],"author":[{"embeddable":true,"href":"https:\/\/ucnoqta.az\/index.php?rest_route=\/wp\/v2\/users\/1"}],"replies":[{"embeddable":true,"href":"https:\/\/ucnoqta.az\/index.php?rest_route=%2Fwp%2Fv2%2Fcomments&post=128797"}],"version-history":[{"count":0,"href":"https:\/\/ucnoqta.az\/index.php?rest_route=\/wp\/v2\/posts\/128797\/revisions"}],"wp:featuredmedia":[{"embeddable":true,"href":"https:\/\/ucnoqta.az\/index.php?rest_route=\/wp\/v2\/media\/251278"}],"wp:attachment":[{"href":"https:\/\/ucnoqta.az\/index.php?rest_route=%2Fwp%2Fv2%2Fmedia&parent=128797"}],"wp:term":[{"taxonomy":"category","embeddable":true,"href":"https:\/\/ucnoqta.az\/index.php?rest_route=%2Fwp%2Fv2%2Fcategories&post=128797"},{"taxonomy":"post_tag","embeddable":true,"href":"https:\/\/ucnoqta.az\/index.php?rest_route=%2Fwp%2Fv2%2Ftags&post=128797"}],"curies":[{"name":"wp","href":"https:\/\/api.w.org\/{rel}","templated":true}]}}