{"id":128791,"date":"2021-09-10T12:38:26","date_gmt":"2021-09-10T08:38:26","guid":{"rendered":""},"modified":"-0001-11-30T00:00:00","modified_gmt":"-0001-11-29T20:00:00","slug":"","status":"publish","type":"post","link":"https:\/\/ucnoqta.az\/?p=128791","title":{"rendered":"\u201cAzer\u00e7ay\u201d yeni reklam \u00e7arx\u0131yla do\u011fmal\u0131q b\u0259x\u015f edir"},"content":{"rendered":"<p><strong>Az\u0259rbaycan\u0131n ilk milli &ccedil;ay markas\u0131 olan &ldquo;Azer&ccedil;ay&rdquo; yeni reklam &ccedil;arx\u0131n\u0131 t\u0259qdim edib. <\/strong><\/p>\n<p>Uzun ill\u0259rdir istehlak&ccedil;\u0131lar\u0131n sevgisini qazanan v\u0259 &uuml;z\u0259rind\u0259ki &ldquo;Made in Azerbaijan&rdquo; yaz\u0131s\u0131 il\u0259 d&uuml;nyan\u0131n 40-dan art\u0131q &ouml;lk\u0259sind\u0259 V\u0259t\u0259nimizi layiqinc\u0259 t\u0259msil ed\u0259n milli markam\u0131z\u0131n reklam &ccedil;arx\u0131 sevil\u0259n xalq v\u0259 \u0259m\u0259kdar artistl\u0259rimizin i\u015ftirak\u0131 il\u0259 \u0259rs\u0259y\u0259 g\u0259lib. &Ouml;lk\u0259mizin c\u0259nub b&ouml;lg\u0259l\u0259rind\u0259 yeti\u015fdiril\u0259n 100% t\u0259bii &ccedil;aydan haz\u0131rlanan &ldquo;Azer&ccedil;ay&rdquo; yeni reklam &ccedil;arx\u0131nda V\u0259t\u0259n M&uuml;harib\u0259sin\u0259 geni\u015f yer ay\u0131rmaqla, do\u011fma torpaqlar\u0131m\u0131za n&ouml;vb\u0259ti d\u0259f\u0259 ba\u011fl\u0131l\u0131\u011f\u0131n\u0131 ifad\u0259 edib.<\/p>\n<p>Bundan \u0259lav\u0259. Az\u0259rbaycan\u0131n &ccedil;ay \u0259n\u0259n\u0259l\u0259rini &ouml;z&uuml;nd\u0259 \u0259ks etdir\u0259n reklam &ccedil;arx\u0131nda, ist\u0259r \u015f\u0259h\u0259r, ist\u0259r k\u0259nd h\u0259yat\u0131 \u0259ks olunub v\u0259 &ldquo;Azer&ccedil;ay&rdquo;\u0131n ya\u015f\u0131ndan, ya\u015fad\u0131\u011f\u0131 m&uuml;hitd\u0259n as\u0131l\u0131 olmayaraq h\u0259r k\u0259sin a\u011f\u0131z dad\u0131na uy\u011funlu\u011fu vur\u011fulan\u0131b. Az\u0259rbaycan\u0131n milli musiqi al\u0259tl\u0259rind\u0259n istifad\u0259 olunaraq t\u0259qdim olunan &ccedil;arxda musiqi il\u0259 g&ouml;r&uuml;nt&uuml;n&uuml;n v\u0259hd\u0259t t\u0259\u015fkil etdiyini, milli ornamentl\u0259rin d\u0259 bu v\u0259ht\u0259d\u0259 \u0259lav\u0259 nax\u0131\u015f kimi toxundu\u011funu g&ouml;rm\u0259k m&uuml;mk&uuml;nd&uuml;r.&nbsp; Do\u011fma &ccedil;ay &ldquo;Azer&ccedil;ay&rdquo;\u0131n ill\u0259rdir &ldquo;Qaraba\u011f FK&rdquo;a d\u0259st\u0259yi, futbol klubumuzun Az\u0259rbaycan\u0131 d&uuml;nya arenas\u0131nda layiqinc\u0259 t\u0259msil etdiyi \u0259ks olunub.<\/p>\n<p>Qeyd ed\u0259k ki, &ldquo;Azer&ccedil;ay&rdquo; markas\u0131 &uuml;&ccedil;&uuml;n &ccedil;ay \u0259kin&ccedil;iliyi il\u0259 m\u0259\u015f\u011ful olan fermerl\u0259rd\u0259n m\u0259hsulu y&uuml;ks\u0259k qiym\u0259t\u0259 sat\u0131n alaraq, onlar\u0131n f\u0259aliyy\u0259tin\u0259 &ouml;z d\u0259st\u0259yini verir. &Uuml;mumilikd\u0259, 4 min insan\u0131n m\u0259\u015f\u011fullu\u011funun t\u0259min edilm\u0259si il\u0259 yeti\u015fdiril\u0259n &ccedil;ay fabrikl\u0259r t\u0259r\u0259find\u0259n t\u0259hvil al\u0131n\u0131r ki, n\u0259tic\u0259d\u0259 insanlar\u0131n sosial-rifah hal\u0131n\u0131n y&uuml;ks\u0259ldilm\u0259sin\u0259 m&uuml;h&uuml;m d\u0259st\u0259k verilir.<\/p>\n<p>Reklam &ccedil;arx\u0131n\u0131 a\u015fa\u011f\u0131dak\u0131 linkd\u0259n izl\u0259y\u0259 bil\u0259rsiniz:<br \/>\n<a href=\"https:\/\/youtu.be\/r3y5WgS9CHY\">https:\/\/youtu.be\/r3y5WgS9CHY<\/a><\/p>\n","protected":false},"excerpt":{"rendered":"<p>Az\u0259rbaycan\u0131n ilk milli &ccedil;ay markas\u0131 olan &ldquo;Azer&ccedil;ay&rdquo; yeni reklam &ccedil;arx\u0131n\u0131 t\u0259qdim edib. Uzun ill\u0259rdir istehlak&ccedil;\u0131lar\u0131n sevgisini qazanan v\u0259 &uuml;z\u0259rind\u0259ki &ldquo;Made in Azerbaijan&rdquo; yaz\u0131s\u0131 il\u0259 d&uuml;nyan\u0131n 40-dan art\u0131q &ouml;lk\u0259sind\u0259 V\u0259t\u0259nimizi layiqinc\u0259&hellip;<\/p>\n","protected":false},"author":1,"featured_media":251278,"comment_status":"open","ping_status":"open","sticky":false,"template":"","format":"standard","meta":{"_lmt_disableupdate":"","_lmt_disable":"","footnotes":""},"categories":[101],"tags":[],"class_list":["post-128791","post","type-post","status-publish","format-standard","has-post-thumbnail","hentry","category-cemiyyet"],"_links":{"self":[{"href":"https:\/\/ucnoqta.az\/index.php?rest_route=\/wp\/v2\/posts\/128791","targetHints":{"allow":["GET"]}}],"collection":[{"href":"https:\/\/ucnoqta.az\/index.php?rest_route=\/wp\/v2\/posts"}],"about":[{"href":"https:\/\/ucnoqta.az\/index.php?rest_route=\/wp\/v2\/types\/post"}],"author":[{"embeddable":true,"href":"https:\/\/ucnoqta.az\/index.php?rest_route=\/wp\/v2\/users\/1"}],"replies":[{"embeddable":true,"href":"https:\/\/ucnoqta.az\/index.php?rest_route=%2Fwp%2Fv2%2Fcomments&post=128791"}],"version-history":[{"count":0,"href":"https:\/\/ucnoqta.az\/index.php?rest_route=\/wp\/v2\/posts\/128791\/revisions"}],"wp:featuredmedia":[{"embeddable":true,"href":"https:\/\/ucnoqta.az\/index.php?rest_route=\/wp\/v2\/media\/251278"}],"wp:attachment":[{"href":"https:\/\/ucnoqta.az\/index.php?rest_route=%2Fwp%2Fv2%2Fmedia&parent=128791"}],"wp:term":[{"taxonomy":"category","embeddable":true,"href":"https:\/\/ucnoqta.az\/index.php?rest_route=%2Fwp%2Fv2%2Fcategories&post=128791"},{"taxonomy":"post_tag","embeddable":true,"href":"https:\/\/ucnoqta.az\/index.php?rest_route=%2Fwp%2Fv2%2Ftags&post=128791"}],"curies":[{"name":"wp","href":"https:\/\/api.w.org\/{rel}","templated":true}]}}