{"id":128788,"date":"2021-09-10T13:14:12","date_gmt":"2021-09-10T09:14:12","guid":{"rendered":""},"modified":"-0001-11-30T00:00:00","modified_gmt":"-0001-11-29T20:00:00","slug":"","status":"publish","type":"post","link":"https:\/\/ucnoqta.az\/?p=128788","title":{"rendered":"Videosu yay\u0131lan V\u00fcsal H\u0259s\u0259nli il\u0259 ba\u011fl\u0131 YAP-dan <font color=red><b>A\u00c7IQLAMA<\/b><\/font>"},"content":{"rendered":"<p><strong>&ldquo;Yeni Az\u0259rbaycan Partiyas\u0131 Salyan rayon t\u0259\u015fkilat\u0131n\u0131n V&uuml;sal H\u0259s\u0259nli adl\u0131 n\u0259inki s\u0259dr m&uuml;avini, rayon t\u0259\u015fkilat\u0131 aparat\u0131n\u0131n he&ccedil; bu adl\u0131 \u0259m\u0259kda\u015f\u0131 bel\u0259 olmay\u0131b&quot;.<\/strong><\/p>\n<p>Ucnoqta.az x\u0259b\u0259r verir ki,&nbsp;bunu&nbsp;APA-n\u0131n sor\u011fusuna cavab olaraq YAP M\u0259rk\u0259zi Aparat\u0131n\u0131n \u0130ctimaiyy\u0259tl\u0259 \u0259laq\u0259l\u0259r \u015f&ouml;b\u0259sinin m&uuml;diri Elm\u0259ddin Quliyev bildirib.<\/p>\n<p>Qeyd ed\u0259k ki, sosial \u015f\u0259b\u0259k\u0259l\u0259rd\u0259 xo\u015fag\u0259lm\u0259z g&ouml;r&uuml;nt&uuml;l\u0259ri yay\u0131lan V&uuml;sal H\u0259s\u0259nli YAP Salyan rayon t\u0259\u015fkilat\u0131n\u0131n s\u0259dr m&uuml;avini kimi t\u0259qdim olunub.<\/p>\n","protected":false},"excerpt":{"rendered":"<p>&ldquo;Yeni Az\u0259rbaycan Partiyas\u0131 Salyan rayon t\u0259\u015fkilat\u0131n\u0131n V&uuml;sal H\u0259s\u0259nli adl\u0131 n\u0259inki s\u0259dr m&uuml;avini, rayon t\u0259\u015fkilat\u0131 aparat\u0131n\u0131n he&ccedil; bu adl\u0131 \u0259m\u0259kda\u015f\u0131 bel\u0259 olmay\u0131b&quot;. Ucnoqta.az x\u0259b\u0259r verir ki,&nbsp;bunu&nbsp;APA-n\u0131n sor\u011fusuna cavab olaraq YAP M\u0259rk\u0259zi&hellip;<\/p>\n","protected":false},"author":1,"featured_media":251278,"comment_status":"open","ping_status":"open","sticky":false,"template":"","format":"standard","meta":{"_lmt_disableupdate":"","_lmt_disable":"","footnotes":""},"categories":[],"tags":[],"class_list":["post-128788","post","type-post","status-publish","format-standard","has-post-thumbnail","hentry"],"_links":{"self":[{"href":"https:\/\/ucnoqta.az\/index.php?rest_route=\/wp\/v2\/posts\/128788","targetHints":{"allow":["GET"]}}],"collection":[{"href":"https:\/\/ucnoqta.az\/index.php?rest_route=\/wp\/v2\/posts"}],"about":[{"href":"https:\/\/ucnoqta.az\/index.php?rest_route=\/wp\/v2\/types\/post"}],"author":[{"embeddable":true,"href":"https:\/\/ucnoqta.az\/index.php?rest_route=\/wp\/v2\/users\/1"}],"replies":[{"embeddable":true,"href":"https:\/\/ucnoqta.az\/index.php?rest_route=%2Fwp%2Fv2%2Fcomments&post=128788"}],"version-history":[{"count":0,"href":"https:\/\/ucnoqta.az\/index.php?rest_route=\/wp\/v2\/posts\/128788\/revisions"}],"wp:featuredmedia":[{"embeddable":true,"href":"https:\/\/ucnoqta.az\/index.php?rest_route=\/wp\/v2\/media\/251278"}],"wp:attachment":[{"href":"https:\/\/ucnoqta.az\/index.php?rest_route=%2Fwp%2Fv2%2Fmedia&parent=128788"}],"wp:term":[{"taxonomy":"category","embeddable":true,"href":"https:\/\/ucnoqta.az\/index.php?rest_route=%2Fwp%2Fv2%2Fcategories&post=128788"},{"taxonomy":"post_tag","embeddable":true,"href":"https:\/\/ucnoqta.az\/index.php?rest_route=%2Fwp%2Fv2%2Ftags&post=128788"}],"curies":[{"name":"wp","href":"https:\/\/api.w.org\/{rel}","templated":true}]}}