{"id":128779,"date":"2021-09-10T12:02:23","date_gmt":"2021-09-10T08:02:23","guid":{"rendered":""},"modified":"-0001-11-30T00:00:00","modified_gmt":"-0001-11-29T20:00:00","slug":"","status":"publish","type":"post","link":"https:\/\/ucnoqta.az\/?p=128779","title":{"rendered":"Koronavirus x\u0259st\u0259si \u00f6z\u00fcn\u0259 m\u0259xsus aptekd\u0259 a\u015fkarlan\u0131b &#8211; <font color=red><b>Foto<\/b><\/font>"},"content":{"rendered":"<p><strong>Q\u0259b\u0259l\u0259 Rayon Polis \u015e&ouml;b\u0259sinin \u0259m\u0259kda\u015flar\u0131 t\u0259r\u0259find\u0259n ke&ccedil;iril\u0259n n\u0259zar\u0259t-yoxlama t\u0259dbirl\u0259ri zaman\u0131 aktiv koronavirus x\u0259st\u0259si ictimai yerd\u0259 a\u015fkarlan\u0131b.<\/strong><\/p>\n<p>D\u0130N-in M\u0259tbuat Xidm\u0259tinin \u015e\u0259ki regional qrupundan&nbsp;Ucnoqta.az-a veril\u0259n m\u0259lumata g&ouml;r\u0259, rayon sakini &Ccedil;ingiz Seyidovun COVID-19 testinin n\u0259tic\u0259si pozitiv olmas\u0131na v\u0259 ev \u015f\u0259raitind\u0259 m&uuml;alic\u0259y\u0259 c\u0259lb edilm\u0259sin\u0259 baxmayaraq o, sanitar-karantin qaydalar\u0131n\u0131 pozaraq ya\u015fad\u0131\u011f\u0131 &uuml;nvan\u0131 t\u0259rk edib . H\u0259min \u015f\u0259xs Hacall\u0131 k\u0259ndind\u0259 &ouml;z&uuml;n\u0259 m\u0259xsus aptekd\u0259 i\u015f&ccedil;il\u0259rl\u0259 &uuml;nsiyy\u0259td\u0259 olark\u0259n a\u015fkarlan\u0131b. &Ccedil;.Seyidovla izahedici s&ouml;hb\u0259tl\u0259r apar\u0131l\u0131b v\u0259 ya\u015fad\u0131\u011f\u0131 &uuml;nvana geri qaytar\u0131l\u0131b.<\/p>\n<p>Haz\u0131rda onun bar\u0259sind\u0259 Q\u0259b\u0259l\u0259 Rayon Polis \u015e&ouml;b\u0259sinin \u0130stintaq b&ouml;lm\u0259sind\u0259 ara\u015fd\u0131rma apar\u0131l\u0131r.<\/p>\n","protected":false},"excerpt":{"rendered":"<p>Q\u0259b\u0259l\u0259 Rayon Polis \u015e&ouml;b\u0259sinin \u0259m\u0259kda\u015flar\u0131 t\u0259r\u0259find\u0259n ke&ccedil;iril\u0259n n\u0259zar\u0259t-yoxlama t\u0259dbirl\u0259ri zaman\u0131 aktiv koronavirus x\u0259st\u0259si ictimai yerd\u0259 a\u015fkarlan\u0131b. D\u0130N-in M\u0259tbuat Xidm\u0259tinin \u015e\u0259ki regional qrupundan&nbsp;Ucnoqta.az-a veril\u0259n m\u0259lumata g&ouml;r\u0259, rayon sakini &Ccedil;ingiz Seyidovun COVID-19&hellip;<\/p>\n","protected":false},"author":1,"featured_media":251278,"comment_status":"open","ping_status":"open","sticky":false,"template":"","format":"standard","meta":{"_lmt_disableupdate":"","_lmt_disable":"","footnotes":""},"categories":[],"tags":[],"class_list":["post-128779","post","type-post","status-publish","format-standard","has-post-thumbnail","hentry"],"_links":{"self":[{"href":"https:\/\/ucnoqta.az\/index.php?rest_route=\/wp\/v2\/posts\/128779","targetHints":{"allow":["GET"]}}],"collection":[{"href":"https:\/\/ucnoqta.az\/index.php?rest_route=\/wp\/v2\/posts"}],"about":[{"href":"https:\/\/ucnoqta.az\/index.php?rest_route=\/wp\/v2\/types\/post"}],"author":[{"embeddable":true,"href":"https:\/\/ucnoqta.az\/index.php?rest_route=\/wp\/v2\/users\/1"}],"replies":[{"embeddable":true,"href":"https:\/\/ucnoqta.az\/index.php?rest_route=%2Fwp%2Fv2%2Fcomments&post=128779"}],"version-history":[{"count":0,"href":"https:\/\/ucnoqta.az\/index.php?rest_route=\/wp\/v2\/posts\/128779\/revisions"}],"wp:featuredmedia":[{"embeddable":true,"href":"https:\/\/ucnoqta.az\/index.php?rest_route=\/wp\/v2\/media\/251278"}],"wp:attachment":[{"href":"https:\/\/ucnoqta.az\/index.php?rest_route=%2Fwp%2Fv2%2Fmedia&parent=128779"}],"wp:term":[{"taxonomy":"category","embeddable":true,"href":"https:\/\/ucnoqta.az\/index.php?rest_route=%2Fwp%2Fv2%2Fcategories&post=128779"},{"taxonomy":"post_tag","embeddable":true,"href":"https:\/\/ucnoqta.az\/index.php?rest_route=%2Fwp%2Fv2%2Ftags&post=128779"}],"curies":[{"name":"wp","href":"https:\/\/api.w.org\/{rel}","templated":true}]}}