{"id":128775,"date":"2021-09-10T11:37:00","date_gmt":"2021-09-10T07:37:00","guid":{"rendered":""},"modified":"-0001-11-30T00:00:00","modified_gmt":"-0001-11-29T20:00:00","slug":"","status":"publish","type":"post","link":"https:\/\/ucnoqta.az\/?p=128775","title":{"rendered":"Ramiz G\u00f6y\u00fc\u015fovun yerin\u0259 kimin namiz\u0259dliyinin veril\u0259c\u0259yi m\u0259lum olub"},"content":{"rendered":"<p><strong>Yeni Az\u0259rbaycan Partiyas\u0131n\u0131n (YAP) Bin\u0259q\u0259di rayon t\u0259\u015fkilat\u0131n\u0131n s\u0259dri v\u0259zif\u0259sin\u0259 V&uuml;sar \u0130smay\u0131lovun namiz\u0259dliyi ir\u0259li s&uuml;r&uuml;l\u0259c\u0259k.<\/strong><\/p>\n<p>&nbsp;YAP \u0130dar\u0259 Hey\u0259tinin bu g&uuml;n ke&ccedil;iril\u0259c\u0259k iclas\u0131nda V. \u0130smay\u0131lovun partiyan\u0131n Bin\u0259q\u0259di rayon t\u0259\u015fkilat\u0131n\u0131n s\u0259dri v\u0259zif\u0259sin\u0259 t\u0259yinat\u0131 m\u0259s\u0259l\u0259sin\u0259 bax\u0131lacaq.<\/p>\n<p>Qeyd ed\u0259k ki, bundan \u0259vv\u0259l YAP Bin\u0259q\u0259di rayon t\u0259\u015fkilat\u0131n\u0131n s\u0259dri Ramiz G&ouml;y&uuml;\u015fov idi.<\/p>\n<p>YAP-dan bildirilib ki, Ramiz G&ouml;y&uuml;\u015fovun YAP Bin\u0259q\u0259di rayon t\u0259\u015fkilat\u0131n\u0131n s\u0259dri kimi s\u0259lahiyy\u0259tl\u0259rin\u0259 cari ilin 30 iyun tarixind\u0259 ke&ccedil;irilmi\u015f hesabat konfrans\u0131nda xitam verilib.<\/p>\n<p>\u018flav\u0259 ed\u0259k ki, YAP \u0130dar\u0259 Hey\u0259tinin bug&uuml;nk&uuml; iclas\u0131nda sosial \u015f\u0259b\u0259k\u0259l\u0259rd\u0259 qeyri-\u0259xlaqi videolar\u0131 yay\u0131lan R. G&ouml;y&uuml;\u015fovun partiyadan xaric edilm\u0259si m\u0259s\u0259l\u0259sin\u0259 d\u0259 bax\u0131lacaq.<\/p>\n<p>&nbsp;<\/p>\n","protected":false},"excerpt":{"rendered":"<p>Yeni Az\u0259rbaycan Partiyas\u0131n\u0131n (YAP) Bin\u0259q\u0259di rayon t\u0259\u015fkilat\u0131n\u0131n s\u0259dri v\u0259zif\u0259sin\u0259 V&uuml;sar \u0130smay\u0131lovun namiz\u0259dliyi ir\u0259li s&uuml;r&uuml;l\u0259c\u0259k. &nbsp;YAP \u0130dar\u0259 Hey\u0259tinin bu g&uuml;n ke&ccedil;iril\u0259c\u0259k iclas\u0131nda V. \u0130smay\u0131lovun partiyan\u0131n Bin\u0259q\u0259di rayon t\u0259\u015fkilat\u0131n\u0131n s\u0259dri v\u0259zif\u0259sin\u0259 t\u0259yinat\u0131&hellip;<\/p>\n","protected":false},"author":1,"featured_media":251278,"comment_status":"open","ping_status":"open","sticky":false,"template":"","format":"standard","meta":{"_lmt_disableupdate":"","_lmt_disable":"","footnotes":""},"categories":[],"tags":[],"class_list":["post-128775","post","type-post","status-publish","format-standard","has-post-thumbnail","hentry"],"_links":{"self":[{"href":"https:\/\/ucnoqta.az\/index.php?rest_route=\/wp\/v2\/posts\/128775","targetHints":{"allow":["GET"]}}],"collection":[{"href":"https:\/\/ucnoqta.az\/index.php?rest_route=\/wp\/v2\/posts"}],"about":[{"href":"https:\/\/ucnoqta.az\/index.php?rest_route=\/wp\/v2\/types\/post"}],"author":[{"embeddable":true,"href":"https:\/\/ucnoqta.az\/index.php?rest_route=\/wp\/v2\/users\/1"}],"replies":[{"embeddable":true,"href":"https:\/\/ucnoqta.az\/index.php?rest_route=%2Fwp%2Fv2%2Fcomments&post=128775"}],"version-history":[{"count":0,"href":"https:\/\/ucnoqta.az\/index.php?rest_route=\/wp\/v2\/posts\/128775\/revisions"}],"wp:featuredmedia":[{"embeddable":true,"href":"https:\/\/ucnoqta.az\/index.php?rest_route=\/wp\/v2\/media\/251278"}],"wp:attachment":[{"href":"https:\/\/ucnoqta.az\/index.php?rest_route=%2Fwp%2Fv2%2Fmedia&parent=128775"}],"wp:term":[{"taxonomy":"category","embeddable":true,"href":"https:\/\/ucnoqta.az\/index.php?rest_route=%2Fwp%2Fv2%2Fcategories&post=128775"},{"taxonomy":"post_tag","embeddable":true,"href":"https:\/\/ucnoqta.az\/index.php?rest_route=%2Fwp%2Fv2%2Ftags&post=128775"}],"curies":[{"name":"wp","href":"https:\/\/api.w.org\/{rel}","templated":true}]}}