{"id":128751,"date":"2021-09-10T00:30:34","date_gmt":"2021-09-09T20:30:34","guid":{"rendered":""},"modified":"-0001-11-30T00:00:00","modified_gmt":"-0001-11-29T20:00:00","slug":"","status":"publish","type":"post","link":"https:\/\/ucnoqta.az\/?p=128751","title":{"rendered":"\u018ffqan ail\u0259si 4 ya\u015fl\u0131 q\u0131z\u0131n\u0131 590 dollara satma\u011fa m\u0259cbur olub"},"content":{"rendered":"<p><strong>\u018ffqan\u0131stan sakini Mir Nazir yeddi n\u0259f\u0259rlik ail\u0259sini acl\u0131qdan xilas etm\u0259k \u00fc\u00e7\u00fcn 4 ya\u015fl\u0131 q\u0131z\u0131n\u0131 590 dollara satmaq m\u0259cburiyy\u0259tind\u0259 qal\u0131b.<\/strong><\/p>\n<p>APA\u00a0x\u0259b\u0259r verir ki, bu bar\u0259d\u0259 Mir Nazir &#8220;Times&#8221; q\u0259zetin\u0259 bildirib.<br \/>\nU\u015fa\u011f\u0131 olmayan ma\u011faza sahibi ondan q\u0131z\u0131 Safiy\u0259 \u00fc\u00e7\u00fcn birlikd\u0259 ya\u015famas\u0131 v\u0259 d\u00fckan\u0131nda \u00e7al\u0131\u015fmas\u0131 \u00fc\u00e7\u00fcn 20 min \u0259fqan pulu (t\u0259xmin\u0259n 236 dollar) t\u0259klif edib. Lakin Nazir u\u015fa\u011f\u0131n\u0131 bel\u0259 a\u015fa\u011f\u0131 qiym\u0259t\u0259 satma\u011fa raz\u0131la\u015fmay\u0131b.<\/p>\n<p>N\u0259tic\u0259d\u0259 i\u015f adam\u0131 4 ya\u015fl\u0131 Safiy\u0259 \u00fc\u00e7\u00fcn 50 min \u0259fqan pulu (t\u0259xmin\u0259n 590 dollar) \u00f6d\u0259y\u0259c\u0259yini bildirib.<\/p>\n<p>Qeyd ed\u0259k ki, &#8220;Taliban&#8221; paytaxt\u0131 \u0259l\u0259 ke\u00e7irm\u0259zd\u0259n \u0259vv\u0259l h\u0259yat yolda\u015f\u0131 v\u0259 be\u015f u\u015fa\u011f\u0131 il\u0259 birlikd\u0259 Kabil\u0259 k\u00f6\u00e7\u0259n Mir Nazir ke\u00e7mi\u015f polis \u0259m\u0259kda\u015f\u0131d\u0131r.<\/p>\n","protected":false},"excerpt":{"rendered":"<p>\u018ffqan\u0131stan sakini Mir Nazir yeddi n\u0259f\u0259rlik ail\u0259sini acl\u0131qdan xilas etm\u0259k \u00fc\u00e7\u00fcn 4 ya\u015fl\u0131 q\u0131z\u0131n\u0131 590 dollara satmaq m\u0259cburiyy\u0259tind\u0259 qal\u0131b. APA\u00a0x\u0259b\u0259r verir ki, bu bar\u0259d\u0259 Mir Nazir &#8220;Times&#8221; q\u0259zetin\u0259 bildirib. U\u015fa\u011f\u0131&hellip;<\/p>\n","protected":false},"author":1,"featured_media":251278,"comment_status":"open","ping_status":"open","sticky":false,"template":"","format":"standard","meta":{"_lmt_disableupdate":"","_lmt_disable":"","footnotes":""},"categories":[89],"tags":[],"class_list":["post-128751","post","type-post","status-publish","format-standard","has-post-thumbnail","hentry","category-dunya-butun-xeberler"],"_links":{"self":[{"href":"https:\/\/ucnoqta.az\/index.php?rest_route=\/wp\/v2\/posts\/128751","targetHints":{"allow":["GET"]}}],"collection":[{"href":"https:\/\/ucnoqta.az\/index.php?rest_route=\/wp\/v2\/posts"}],"about":[{"href":"https:\/\/ucnoqta.az\/index.php?rest_route=\/wp\/v2\/types\/post"}],"author":[{"embeddable":true,"href":"https:\/\/ucnoqta.az\/index.php?rest_route=\/wp\/v2\/users\/1"}],"replies":[{"embeddable":true,"href":"https:\/\/ucnoqta.az\/index.php?rest_route=%2Fwp%2Fv2%2Fcomments&post=128751"}],"version-history":[{"count":0,"href":"https:\/\/ucnoqta.az\/index.php?rest_route=\/wp\/v2\/posts\/128751\/revisions"}],"wp:featuredmedia":[{"embeddable":true,"href":"https:\/\/ucnoqta.az\/index.php?rest_route=\/wp\/v2\/media\/251278"}],"wp:attachment":[{"href":"https:\/\/ucnoqta.az\/index.php?rest_route=%2Fwp%2Fv2%2Fmedia&parent=128751"}],"wp:term":[{"taxonomy":"category","embeddable":true,"href":"https:\/\/ucnoqta.az\/index.php?rest_route=%2Fwp%2Fv2%2Fcategories&post=128751"},{"taxonomy":"post_tag","embeddable":true,"href":"https:\/\/ucnoqta.az\/index.php?rest_route=%2Fwp%2Fv2%2Ftags&post=128751"}],"curies":[{"name":"wp","href":"https:\/\/api.w.org\/{rel}","templated":true}]}}