{"id":128749,"date":"2021-09-10T00:04:41","date_gmt":"2021-09-09T20:04:41","guid":{"rendered":""},"modified":"-0001-11-30T00:00:00","modified_gmt":"-0001-11-29T20:00:00","slug":"","status":"publish","type":"post","link":"https:\/\/ucnoqta.az\/?p=128749","title":{"rendered":"Bayden AB\u015e-da f\u00f6vq\u0259lad\u0259 v\u0259ziyy\u0259t rejimini uzad\u0131b"},"content":{"rendered":"<p><strong>AB\u015e Prezidenti Cozef Bayden 2001-cilin sentyabr ay\u0131n\u0131n 11-d\u0259 ba\u015f ver\u0259n terror aktlar\u0131ndan sonra &ouml;lk\u0259d\u0259 t\u0259tbiq edil\u0259n f&ouml;vq\u0259lad\u0259 v\u0259ziyy\u0259t rejiminin m&uuml;dd\u0259tini uzad\u0131b.<\/strong><\/p>\n<p>Trend-in &quot;TASS&quot;a istinad\u0259n verdiyi m\u0259lumata g&ouml;r\u0259, bu bar\u0259d\u0259 A\u011f Evin m\u0259tbuat xidm\u0259tind\u0259n bildiribl\u0259r.<\/p>\n<p>M\u0259lumata \u0259sas\u0259n, f&ouml;vq\u0259lad\u0259 v\u0259ziyy\u0259t rejimi 1 il m&uuml;dd\u0259tin\u0259 uzad\u0131l\u0131b.<\/p>\n<p>C.Baydenin AB\u015e Konqresin\u0259 g&ouml;nd\u0259rdiyi m\u0259ktubda bildirib ki, f&ouml;vq\u0259lad\u0259 v\u0259ziyy\u0259t rejiminin uzad\u0131lmas\u0131na s\u0259b\u0259b terror t\u0259hl&uuml;k\u0259sinin davam etm\u0259sidir.<\/p>\n<p>Qeyd ed\u0259k ki, 2001-ci ilin 11 sentyabr tarixind\u0259 AB\u015e-da d&uuml;nya tarixind\u0259 \u0259n b&ouml;y&uuml;k terror aktlar\u0131 ba\u015f verib. Terror aktlar\u0131 n\u0259tic\u0259sind\u0259 2996 n\u0259f\u0259r &ouml;l&uuml;b, 6 mind\u0259n &ccedil;ox insan is\u0259 yaralan\u0131b.<\/p>\n","protected":false},"excerpt":{"rendered":"<p>AB\u015e Prezidenti Cozef Bayden 2001-cilin sentyabr ay\u0131n\u0131n 11-d\u0259 ba\u015f ver\u0259n terror aktlar\u0131ndan sonra &ouml;lk\u0259d\u0259 t\u0259tbiq edil\u0259n f&ouml;vq\u0259lad\u0259 v\u0259ziyy\u0259t rejiminin m&uuml;dd\u0259tini uzad\u0131b. Trend-in &quot;TASS&quot;a istinad\u0259n verdiyi m\u0259lumata g&ouml;r\u0259, bu bar\u0259d\u0259 A\u011f&hellip;<\/p>\n","protected":false},"author":1,"featured_media":251278,"comment_status":"open","ping_status":"open","sticky":false,"template":"","format":"standard","meta":{"_lmt_disableupdate":"","_lmt_disable":"","footnotes":""},"categories":[89],"tags":[],"class_list":["post-128749","post","type-post","status-publish","format-standard","has-post-thumbnail","hentry","category-dunya-butun-xeberler"],"_links":{"self":[{"href":"https:\/\/ucnoqta.az\/index.php?rest_route=\/wp\/v2\/posts\/128749","targetHints":{"allow":["GET"]}}],"collection":[{"href":"https:\/\/ucnoqta.az\/index.php?rest_route=\/wp\/v2\/posts"}],"about":[{"href":"https:\/\/ucnoqta.az\/index.php?rest_route=\/wp\/v2\/types\/post"}],"author":[{"embeddable":true,"href":"https:\/\/ucnoqta.az\/index.php?rest_route=\/wp\/v2\/users\/1"}],"replies":[{"embeddable":true,"href":"https:\/\/ucnoqta.az\/index.php?rest_route=%2Fwp%2Fv2%2Fcomments&post=128749"}],"version-history":[{"count":0,"href":"https:\/\/ucnoqta.az\/index.php?rest_route=\/wp\/v2\/posts\/128749\/revisions"}],"wp:featuredmedia":[{"embeddable":true,"href":"https:\/\/ucnoqta.az\/index.php?rest_route=\/wp\/v2\/media\/251278"}],"wp:attachment":[{"href":"https:\/\/ucnoqta.az\/index.php?rest_route=%2Fwp%2Fv2%2Fmedia&parent=128749"}],"wp:term":[{"taxonomy":"category","embeddable":true,"href":"https:\/\/ucnoqta.az\/index.php?rest_route=%2Fwp%2Fv2%2Fcategories&post=128749"},{"taxonomy":"post_tag","embeddable":true,"href":"https:\/\/ucnoqta.az\/index.php?rest_route=%2Fwp%2Fv2%2Ftags&post=128749"}],"curies":[{"name":"wp","href":"https:\/\/api.w.org\/{rel}","templated":true}]}}