{"id":128745,"date":"2021-09-09T23:00:16","date_gmt":"2021-09-09T19:00:16","guid":{"rendered":""},"modified":"-0001-11-30T00:00:00","modified_gmt":"-0001-11-29T20:00:00","slug":"","status":"publish","type":"post","link":"https:\/\/ucnoqta.az\/?p=128745","title":{"rendered":"T\u00fcrkiy\u0259 Az\u0259rbaycanda X\u00fcsusi komandanl\u0131\u011f\u0131 g\u00fccl\u0259ndirir"},"content":{"rendered":"<p><strong>Az\u0259rbaycanda T&uuml;rkiy\u0259 Silahl\u0131 Q&uuml;vv\u0259l\u0259rini t\u0259msil ed\u0259c\u0259k X&uuml;susi Komandanl\u0131q Qrupuna 4 general t\u0259yin edilib.<\/strong><\/p>\n<p>&quot;Report&quot; x\u0259b\u0259r verir ki, s&ouml;hb\u0259t general-mayor B\u0259xtiyar Ersay, generallar Abdulla Qat\u0131r&ccedil;\u0131, Ender G&uuml;ner v\u0259 Z\u0259k\u0259riyy\u0259 Yal&ccedil;\u0131ndan gedir.<br \/>\nX&uuml;susi Komandanl\u0131q Qrupu yeni bir qurum deyil v\u0259 Az\u0259rbaycanda 1992-ci ild\u0259n f\u0259aliyy\u0259t g&ouml;st\u0259rir, lakin bu g&uuml;n\u0259 q\u0259d\u0259r a\u015fa\u011f\u0131 r&uuml;tb\u0259li zabitl\u0259rl\u0259 t\u0259msil olunub.<\/p>\n<p>Az\u0259rbaycan v\u0259 T&uuml;rkiy\u0259 son vaxtlar b&uuml;t&uuml;n sah\u0259l\u0259rd\u0259 \u0259m\u0259kda\u015fl\u0131\u011f\u0131 g&uuml;cl\u0259ndirib v\u0259 yeni s\u0259viyy\u0259y\u0259 qald\u0131r\u0131b. Buna \u0259n bariz n&uuml;mun\u0259 15 iyun 2021-ci ild\u0259 imzalanm\u0131\u015f &quot;\u015eu\u015fa B\u0259yannam\u0259si&quot;dir. Bu kontekstd\u0259 X&uuml;susi Komandanl\u0131q Qrupunun g&uuml;cl\u0259nm\u0259sini &ouml;lk\u0259l\u0259r aras\u0131nda h\u0259rbi-texniki \u0259laq\u0259l\u0259rin m\u0259ntiqi inki\u015faf\u0131 hesab etm\u0259k olar.<\/p>\n<p>Son vaxtlar ke&ccedil;iril\u0259n birg\u0259 t\u0259liml\u0259rin say\u0131n\u0131n artmas\u0131, \u015f&uuml;bh\u0259siz ki, daha d\u0259rin koordinasiya t\u0259l\u0259b edir, bu s\u0259b\u0259bd\u0259n analoji add\u0131m h\u0259r iki &ouml;lk\u0259nin ordular\u0131n\u0131n haz\u0131rl\u0131q s\u0259viyy\u0259sinin artmas\u0131na k&ouml;m\u0259k ed\u0259c\u0259k.<\/p>\n","protected":false},"excerpt":{"rendered":"<p>Az\u0259rbaycanda T&uuml;rkiy\u0259 Silahl\u0131 Q&uuml;vv\u0259l\u0259rini t\u0259msil ed\u0259c\u0259k X&uuml;susi Komandanl\u0131q Qrupuna 4 general t\u0259yin edilib. &quot;Report&quot; x\u0259b\u0259r verir ki, s&ouml;hb\u0259t general-mayor B\u0259xtiyar Ersay, generallar Abdulla Qat\u0131r&ccedil;\u0131, Ender G&uuml;ner v\u0259 Z\u0259k\u0259riyy\u0259 Yal&ccedil;\u0131ndan gedir.&hellip;<\/p>\n","protected":false},"author":1,"featured_media":251278,"comment_status":"open","ping_status":"open","sticky":false,"template":"","format":"standard","meta":{"_lmt_disableupdate":"","_lmt_disable":"","footnotes":""},"categories":[],"tags":[],"class_list":["post-128745","post","type-post","status-publish","format-standard","has-post-thumbnail","hentry"],"_links":{"self":[{"href":"https:\/\/ucnoqta.az\/index.php?rest_route=\/wp\/v2\/posts\/128745","targetHints":{"allow":["GET"]}}],"collection":[{"href":"https:\/\/ucnoqta.az\/index.php?rest_route=\/wp\/v2\/posts"}],"about":[{"href":"https:\/\/ucnoqta.az\/index.php?rest_route=\/wp\/v2\/types\/post"}],"author":[{"embeddable":true,"href":"https:\/\/ucnoqta.az\/index.php?rest_route=\/wp\/v2\/users\/1"}],"replies":[{"embeddable":true,"href":"https:\/\/ucnoqta.az\/index.php?rest_route=%2Fwp%2Fv2%2Fcomments&post=128745"}],"version-history":[{"count":0,"href":"https:\/\/ucnoqta.az\/index.php?rest_route=\/wp\/v2\/posts\/128745\/revisions"}],"wp:featuredmedia":[{"embeddable":true,"href":"https:\/\/ucnoqta.az\/index.php?rest_route=\/wp\/v2\/media\/251278"}],"wp:attachment":[{"href":"https:\/\/ucnoqta.az\/index.php?rest_route=%2Fwp%2Fv2%2Fmedia&parent=128745"}],"wp:term":[{"taxonomy":"category","embeddable":true,"href":"https:\/\/ucnoqta.az\/index.php?rest_route=%2Fwp%2Fv2%2Fcategories&post=128745"},{"taxonomy":"post_tag","embeddable":true,"href":"https:\/\/ucnoqta.az\/index.php?rest_route=%2Fwp%2Fv2%2Ftags&post=128745"}],"curies":[{"name":"wp","href":"https:\/\/api.w.org\/{rel}","templated":true}]}}