{"id":128738,"date":"2021-09-09T20:48:45","date_gmt":"2021-09-09T16:48:45","guid":{"rendered":""},"modified":"-0001-11-30T00:00:00","modified_gmt":"-0001-11-29T20:00:00","slug":"","status":"publish","type":"post","link":"https:\/\/ucnoqta.az\/?p=128738","title":{"rendered":"Erm\u0259nistan t\u0259yyar\u0259l\u0259rinin T\u00fcrkiy\u0259 \u00fcz\u0259rind\u0259n u\u00e7mas\u0131 il\u0259 ba\u011fl\u0131 dan\u0131\u015f\u0131qlar apar\u0131l\u0131r"},"content":{"rendered":"<p><strong>&ldquo;T&uuml;rkiy\u0259nin hava m\u0259kan\u0131n\u0131n Erm\u0259nistan avia\u015firk\u0259tin\u0259 m\u0259xsus t\u0259yyar\u0259l\u0259r &uuml;&ccedil;&uuml;n a&ccedil;\u0131lmas\u0131 istiqam\u0259tind\u0259 dan\u0131\u015f\u0131qlar apar\u0131l\u0131r&rdquo;.<\/strong><\/p>\n<p>&ldquo;Report&rdquo;&nbsp;&ldquo;Novosti Armeniya&rdquo;ya istinad\u0259n x\u0259b\u0259r verir ki, bunu &ldquo;Erm\u0259nistan&rdquo; hava \u015firk\u0259tinin direktorunun m&uuml;avini v\u0259 kommersiya i\u015fl\u0259ri &uuml;zr\u0259 direktoru Gevork Xa&ccedil;artryan ke&ccedil;irdiyi m\u0259tbuat konfrans\u0131nda bildirib.<\/p>\n<p>Onun s&ouml;zl\u0259rin\u0259 g&ouml;r\u0259, 6 il Erm\u0259nistan t\u0259yyar\u0259l\u0259ri T&uuml;rkiy\u0259nin, T&uuml;rkiy\u0259 t\u0259yyar\u0259l\u0259ri is\u0259 Erm\u0259nistan\u0131n hava m\u0259kan\u0131 il\u0259 u&ccedil;ub: &ldquo;Sonuncu d\u0259f\u0259 bu ilin mart\u0131nda T&uuml;rkiy\u0259y\u0259 m&uuml;raci\u0259t etdik v\u0259 r\u0259dd cavab\u0131 ald\u0131q. Haz\u0131rda biz T&uuml;rkiy\u0259 s\u0259mas\u0131 il\u0259 u&ccedil;u\u015flar h\u0259yata ke&ccedil;irmirik. Ancaq bu istiqam\u0259td\u0259 dan\u0131\u015f\u0131qlar apar\u0131r\u0131q v\u0259 ir\u0259lil\u0259yi\u015fl\u0259r var&rdquo;.<\/p>\n<p>Xa&ccedil;atryan m\u0259s\u0259l\u0259nin tezlikl\u0259 h\u0259ll olunaca\u011f\u0131na &uuml;mid etdiyini bildirib.<\/p>\n<p>M\u0259lumata g&ouml;r\u0259, 2020-ci il sentyabr\u0131n 9-dan T&uuml;rkiy\u0259 Erm\u0259nistanda qeydiyyatdan ke&ccedil;\u0259n t\u0259yyar\u0259l\u0259r &uuml;&ccedil;&uuml;n &ouml;z hava m\u0259kan\u0131n\u0131 ba\u011flay\u0131b.<\/p>\n","protected":false},"excerpt":{"rendered":"<p>&ldquo;T&uuml;rkiy\u0259nin hava m\u0259kan\u0131n\u0131n Erm\u0259nistan avia\u015firk\u0259tin\u0259 m\u0259xsus t\u0259yyar\u0259l\u0259r &uuml;&ccedil;&uuml;n a&ccedil;\u0131lmas\u0131 istiqam\u0259tind\u0259 dan\u0131\u015f\u0131qlar apar\u0131l\u0131r&rdquo;. &ldquo;Report&rdquo;&nbsp;&ldquo;Novosti Armeniya&rdquo;ya istinad\u0259n x\u0259b\u0259r verir ki, bunu &ldquo;Erm\u0259nistan&rdquo; hava \u015firk\u0259tinin direktorunun m&uuml;avini v\u0259 kommersiya i\u015fl\u0259ri &uuml;zr\u0259 direktoru Gevork&hellip;<\/p>\n","protected":false},"author":1,"featured_media":251278,"comment_status":"open","ping_status":"open","sticky":false,"template":"","format":"standard","meta":{"_lmt_disableupdate":"","_lmt_disable":"","footnotes":""},"categories":[],"tags":[],"class_list":["post-128738","post","type-post","status-publish","format-standard","has-post-thumbnail","hentry"],"_links":{"self":[{"href":"https:\/\/ucnoqta.az\/index.php?rest_route=\/wp\/v2\/posts\/128738","targetHints":{"allow":["GET"]}}],"collection":[{"href":"https:\/\/ucnoqta.az\/index.php?rest_route=\/wp\/v2\/posts"}],"about":[{"href":"https:\/\/ucnoqta.az\/index.php?rest_route=\/wp\/v2\/types\/post"}],"author":[{"embeddable":true,"href":"https:\/\/ucnoqta.az\/index.php?rest_route=\/wp\/v2\/users\/1"}],"replies":[{"embeddable":true,"href":"https:\/\/ucnoqta.az\/index.php?rest_route=%2Fwp%2Fv2%2Fcomments&post=128738"}],"version-history":[{"count":0,"href":"https:\/\/ucnoqta.az\/index.php?rest_route=\/wp\/v2\/posts\/128738\/revisions"}],"wp:featuredmedia":[{"embeddable":true,"href":"https:\/\/ucnoqta.az\/index.php?rest_route=\/wp\/v2\/media\/251278"}],"wp:attachment":[{"href":"https:\/\/ucnoqta.az\/index.php?rest_route=%2Fwp%2Fv2%2Fmedia&parent=128738"}],"wp:term":[{"taxonomy":"category","embeddable":true,"href":"https:\/\/ucnoqta.az\/index.php?rest_route=%2Fwp%2Fv2%2Fcategories&post=128738"},{"taxonomy":"post_tag","embeddable":true,"href":"https:\/\/ucnoqta.az\/index.php?rest_route=%2Fwp%2Fv2%2Ftags&post=128738"}],"curies":[{"name":"wp","href":"https:\/\/api.w.org\/{rel}","templated":true}]}}