{"id":128737,"date":"2021-09-09T20:34:07","date_gmt":"2021-09-09T16:34:07","guid":{"rendered":""},"modified":"-0001-11-30T00:00:00","modified_gmt":"-0001-11-29T20:00:00","slug":"","status":"publish","type":"post","link":"https:\/\/ucnoqta.az\/?p=128737","title":{"rendered":"V\u0259t\u0259n m\u00fcharib\u0259si \u015f\u0259hidl\u0259rinin xatir\u0259si yad edilib &#8211; <font color=red><b>FOTO<\/b><\/font>"},"content":{"rendered":"<p><strong>M&uuml;dafi\u0259 Nazirliyinin t\u0259\u015fkilat&ccedil;\u0131l\u0131\u011f\u0131 il\u0259 V\u0259t\u0259n m&uuml;harib\u0259si \u015f\u0259hidl\u0259ri polkovnik-leytenant H\u0259md\u0259m Mail o\u011flu A\u011fayev v\u0259 ba\u015f leytenant Adil As\u0259m o\u011flu \u0130brahimlinin do\u011fum g&uuml;nl\u0259ri m&uuml;nasib\u0259til\u0259 xatir\u0259 t\u0259dbirl\u0259ri ke&ccedil;irilib.<\/strong><\/p>\n<p>M&uuml;dafi\u0259 Nazirliyind\u0259n&nbsp;veril\u0259n m\u0259lumata g&ouml;r\u0259, Milli M\u0259clisin, M&uuml;dafi\u0259 Nazirliyinin, X\u0259z\u0259r v\u0259 A\u011fdam rayon icra hakimiyy\u0259tl\u0259rinin r\u0259smil\u0259ri, \u015f\u0259hidl\u0259rin ail\u0259 &uuml;zvl\u0259ri, V\u0259t\u0259n m&uuml;harib\u0259si i\u015ftirak&ccedil;\u0131lar\u0131 v\u0259 qazil\u0259r, ictimaiyy\u0259t n&uuml;may\u0259nd\u0259l\u0259ri \u0130kinci \u015e\u0259hidl\u0259r xiyaban\u0131n\u0131 ziyar\u0259t edib, \u015f\u0259hid m\u0259zarlar\u0131n\u0131n &ouml;n&uuml;n\u0259 \u0259klil, &ccedil;\u0259l\u0259ngl\u0259r qoyaraq onlar\u0131n xatir\u0259sini ehtiramla yad edibl\u0259r.<\/p>\n<p>T\u0259dbir ba\u015flamazdan &ouml;nc\u0259 respublikam\u0131z\u0131n \u0259razi b&uuml;t&ouml;vl&uuml;y&uuml;n&uuml;n qorunmas\u0131, b\u0259rpas\u0131 v\u0259 torpaqlar\u0131m\u0131z\u0131n i\u015f\u011faldan azad edilm\u0259si u\u011frunda d&ouml;y&uuml;\u015fl\u0259rd\u0259 \u015f\u0259hidlik zirv\u0259sin\u0259 ucalan V\u0259t\u0259n &ouml;vladlar\u0131n\u0131n xatir\u0259sin\u0259 bir d\u0259qiq\u0259lik s&uuml;kut lan edilib, h\u0259rbi orkestrin m&uuml;\u015fayi\u0259ti il\u0259 D&ouml;vl\u0259t himni ifa olunub.<\/p>\n<p>Polkovnik Abdulla Qurbani h\u0259r iki h\u0259rbi qulluq&ccedil;unun q\u0131sa, lakin \u015f\u0259r\u0259fli, h\u0259r bir g\u0259nc &uuml;&ccedil;&uuml;n &ouml;rn\u0259k olan &ouml;m&uuml;r yollar\u0131ndan, Az\u0259rbaycan Ordusunda n&uuml;mun\u0259vi h\u0259rbi xidm\u0259tl\u0259rind\u0259n, el\u0259c\u0259 d\u0259 V\u0259t\u0259n m&uuml;harib\u0259si c\u0259bh\u0259l\u0259rind\u0259 h\u0259rbi \u0259m\u0259liyyatlar zaman\u0131 g&ouml;st\u0259rdikl\u0259ri q\u0259hr\u0259manl\u0131q, f\u0259dakarl\u0131q, m\u0259rdlik v\u0259 igidlik n&uuml;mun\u0259l\u0259rind\u0259n s&ouml;hb\u0259t a&ccedil;\u0131b, onlar\u0131n &ouml;l&uuml;ml\u0259rind\u0259n sonra Az\u0259rbaycan Prezidenti, M&uuml;z\u0259ff\u0259r Ali Ba\u015f Komandan \u0130lham \u018fliyev t\u0259r\u0259find\u0259n xidm\u0259tl\u0259rinin y&uuml;ks\u0259k qiym\u0259tl\u0259ndirildiyini t\u0259dbir i\u015ftirak&ccedil;\u0131lar\u0131n\u0131n n\u0259z\u0259rin\u0259 &ccedil;atd\u0131r\u0131b.<\/p>\n<p>Qeyd edilib ki, H\u0259md\u0259m A\u011fayev 1975-ci ild\u0259 A\u011fd\u0259r\u0259 rayonunun S\u0131rxav\u0259nd k\u0259ndind\u0259 anadan olub (S\u0131rxav\u0259nd k\u0259ndi indi A\u011fdam rayonunun \u0259razi vahidin\u0259 daxil edilib). 1992-ci ild\u0259 k\u0259nd orta m\u0259kt\u0259bini bitirdikd\u0259n sonra m&uuml;dd\u0259tli h\u0259qiqi h\u0259rbi xidm\u0259t ke&ccedil;ib v\u0259 Bak\u0131 Ali Birl\u0259\u015fmi\u015f Komandanl\u0131q M\u0259kt\u0259bin\u0259 daxil olub. \u0130ndiki Heyd\u0259r \u018fliyev ad\u0131na Az\u0259rbaycan Ali H\u0259rbi M\u0259kt\u0259bini m&uuml;v\u0259ff\u0259qiyy\u0259tl\u0259 ba\u015fa vurduqdan sonra Az\u0259rbaycan Ordusunda m&uuml;xt\u0259lif v\u0259zif\u0259l\u0259rd\u0259 xidm\u0259t ed\u0259r\u0259k briqada komandirinin m&uuml;avini v\u0259zif\u0259sin\u0259 v\u0259 &ldquo;polkovnik-leytenant&rdquo; h\u0259rbi r&uuml;tb\u0259sin\u0259d\u0259k y&uuml;ks\u0259lib.<\/p>\n<p>Hans\u0131 h\u0259rbi hiss\u0259d\u0259, hans\u0131 v\u0259zif\u0259d\u0259 xidm\u0259t etm\u0259sind\u0259n as\u0131l\u0131 olmayaraq qar\u015f\u0131ya qoyulan tap\u015f\u0131r\u0131qlar\u0131n &ouml;hd\u0259sind\u0259n layiqinc\u0259 g\u0259lib, komandanl\u0131\u011f\u0131n etimad\u0131n\u0131 do\u011fruldub, tabeliyind\u0259 olan \u015f\u0259xsi hey\u0259tin r\u0259\u011fb\u0259tini qazan\u0131b.<\/p>\n<p>Polkovnik-leytenant H.A\u011fayev sa\u011fl\u0131\u011f\u0131nda 10-dan &ccedil;ox d&ouml;y&uuml;\u015f medal\u0131 il\u0259 t\u0259ltif olunub.<\/p>\n<p>V\u0259t\u0259n m&uuml;harib\u0259sinin ilk g&uuml;n&uuml;nd\u0259n F&uuml;zuli rayonunun ya\u015fay\u0131\u015f m\u0259nt\u0259q\u0259l\u0259rinin i\u015f\u011faldan azad edilm\u0259si u\u011frunda d&ouml;y&uuml;\u015fl\u0259rd\u0259 f\u0259al i\u015ftirak ed\u0259r\u0259k y&uuml;ks\u0259k pe\u015f\u0259karl\u0131q v\u0259 \u015f&uuml;ca\u0259t n&uuml;mun\u0259l\u0259ri g&ouml;st\u0259rib.<\/p>\n<p>4 oktyabr 2020-ci ild\u0259 F&uuml;zuli rayonu \u0259razisind\u0259 ged\u0259n d&ouml;y&uuml;\u015fl\u0259rd\u0259 q\u0259hr\u0259mancas\u0131na \u015f\u0259hid olan polkovnik-leytenant H\u0259md\u0259m A\u011fayev &ouml;l&uuml;m&uuml;nd\u0259n sonra Az\u0259rbaycan Respublikas\u0131n\u0131n \u0259razi b&uuml;t&ouml;vl&uuml;y&uuml;n&uuml;n b\u0259rpa edilm\u0259si zaman\u0131 d&ouml;y&uuml;\u015f \u0259m\u0259liyyatlar\u0131na y&uuml;ks\u0259k pe\u015f\u0259karl\u0131qla r\u0259hb\u0259rlik etdiyin\u0259, d&uuml;\u015fm\u0259nin canl\u0131 q&uuml;vv\u0259sinin v\u0259 d&ouml;y&uuml;\u015f texnikas\u0131n\u0131n m\u0259hv edilm\u0259sind\u0259 f\u0259dakarl\u0131q v\u0259 r\u0259\u015fad\u0259t g&ouml;st\u0259rdiyin\u0259, v\u0259zif\u0259 borcunu l\u0259yaq\u0259tl\u0259 v\u0259 vicdanla yerin\u0259 yetirdiyin\u0259 g&ouml;r\u0259 Az\u0259rbaycan Respublikas\u0131 Prezidentinin m&uuml;vafiq s\u0259r\u0259ncamlar\u0131 il\u0259 &ldquo;Az\u0259rbaycan Bayra\u011f\u0131&rdquo; ordeni, &ldquo;V\u0259t\u0259n u\u011frunda&rdquo;, &ldquo;F&uuml;zulinin azad olunmas\u0131na g&ouml;r\u0259&rdquo; medallar\u0131 il\u0259 t\u0259ltif olunub.<\/p>\n<p>Polkovnik A.Qurbani bildirib ki, Adil \u0130brahimli 1992-ci ild\u0259 Sumqay\u0131t \u015f\u0259h\u0259rind\u0259 anadan olub. \u018fsl\u0259n Nax&ccedil;\u0131van Muxtar Respublikas\u0131n\u0131n \u015e\u0259rur rayonundand\u0131r. 2011-ci ild\u0259 C\u0259m\u015fid Nax&ccedil;\u0131vanski ad\u0131na h\u0259rbi liseyi, 2015-ci ild\u0259 Heyd\u0259r \u018fliyev ad\u0131na Az\u0259rbaycan Ali H\u0259rbi M\u0259kt\u0259bini, 2016-c\u0131 ild\u0259 is\u0259 Silahl\u0131 Q&uuml;vv\u0259l\u0259rin T\u0259lim v\u0259 T\u0259dris M\u0259rk\u0259zinin &ldquo;Zabit ixtisas kursu&rdquo;nu bitirib.<\/p>\n<p>Az\u0259rbaycan Ordusunda m&uuml;xt\u0259lif v\u0259zif\u0259l\u0259rd\u0259 xidm\u0259t edib v\u0259 ona 2018-ci ild\u0259 &ldquo;ba\u015f leytenant&rdquo; h\u0259rbi r&uuml;tb\u0259si verilib. V\u0259t\u0259n m&uuml;harib\u0259sinin ilk g&uuml;n&uuml;nd\u0259n K\u0259lb\u0259c\u0259r, Xocav\u0259nd, \u015eu\u015fa u\u011frunda d&ouml;y&uuml;\u015fl\u0259r zaman\u0131 x&uuml;susi \u0259m\u0259liyyatlarda f\u0259al i\u015ftirak edib, \u015f\u0259xsi r\u0259\u015fad\u0259t v\u0259 \u015f&uuml;ca\u0259t n&uuml;mun\u0259l\u0259ri g&ouml;st\u0259rib.<\/p>\n<p>2020-ci il noyabr\u0131n 2-d\u0259 Xocav\u0259nd rayonu \u0259razisind\u0259 q\u0259hr\u0259mancas\u0131na \u015f\u0259hid olub.<\/p>\n<p>Sa\u011fl\u0131\u011f\u0131nda iki d&ouml;y&uuml;\u015f medal\u0131 il\u0259 t\u0259ltif olunun g\u0259nc zabit\u0259 &ouml;l&uuml;m&uuml;nd\u0259n sonra Az\u0259rbaycan Respublikas\u0131n\u0131n \u0259razi b&uuml;t&ouml;vl&uuml;y&uuml;n&uuml;n b\u0259rpa edilm\u0259sind\u0259 x&uuml;susi xidm\u0259tl\u0259rin\u0259 v\u0259 i\u015f\u011fal olunmu\u015f \u0259razil\u0259rin azad olunmas\u0131 zaman\u0131 d&uuml;\u015fm\u0259nin m\u0259hv edilm\u0259si &uuml;zr\u0259 qar\u015f\u0131ya qoyulan d&ouml;y&uuml;\u015f tap\u015f\u0131r\u0131qlar\u0131n\u0131 yerin\u0259 yetir\u0259rk\u0259n g&ouml;st\u0259rdiyi q\u0259hr\u0259manl\u0131q n&uuml;mun\u0259l\u0259rin\u0259, h\u0259m&ccedil;inin h\u0259rbi qulluq v\u0259zif\u0259sini yerin\u0259 yetir\u0259rk\u0259n igidlik v\u0259 m\u0259rdlik n&uuml;mayi\u015f etdirdiyin\u0259 g&ouml;r\u0259 Az\u0259rbaycan Respublikas\u0131 Prezidentinin S\u0259r\u0259ncam\u0131na \u0259sas\u0259n &ldquo;V\u0259t\u0259n M&uuml;harib\u0259si Q\u0259hr\u0259man\u0131&rdquo; ad\u0131 verilib, &ldquo;V\u0259t\u0259n u\u011frunda&rdquo;, &ldquo;K\u0259lb\u0259c\u0259rin azad olunmas\u0131na g&ouml;r\u0259&rdquo;, &ldquo;Xocav\u0259ndin azad olunmas\u0131na g&ouml;r\u0259&rdquo; v\u0259 &ldquo;\u015eu\u015fan\u0131n azad olunmas\u0131na g&ouml;r\u0259&rdquo; medallar\u0131 il\u0259 t\u0259ltif olunub.<\/p>\n<p>T\u0259dbir i\u015ftirak&ccedil;\u0131lar\u0131n\u0131n diqq\u0259tin\u0259 &ccedil;atd\u0131r\u0131l\u0131b ki, Adil \u0130brahimlinin qay\u0131n\u0131 leytenant Q\u0259mb\u0259rli Elton Baba o\u011flu da V\u0259t\u0259n m&uuml;harib\u0259si c\u0259bh\u0259l\u0259rind\u0259 q\u0259hr\u0259mancas\u0131na d&ouml;y&uuml;\u015f\u0259r\u0259k \u015f\u0259hidlik zirv\u0259sin\u0259 y&uuml;ks\u0259l\u0259n zabitl\u0259rimizd\u0259ndir.<\/p>\n<p>Milli M\u0259clisin vitse-spikeri Adil \u018fliyev V\u0259t\u0259n\u0259 layiqli &ouml;vladlar t\u0259rbiy\u0259 etdikl\u0259rin\u0259 g&ouml;r\u0259 \u015f\u0259hidl\u0259rin valideynl\u0259rin\u0259 bir daha minn\u0259tdarl\u0131q edib v\u0259 n\u0259 q\u0259d\u0259r Az\u0259rbaycan var, q\u0259dirbil\u0259n Az\u0259rbaycan xalq\u0131 var onlar\u0131n adlar\u0131n\u0131n \u0259b\u0259di ya\u015fayaca\u011f\u0131na, xatir\u0259l\u0259rinin \u0259ziz tutulaca\u011f\u0131na \u0259minliyini bildirib.<\/p>\n<p>Vitse-spiker A.\u018fliyev t\u0259cav&uuml;zkar Erm\u0259nistan\u0131n t\u0259xribatlar\u0131na cavab olaraq Az\u0259rbaycan\u0131n &ouml;z \u0259razi b&uuml;t&ouml;vl&uuml;y&uuml;n&uuml;n b\u0259rpas\u0131 v\u0259 tarixi torpaqlar\u0131m\u0131z\u0131n i\u015f\u011faldan azad edilm\u0259si namin\u0259 ba\u015flad\u0131\u011f\u0131 V\u0259t\u0259n m&uuml;harib\u0259sind\u0259 qazan\u0131lan m&ouml;ht\u0259\u015f\u0259m q\u0259l\u0259b\u0259nin xalq\u0131m\u0131z\u0131n birliyinin, h\u0259mr\u0259yliyinin, r\u0259\u015fad\u0259tli Az\u0259rbaycan Ordusunun \u0259sg\u0259r v\u0259 zabitl\u0259rinin misilsiz q\u0259hr\u0259manl\u0131qlar\u0131n\u0131n, \u0259lb\u0259tt\u0259, M&uuml;z\u0259ff\u0259r Ali Ba\u015f Komandan\u0131m\u0131z\u0131n s\u0259rk\u0259rd\u0259 m\u0259har\u0259tinin, h&uuml;cum diplomatiyas\u0131n\u0131n v\u0259 d\u0259mir yumru\u011funun q\u0259l\u0259b\u0259si oldu\u011funu iftixar hissi il\u0259 vur\u011fulay\u0131b.<\/p>\n<p>X\u0259z\u0259r rayon \u0130cra Hakimiyy\u0259tinin ba\u015f&ccedil;\u0131s\u0131 El\u015f\u0259n Salahov respublikam\u0131z\u0131n h\u0259r yerind\u0259 oldu\u011fu kimi, X\u0259z\u0259r rayonunda da \u015f\u0259hid ail\u0259l\u0259rinin, o c&uuml;ml\u0259d\u0259n m&uuml;harib\u0259 qazil\u0259rinin daim diqq\u0259td\u0259 saxlan\u0131ld\u0131\u011f\u0131n\u0131 v\u0259 bu istiqam\u0259td\u0259 f\u0259aliyy\u0259tin bundan sonra da davam etdiril\u0259c\u0259yini qeyd edib.<\/p>\n<p>\u015e\u0259hidl\u0259rin &ouml;l&uuml;ml\u0259rind\u0259n sonra layiq g&ouml;r&uuml;ld&uuml;kl\u0259ri medallar v\u0259 M&uuml;dafi\u0259 nazirliyinin n\u0259\u015fri olan &ldquo;V\u0259t\u0259n m&uuml;harib\u0259si \u015f\u0259hidl\u0259ri&rdquo; adl\u0131 kitab\u0131n n&uuml;sx\u0259l\u0259ri \u015f\u0259hid ail\u0259l\u0259rin\u0259 t\u0259qdim edilib.<\/p>\n<p>V\u0259t\u0259n M&uuml;harib\u0259si Q\u0259hr\u0259man\u0131 \u015f\u0259hid Adil \u0130brahimlinin atas\u0131 As\u0259m \u0130brahimov v\u0259 \u015f\u0259hid polkovnik-leytenant H\u0259md\u0259m A\u011fayevin bu g&uuml;n d\u0259 Az\u0259rbaycan Ordusunda xidm\u0259t ed\u0259n qarda\u015f\u0131 polkovnik-leytenant M&uuml;bariz A\u011fayev \u015f\u0259hidl\u0259r\u0259 v\u0259 \u015f\u0259hid ail\u0259l\u0259rin\u0259 g&ouml;st\u0259ril\u0259n ehtirama, diqq\u0259t v\u0259 qay\u011f\u0131ya g&ouml;r\u0259 Az\u0259rbaycan Prezidenti, M&uuml;z\u0259ff\u0259r Ali Ba\u015f Komandan \u0130lham \u018fliyev\u0259, M&uuml;dafi\u0259 nazirliyinin r\u0259hb\u0259rliyin\u0259 v\u0259 b&uuml;t&uuml;n ziyar\u0259t&ccedil;il\u0259r\u0259 minn\u0259tdarl\u0131qlar\u0131n\u0131 bildiribl\u0259r.<\/p>\n<p>Xatir\u0259 m\u0259rasimi h\u0259rbi orkestrin ifa etdiyi &ldquo;Q\u0259l\u0259b\u0259 Mar\u015f\u0131&rdquo;n\u0131n s\u0259dalar\u0131 ba\u015fa &ccedil;at\u0131b.<\/p>\n<p>\u0130kinci \u015e\u0259hidl\u0259r xiyaban\u0131nda ke&ccedil;iril\u0259n t\u0259dbird\u0259n sonra \u015f\u0259hid H\u0259md\u0259m A\u011fayevin ya\u015fad\u0131\u011f\u0131 binan\u0131n h\u0259y\u0259tind\u0259 &ldquo;\u015e\u0259hid H\u0259md\u0259m bula\u011f\u0131&rdquo;n\u0131n t\u0259nt\u0259n\u0259li a&ccedil;\u0131l\u0131\u015f\u0131 olub.<\/p>\n","protected":false},"excerpt":{"rendered":"<p>M&uuml;dafi\u0259 Nazirliyinin t\u0259\u015fkilat&ccedil;\u0131l\u0131\u011f\u0131 il\u0259 V\u0259t\u0259n m&uuml;harib\u0259si \u015f\u0259hidl\u0259ri polkovnik-leytenant H\u0259md\u0259m Mail o\u011flu A\u011fayev v\u0259 ba\u015f leytenant Adil As\u0259m o\u011flu \u0130brahimlinin do\u011fum g&uuml;nl\u0259ri m&uuml;nasib\u0259til\u0259 xatir\u0259 t\u0259dbirl\u0259ri ke&ccedil;irilib. M&uuml;dafi\u0259 Nazirliyind\u0259n&nbsp;veril\u0259n m\u0259lumata g&ouml;r\u0259, Milli&hellip;<\/p>\n","protected":false},"author":1,"featured_media":251278,"comment_status":"open","ping_status":"open","sticky":false,"template":"","format":"standard","meta":{"_lmt_disableupdate":"","_lmt_disable":"","footnotes":""},"categories":[],"tags":[],"class_list":["post-128737","post","type-post","status-publish","format-standard","has-post-thumbnail","hentry"],"_links":{"self":[{"href":"https:\/\/ucnoqta.az\/index.php?rest_route=\/wp\/v2\/posts\/128737","targetHints":{"allow":["GET"]}}],"collection":[{"href":"https:\/\/ucnoqta.az\/index.php?rest_route=\/wp\/v2\/posts"}],"about":[{"href":"https:\/\/ucnoqta.az\/index.php?rest_route=\/wp\/v2\/types\/post"}],"author":[{"embeddable":true,"href":"https:\/\/ucnoqta.az\/index.php?rest_route=\/wp\/v2\/users\/1"}],"replies":[{"embeddable":true,"href":"https:\/\/ucnoqta.az\/index.php?rest_route=%2Fwp%2Fv2%2Fcomments&post=128737"}],"version-history":[{"count":0,"href":"https:\/\/ucnoqta.az\/index.php?rest_route=\/wp\/v2\/posts\/128737\/revisions"}],"wp:featuredmedia":[{"embeddable":true,"href":"https:\/\/ucnoqta.az\/index.php?rest_route=\/wp\/v2\/media\/251278"}],"wp:attachment":[{"href":"https:\/\/ucnoqta.az\/index.php?rest_route=%2Fwp%2Fv2%2Fmedia&parent=128737"}],"wp:term":[{"taxonomy":"category","embeddable":true,"href":"https:\/\/ucnoqta.az\/index.php?rest_route=%2Fwp%2Fv2%2Fcategories&post=128737"},{"taxonomy":"post_tag","embeddable":true,"href":"https:\/\/ucnoqta.az\/index.php?rest_route=%2Fwp%2Fv2%2Ftags&post=128737"}],"curies":[{"name":"wp","href":"https:\/\/api.w.org\/{rel}","templated":true}]}}