{"id":128734,"date":"2021-09-09T19:59:40","date_gmt":"2021-09-09T15:59:40","guid":{"rendered":""},"modified":"-0001-11-30T00:00:00","modified_gmt":"-0001-11-29T20:00:00","slug":"","status":"publish","type":"post","link":"https:\/\/ucnoqta.az\/?p=128734","title":{"rendered":"Vilay\u0259t Eyvazov T\u00fcrkiy\u0259 s\u0259firi il\u0259 g\u00f6r\u00fc\u015fd\u00fc"},"content":{"rendered":"<p><strong>Sentyabr\u0131n 9-da Az\u0259rbaycan Respublikas\u0131n\u0131n daxili i\u015fl\u0259r naziri general-polkovnik Vilay\u0259t Eyvazov T&uuml;rkiy\u0259 Respublikas\u0131n\u0131n &ouml;lk\u0259mizd\u0259 yeni t\u0259yin olunmu\u015f s\u0259firi Cahit Ba\u011fc\u0131 il\u0259 g&ouml;r&uuml;\u015f&uuml;b.<\/strong><\/p>\n<p>Daxili \u0130\u015fl\u0259r Nazirliyinin m\u0259tbuat xidm\u0259tind\u0259n&nbsp;Ucnoqta.az-a bildiribl\u0259r ki, t\u0259yinat\u0131 m&uuml;nasib\u0259til\u0259 s\u0259firi t\u0259brik ed\u0259n nazir ona d\u0259y\u0259rli f\u0259aliyy\u0259tind\u0259 u\u011furlar arzulay\u0131b.<\/p>\n<p>Nazir Az\u0259rbaycan il\u0259 T&uuml;rkiy\u0259 aras\u0131nda \u0259laq\u0259l\u0259rin g&uuml;nd\u0259n-g&uuml;n\u0259 geni\u015fl\u0259ndiyini, d&ouml;vl\u0259tl\u0259rimizin ba\u015f&ccedil;\u0131lar\u0131n\u0131n \u0259m\u0259kda\u015fl\u0131\u011f\u0131n b&uuml;t&uuml;n sah\u0259l\u0259rd\u0259 \u0259n y&uuml;ks\u0259k s\u0259viyy\u0259d\u0259 inki\u015faf\u0131na b&ouml;y&uuml;k &ouml;n\u0259m verdikl\u0259rini diqq\u0259t\u0259 &ccedil;atd\u0131r\u0131b, eyni zamanda son ill\u0259r h\u0259r iki &ouml;lk\u0259nin Daxili \u0130\u015fl\u0259r nazirlikl\u0259rinin cinay\u0259tkarl\u0131qla m&uuml;bariz\u0259, pe\u015f\u0259 haz\u0131rl\u0131\u011f\u0131, informasiya v\u0259 t\u0259cr&uuml;b\u0259 m&uuml;badil\u0259si sah\u0259l\u0259rind\u0259 \u0259ld\u0259 etdikl\u0259ri &ouml;n\u0259mli n\u0259tic\u0259l\u0259r bar\u0259d\u0259 m\u0259lumat verib.<\/p>\n<p>General-polkovnik Vilay\u0259t Eyvazov Az\u0259rbaycan polisinin, Daxili Qo\u015funlar\u0131n s\u0259m\u0259r\u0259li f\u0259aliyy\u0259t g&ouml;st\u0259rdiyini, ictimai asayi\u015fin qorunmas\u0131nda, cinay\u0259tkarl\u0131qla m&uuml;bariz\u0259d\u0259 apar\u0131c\u0131 h&uuml;quq-m&uuml;hafiz\u0259 orqan\u0131 kimi &ouml;z yerini tutdu\u011funu m\u0259mnunluqla qeyd edib. B&uuml;t&uuml;n bu nailiyy\u0259tl\u0259rd\u0259 T&uuml;rkiy\u0259 polisinin v\u0259 Jandarm Q&uuml;vv\u0259l\u0259rinin d\u0259 x&uuml;susi rolunun, xidm\u0259tinin oldu\u011funu n\u0259z\u0259r\u0259 &ccedil;atd\u0131ran nazir buna g&ouml;r\u0259 T&uuml;rkiy\u0259 Daxili \u0130\u015fl\u0259r Nazirliyinin, T&uuml;rkiy\u0259 Ba\u015f Polis \u0130dar\u0259sinin, o c&uuml;ml\u0259d\u0259n Jandarm Q&uuml;vv\u0259l\u0259rinin kollektivin\u0259 t\u0259\u015f\u0259kk&uuml;r&uuml;n&uuml; bildirib.<\/p>\n<p>S\u0259mimi g&ouml;r&uuml;\u015f\u0259 v\u0259 t\u0259brik\u0259 g&ouml;r\u0259 d\u0259rin minn\u0259tdarl\u0131\u011f\u0131n\u0131 bildir\u0259n s\u0259fir Cahit Ba\u011fc\u0131 Az\u0259rbaycan\u0131n b&uuml;t&uuml;n sah\u0259l\u0259rd\u0259 s&uuml;r\u0259tli inki\u015faf\u0131ndan m\u0259mnun oldu\u011funu n\u0259z\u0259r\u0259 &ccedil;atd\u0131raraq, d&ouml;vl\u0259tl\u0259rimizin m&uuml;vafiq strukturlar\u0131 aras\u0131nda \u0259laq\u0259l\u0259rin daha da geni\u015fl\u0259ndirilm\u0259si &uuml;&ccedil;&uuml;n \u0259lind\u0259n g\u0259l\u0259ni \u0259sirg\u0259m\u0259y\u0259c\u0259yini vur\u011fulay\u0131b.<\/p>\n<p>G&ouml;r&uuml;\u015fd\u0259 t\u0259r\u0259fl\u0259ri maraqland\u0131ran dig\u0259r m\u0259s\u0259l\u0259l\u0259r d\u0259 m&uuml;zakir\u0259 edilib.<\/p>\n","protected":false},"excerpt":{"rendered":"<p>Sentyabr\u0131n 9-da Az\u0259rbaycan Respublikas\u0131n\u0131n daxili i\u015fl\u0259r naziri general-polkovnik Vilay\u0259t Eyvazov T&uuml;rkiy\u0259 Respublikas\u0131n\u0131n &ouml;lk\u0259mizd\u0259 yeni t\u0259yin olunmu\u015f s\u0259firi Cahit Ba\u011fc\u0131 il\u0259 g&ouml;r&uuml;\u015f&uuml;b. Daxili \u0130\u015fl\u0259r Nazirliyinin m\u0259tbuat xidm\u0259tind\u0259n&nbsp;Ucnoqta.az-a bildiribl\u0259r ki, t\u0259yinat\u0131 m&uuml;nasib\u0259til\u0259&hellip;<\/p>\n","protected":false},"author":1,"featured_media":251278,"comment_status":"open","ping_status":"open","sticky":false,"template":"","format":"standard","meta":{"_lmt_disableupdate":"","_lmt_disable":"","footnotes":""},"categories":[],"tags":[],"class_list":["post-128734","post","type-post","status-publish","format-standard","has-post-thumbnail","hentry"],"_links":{"self":[{"href":"https:\/\/ucnoqta.az\/index.php?rest_route=\/wp\/v2\/posts\/128734","targetHints":{"allow":["GET"]}}],"collection":[{"href":"https:\/\/ucnoqta.az\/index.php?rest_route=\/wp\/v2\/posts"}],"about":[{"href":"https:\/\/ucnoqta.az\/index.php?rest_route=\/wp\/v2\/types\/post"}],"author":[{"embeddable":true,"href":"https:\/\/ucnoqta.az\/index.php?rest_route=\/wp\/v2\/users\/1"}],"replies":[{"embeddable":true,"href":"https:\/\/ucnoqta.az\/index.php?rest_route=%2Fwp%2Fv2%2Fcomments&post=128734"}],"version-history":[{"count":0,"href":"https:\/\/ucnoqta.az\/index.php?rest_route=\/wp\/v2\/posts\/128734\/revisions"}],"wp:featuredmedia":[{"embeddable":true,"href":"https:\/\/ucnoqta.az\/index.php?rest_route=\/wp\/v2\/media\/251278"}],"wp:attachment":[{"href":"https:\/\/ucnoqta.az\/index.php?rest_route=%2Fwp%2Fv2%2Fmedia&parent=128734"}],"wp:term":[{"taxonomy":"category","embeddable":true,"href":"https:\/\/ucnoqta.az\/index.php?rest_route=%2Fwp%2Fv2%2Fcategories&post=128734"},{"taxonomy":"post_tag","embeddable":true,"href":"https:\/\/ucnoqta.az\/index.php?rest_route=%2Fwp%2Fv2%2Ftags&post=128734"}],"curies":[{"name":"wp","href":"https:\/\/api.w.org\/{rel}","templated":true}]}}