{"id":128726,"date":"2021-09-09T18:18:13","date_gmt":"2021-09-09T14:18:13","guid":{"rendered":""},"modified":"-0001-11-30T00:00:00","modified_gmt":"-0001-11-29T20:00:00","slug":"","status":"publish","type":"post","link":"https:\/\/ucnoqta.az\/?p=128726","title":{"rendered":"T\u00fcrkiy\u0259nin 4 general\u0131 Az\u0259rbaycana t\u0259yinat ald\u0131"},"content":{"rendered":"<p><strong>Az\u0259rbaycanda T&uuml;rkiy\u0259 Silahl\u0131 Q&uuml;vv\u0259l\u0259rini t\u0259msil ed\u0259c\u0259k Xidm\u0259t Qrupu Komandanl\u0131\u011f\u0131na 4 general t\u0259yin edilib.<\/strong><\/p>\n<p>T&uuml;rkiy\u0259 Quru Qo\u015funlar\u0131n\u0131n \u0259m\u0259liyyat &uuml;zr\u0259 r\u0259isi, general-mayor B\u0259xtiyar Ersay Az\u0259rbaycanda Xidm\u0259t Qrupu Komandanl\u0131\u011f\u0131na t\u0259yin edilm\u0259kl\u0259 T&uuml;rkiy\u0259 Ba\u015f Q\u0259rargah\u0131n\u0131n \u0259mrin\u0259 verilib.<\/p>\n<p>General Abdulla Qat\u0131r&ccedil;\u0131 da Az\u0259rbaycan Xidm\u0259t Qrupu Komandanl\u0131\u011f\u0131n\u0131n Birg\u0259 M\u0259rk\u0259z Komandanl\u0131\u011f\u0131na t\u0259yin edilm\u0259kl\u0259 Egey Ordu Komandanl\u0131\u011f\u0131na t\u0259yinat al\u0131b.<\/p>\n<p>General Ender G&uuml;ner Az\u0259rbaycan Xidm\u0259t Qrupu Komandanl\u0131\u011f\u0131n\u0131n Ba\u015f q\u0259rargah r\u0259isi t\u0259yin edilib.<\/p>\n<p>Bununla yana\u015f\u0131 T&uuml;rkiy\u0259 Silahl\u0131 Q&uuml;vv\u0259l\u0259rinin Bak\u0131dak\u0131 h\u0259rbi atte\u015fesi d\u0259 d\u0259yi\u015fib. Yeni h\u0259rbi atte\u015fe general Z\u0259k\u0259riyy\u0259 Yal&ccedil;\u0131n t\u0259yin olunub.\/\/\/qaynarinfo<\/p>\n","protected":false},"excerpt":{"rendered":"<p>Az\u0259rbaycanda T&uuml;rkiy\u0259 Silahl\u0131 Q&uuml;vv\u0259l\u0259rini t\u0259msil ed\u0259c\u0259k Xidm\u0259t Qrupu Komandanl\u0131\u011f\u0131na 4 general t\u0259yin edilib. T&uuml;rkiy\u0259 Quru Qo\u015funlar\u0131n\u0131n \u0259m\u0259liyyat &uuml;zr\u0259 r\u0259isi, general-mayor B\u0259xtiyar Ersay Az\u0259rbaycanda Xidm\u0259t Qrupu Komandanl\u0131\u011f\u0131na t\u0259yin edilm\u0259kl\u0259 T&uuml;rkiy\u0259 Ba\u015f&hellip;<\/p>\n","protected":false},"author":1,"featured_media":251278,"comment_status":"open","ping_status":"open","sticky":false,"template":"","format":"standard","meta":{"_lmt_disableupdate":"","_lmt_disable":"","footnotes":""},"categories":[],"tags":[],"class_list":["post-128726","post","type-post","status-publish","format-standard","has-post-thumbnail","hentry"],"_links":{"self":[{"href":"https:\/\/ucnoqta.az\/index.php?rest_route=\/wp\/v2\/posts\/128726","targetHints":{"allow":["GET"]}}],"collection":[{"href":"https:\/\/ucnoqta.az\/index.php?rest_route=\/wp\/v2\/posts"}],"about":[{"href":"https:\/\/ucnoqta.az\/index.php?rest_route=\/wp\/v2\/types\/post"}],"author":[{"embeddable":true,"href":"https:\/\/ucnoqta.az\/index.php?rest_route=\/wp\/v2\/users\/1"}],"replies":[{"embeddable":true,"href":"https:\/\/ucnoqta.az\/index.php?rest_route=%2Fwp%2Fv2%2Fcomments&post=128726"}],"version-history":[{"count":0,"href":"https:\/\/ucnoqta.az\/index.php?rest_route=\/wp\/v2\/posts\/128726\/revisions"}],"wp:featuredmedia":[{"embeddable":true,"href":"https:\/\/ucnoqta.az\/index.php?rest_route=\/wp\/v2\/media\/251278"}],"wp:attachment":[{"href":"https:\/\/ucnoqta.az\/index.php?rest_route=%2Fwp%2Fv2%2Fmedia&parent=128726"}],"wp:term":[{"taxonomy":"category","embeddable":true,"href":"https:\/\/ucnoqta.az\/index.php?rest_route=%2Fwp%2Fv2%2Fcategories&post=128726"},{"taxonomy":"post_tag","embeddable":true,"href":"https:\/\/ucnoqta.az\/index.php?rest_route=%2Fwp%2Fv2%2Ftags&post=128726"}],"curies":[{"name":"wp","href":"https:\/\/api.w.org\/{rel}","templated":true}]}}