{"id":128721,"date":"2021-09-09T17:40:18","date_gmt":"2021-09-09T13:40:18","guid":{"rendered":""},"modified":"-0001-11-30T00:00:00","modified_gmt":"-0001-11-29T20:00:00","slug":"","status":"publish","type":"post","link":"https:\/\/ucnoqta.az\/?p=128721","title":{"rendered":"Peyv\u0259nd vurdurmayan m\u00fc\u0259lliml\u0259r\u0259 maa\u015f veril\u0259c\u0259k? &#8211; <font color=red><b>R\u018fSM\u0130<\/b><\/font>"},"content":{"rendered":"<p><strong>&ldquo;Vaksin vurdurmayan v\u0259 \u0259ks g&ouml;st\u0259ri\u015f sertifikat\u0131 olmayan t\u0259hsil i\u015f&ccedil;il\u0259rinin \u0259m\u0259k haqlar\u0131n\u0131n &ouml;d\u0259nilm\u0259sil\u0259 ba\u011fl\u0131 m\u0259s\u0259l\u0259 m&uuml;zakir\u0259 olunur. H\u0259tta m\u0259s\u0259l\u0259 il\u0259 ba\u011fl\u0131 Nazirl\u0259r Kabinetind\u0259 yeni qaydalar haz\u0131rlan\u0131r&rdquo;.<\/strong><\/p>\n<p>Bunu t\u0259hsil nazirinin m&uuml;\u015faviri R&uuml;st\u0259m A\u011fayev deyib.<\/p>\n<p>O qeyd edib ki, q\u0259rar q\u0259bul edildikd\u0259n sonra \u0259trafl\u0131 m\u0259lumat veril\u0259c\u0259k: &ldquo;Xat\u0131rlad\u0131m ki, \u0259ks g&ouml;st\u0259ri\u015f v\u0259 immun sertifikat\u0131 olmayan i\u015f&ccedil;il\u0259r m\u0259kt\u0259bl\u0259r\u0259 burax\u0131lmayacaq. B\u0259zi m&uuml;\u0259ssis\u0259l\u0259rd\u0259 peyv\u0259ndl\u0259nm\u0259 icbaridir. &Ccedil;&uuml;nki burada insanlar b&ouml;y&uuml;k k&uuml;tl\u0259yl\u0259 i\u015fl\u0259yirl\u0259r. Hesab edirik ki, t\u0259hsil m&uuml;\u0259ssis\u0259l\u0259ri d\u0259 bu siyah\u0131ya aiddir. N\u0259z\u0259r\u0259 alaq ki, t\u0259hsil i\u015f&ccedil;il\u0259rinin b&ouml;y&uuml;k \u0259ks\u0259riyy\u0259ti ya\u015fl\u0131 insanlard\u0131r. Onlar\u0131n sa\u011flaml\u0131qlar\u0131n\u0131 d&uuml;\u015f&uuml;n&uuml;r\u0259k bu q\u0259rar\u0131 vermi\u015fik&rdquo;.<\/p>\n","protected":false},"excerpt":{"rendered":"<p>&ldquo;Vaksin vurdurmayan v\u0259 \u0259ks g&ouml;st\u0259ri\u015f sertifikat\u0131 olmayan t\u0259hsil i\u015f&ccedil;il\u0259rinin \u0259m\u0259k haqlar\u0131n\u0131n &ouml;d\u0259nilm\u0259sil\u0259 ba\u011fl\u0131 m\u0259s\u0259l\u0259 m&uuml;zakir\u0259 olunur. H\u0259tta m\u0259s\u0259l\u0259 il\u0259 ba\u011fl\u0131 Nazirl\u0259r Kabinetind\u0259 yeni qaydalar haz\u0131rlan\u0131r&rdquo;. Bunu t\u0259hsil nazirinin m&uuml;\u015faviri R&uuml;st\u0259m&hellip;<\/p>\n","protected":false},"author":1,"featured_media":251278,"comment_status":"open","ping_status":"open","sticky":false,"template":"","format":"standard","meta":{"_lmt_disableupdate":"","_lmt_disable":"","footnotes":""},"categories":[101],"tags":[],"class_list":["post-128721","post","type-post","status-publish","format-standard","has-post-thumbnail","hentry","category-cemiyyet"],"_links":{"self":[{"href":"https:\/\/ucnoqta.az\/index.php?rest_route=\/wp\/v2\/posts\/128721","targetHints":{"allow":["GET"]}}],"collection":[{"href":"https:\/\/ucnoqta.az\/index.php?rest_route=\/wp\/v2\/posts"}],"about":[{"href":"https:\/\/ucnoqta.az\/index.php?rest_route=\/wp\/v2\/types\/post"}],"author":[{"embeddable":true,"href":"https:\/\/ucnoqta.az\/index.php?rest_route=\/wp\/v2\/users\/1"}],"replies":[{"embeddable":true,"href":"https:\/\/ucnoqta.az\/index.php?rest_route=%2Fwp%2Fv2%2Fcomments&post=128721"}],"version-history":[{"count":0,"href":"https:\/\/ucnoqta.az\/index.php?rest_route=\/wp\/v2\/posts\/128721\/revisions"}],"wp:featuredmedia":[{"embeddable":true,"href":"https:\/\/ucnoqta.az\/index.php?rest_route=\/wp\/v2\/media\/251278"}],"wp:attachment":[{"href":"https:\/\/ucnoqta.az\/index.php?rest_route=%2Fwp%2Fv2%2Fmedia&parent=128721"}],"wp:term":[{"taxonomy":"category","embeddable":true,"href":"https:\/\/ucnoqta.az\/index.php?rest_route=%2Fwp%2Fv2%2Fcategories&post=128721"},{"taxonomy":"post_tag","embeddable":true,"href":"https:\/\/ucnoqta.az\/index.php?rest_route=%2Fwp%2Fv2%2Ftags&post=128721"}],"curies":[{"name":"wp","href":"https:\/\/api.w.org\/{rel}","templated":true}]}}