{"id":127380,"date":"2021-08-25T15:31:56","date_gmt":"2021-08-25T11:31:56","guid":{"rendered":""},"modified":"-0001-11-30T00:00:00","modified_gmt":"-0001-11-29T20:00:00","slug":"","status":"publish","type":"post","link":"https:\/\/ucnoqta.az\/?p=127380","title":{"rendered":"Bu generallara ev veril\u0259c\u0259k &#8211; <font color=red><b>S\u0130YAHI<\/b><\/font>"},"content":{"rendered":"<p>X\u0259b\u0259r verdiyimiz kimi, bu g\u00fcn  Prezident \u0130lham \u018fliyev Az\u0259rbaycan Respublikas\u0131n\u0131n V\u0259t\u0259n M\u00fcharib\u0259si Q\u0259hr\u0259manlar\u0131n\u0131n v\u0259 onlar\u0131n ail\u0259 \u00fczvl\u0259rinin sosial-m\u0259i\u015f\u0259t \u015f\u0259raitinin yax\u015f\u0131la\u015fd\u0131r\u0131lmas\u0131 haqq\u0131nda s\u0259r\u0259ncam imzalay\u0131b.<\/p>\n<p>Ucnoqta.az Unikal.org-a istinad\u0259n m\u0259nzill\u0259 t\u0259min olunacaq generallar\u0131n siyah\u0131s\u0131n\u0131 t\u0259qdim edir:<\/p>\n<p>Mehdiyev \u0130lham \u0130smay\u0131l o\u011flu \u2013  Az\u0259rbaycan Respublikas\u0131 D\u00f6vl\u0259t S\u0259rh\u0259d Xidm\u0259ti r\u0259isinin m\u00fcavini, general-leytenant<\/p>\n<p>Mirz\u0259yev Hikm\u0259t \u0130zz\u0259t o\u011flu \u2013  X\u00fcsusi T\u0259yinatl\u0131 Q\u00fcvv\u0259l\u0259rin komandan\u0131, general-leytenant<\/p>\n<p>\u0130slamzad\u0259 Namiq S\u0259r\u0259fruz o\u011flu \u2013 H\u0259rbi Hava Q\u00fcvv\u0259l\u0259rinin zabiti, general-mayor<\/p>\n<p>M\u0259mm\u0259dov Zaur Sabir o\u011flu \u2013 XTQ komandirl\u0259rind\u0259n biri, general-mayor<\/p>\n<p>Seyidov K\u0259nan \u018flih\u00fcseyn o\u011flu \u2013 5-ci Ordu Korpusunun komandiri, general-mayor<\/p>\n","protected":false},"excerpt":{"rendered":"<p>X\u0259b\u0259r verdiyimiz kimi, bu g\u00fcn Prezident \u0130lham \u018fliyev Az\u0259rbaycan Respublikas\u0131n\u0131n V\u0259t\u0259n M\u00fcharib\u0259si Q\u0259hr\u0259manlar\u0131n\u0131n v\u0259 onlar\u0131n ail\u0259 \u00fczvl\u0259rinin sosial-m\u0259i\u015f\u0259t \u015f\u0259raitinin yax\u015f\u0131la\u015fd\u0131r\u0131lmas\u0131 haqq\u0131nda s\u0259r\u0259ncam imzalay\u0131b. Ucnoqta.az Unikal.org-a istinad\u0259n m\u0259nzill\u0259 t\u0259min olunacaq generallar\u0131n&hellip;<\/p>\n","protected":false},"author":1,"featured_media":251278,"comment_status":"open","ping_status":"open","sticky":false,"template":"","format":"standard","meta":{"_lmt_disableupdate":"","_lmt_disable":"","footnotes":""},"categories":[101],"tags":[],"class_list":["post-127380","post","type-post","status-publish","format-standard","has-post-thumbnail","hentry","category-cemiyyet"],"_links":{"self":[{"href":"https:\/\/ucnoqta.az\/index.php?rest_route=\/wp\/v2\/posts\/127380","targetHints":{"allow":["GET"]}}],"collection":[{"href":"https:\/\/ucnoqta.az\/index.php?rest_route=\/wp\/v2\/posts"}],"about":[{"href":"https:\/\/ucnoqta.az\/index.php?rest_route=\/wp\/v2\/types\/post"}],"author":[{"embeddable":true,"href":"https:\/\/ucnoqta.az\/index.php?rest_route=\/wp\/v2\/users\/1"}],"replies":[{"embeddable":true,"href":"https:\/\/ucnoqta.az\/index.php?rest_route=%2Fwp%2Fv2%2Fcomments&post=127380"}],"version-history":[{"count":0,"href":"https:\/\/ucnoqta.az\/index.php?rest_route=\/wp\/v2\/posts\/127380\/revisions"}],"wp:featuredmedia":[{"embeddable":true,"href":"https:\/\/ucnoqta.az\/index.php?rest_route=\/wp\/v2\/media\/251278"}],"wp:attachment":[{"href":"https:\/\/ucnoqta.az\/index.php?rest_route=%2Fwp%2Fv2%2Fmedia&parent=127380"}],"wp:term":[{"taxonomy":"category","embeddable":true,"href":"https:\/\/ucnoqta.az\/index.php?rest_route=%2Fwp%2Fv2%2Fcategories&post=127380"},{"taxonomy":"post_tag","embeddable":true,"href":"https:\/\/ucnoqta.az\/index.php?rest_route=%2Fwp%2Fv2%2Ftags&post=127380"}],"curies":[{"name":"wp","href":"https:\/\/api.w.org\/{rel}","templated":true}]}}