{"id":127376,"date":"2021-08-25T14:19:15","date_gmt":"2021-08-25T10:19:15","guid":{"rendered":""},"modified":"-0001-11-30T00:00:00","modified_gmt":"-0001-11-29T20:00:00","slug":"","status":"publish","type":"post","link":"https:\/\/ucnoqta.az\/?p=127376","title":{"rendered":"Prezident s\u0259r\u0259ncam imzalad\u0131"},"content":{"rendered":"<p><strong>Prezident \u0130lham \u018fliyev Az\u0259rbaycan Respublikas\u0131n\u0131n V\u0259t\u0259n M&uuml;harib\u0259si Q\u0259hr\u0259manlar\u0131n\u0131n v\u0259 onlar\u0131n ail\u0259 &uuml;zvl\u0259rinin sosial-m\u0259i\u015f\u0259t \u015f\u0259raitinin yax\u015f\u0131la\u015fd\u0131r\u0131lmas\u0131 haqq\u0131nda S\u0259r\u0259ncam imzalay\u0131b.<\/strong><\/p>\n<p>Ucnoqta.az x\u0259b\u0259r verir ki, \u018fm\u0259k v\u0259 \u018fhalinin Sosial M&uuml;dafi\u0259si Nazirliyin\u0259 tap\u015f\u0131r\u0131l\u0131b ki, Az\u0259rbaycan Respublikas\u0131n\u0131n &ldquo;V\u0259t\u0259n M&uuml;harib\u0259si Q\u0259hr\u0259man\u0131&rdquo; ad\u0131 verilmi\u015f \u015f\u0259xsl\u0259rin, el\u0259c\u0259 d\u0259 &ouml;l&uuml;m&uuml;nd\u0259n sonra h\u0259min ad verilmi\u015f \u015f\u0259xsl\u0259rin ail\u0259 &uuml;zvl\u0259rinin m\u0259nzill\u0259 t\u0259min edilm\u0259sini h\u0259yata ke&ccedil;irsin, S\u0259r\u0259ncam\u0131n icras\u0131 il\u0259 ba\u011fl\u0131 g&ouml;r&uuml;lm&uuml;\u015f i\u015fl\u0259r bar\u0259d\u0259 Az\u0259rbaycan Respublikas\u0131n\u0131n Prezidentin\u0259 m&uuml;t\u0259madi olaraq m\u0259lumat versin, S\u0259r\u0259ncamda ir\u0259li g\u0259l\u0259n dig\u0259r m\u0259s\u0259l\u0259l\u0259ri h\u0259ll etsin.<\/p>\n<p>M&uuml;\u0259yy\u0259n edilib ki, bu S\u0259r\u0259ncamda n\u0259z\u0259rd\u0259 tutulan \u015f\u0259xsl\u0259rin m\u0259nzill\u0259 t\u0259min edilm\u0259si bu m\u0259qs\u0259dl\u0259 Az\u0259rbaycan Respublikas\u0131n\u0131n \u0130poteka v\u0259 Kredit Z\u0259man\u0259t Fondunun Nazirliyin balans\u0131na verdiyi v\u0259 ya Nazirliyin h\u0259min m\u0259qs\u0259d &uuml;&ccedil;&uuml;n \u0259ld\u0259 etdiyi m\u0259nzill\u0259r hesab\u0131na h\u0259yata ke&ccedil;irilir.<\/p>\n<p>\u0130poteka v\u0259 Kredit Z\u0259man\u0259t Fondu Nazirliyin m&uuml;raci\u0259ti \u0259sas\u0131nda bu S\u0259r\u0259ncamdan g&ouml;st\u0259ril\u0259n m\u0259qs\u0259d &uuml;&ccedil;&uuml;n balans\u0131nda olan m\u0259nzill\u0259rin Fondun m\u0259nf\u0259\u0259ti hesab\u0131na h\u0259min Nazirliyin balans\u0131na verilm\u0259sini t\u0259min etm\u0259lidir.<\/p>\n<p>Nazirl\u0259r Kabinetin\u0259 S\u0259r\u0259ncamdan ir\u0259li g\u0259l\u0259n m\u0259s\u0259l\u0259l\u0259ri h\u0259ll etm\u0259k tap\u015f\u0131r\u0131l\u0131b.<\/p>\n","protected":false},"excerpt":{"rendered":"<p>Prezident \u0130lham \u018fliyev Az\u0259rbaycan Respublikas\u0131n\u0131n V\u0259t\u0259n M&uuml;harib\u0259si Q\u0259hr\u0259manlar\u0131n\u0131n v\u0259 onlar\u0131n ail\u0259 &uuml;zvl\u0259rinin sosial-m\u0259i\u015f\u0259t \u015f\u0259raitinin yax\u015f\u0131la\u015fd\u0131r\u0131lmas\u0131 haqq\u0131nda S\u0259r\u0259ncam imzalay\u0131b. Ucnoqta.az x\u0259b\u0259r verir ki, \u018fm\u0259k v\u0259 \u018fhalinin Sosial M&uuml;dafi\u0259si Nazirliyin\u0259 tap\u015f\u0131r\u0131l\u0131b ki,&hellip;<\/p>\n","protected":false},"author":1,"featured_media":251278,"comment_status":"open","ping_status":"open","sticky":false,"template":"","format":"standard","meta":{"_lmt_disableupdate":"","_lmt_disable":"","footnotes":""},"categories":[],"tags":[],"class_list":["post-127376","post","type-post","status-publish","format-standard","has-post-thumbnail","hentry"],"_links":{"self":[{"href":"https:\/\/ucnoqta.az\/index.php?rest_route=\/wp\/v2\/posts\/127376","targetHints":{"allow":["GET"]}}],"collection":[{"href":"https:\/\/ucnoqta.az\/index.php?rest_route=\/wp\/v2\/posts"}],"about":[{"href":"https:\/\/ucnoqta.az\/index.php?rest_route=\/wp\/v2\/types\/post"}],"author":[{"embeddable":true,"href":"https:\/\/ucnoqta.az\/index.php?rest_route=\/wp\/v2\/users\/1"}],"replies":[{"embeddable":true,"href":"https:\/\/ucnoqta.az\/index.php?rest_route=%2Fwp%2Fv2%2Fcomments&post=127376"}],"version-history":[{"count":0,"href":"https:\/\/ucnoqta.az\/index.php?rest_route=\/wp\/v2\/posts\/127376\/revisions"}],"wp:featuredmedia":[{"embeddable":true,"href":"https:\/\/ucnoqta.az\/index.php?rest_route=\/wp\/v2\/media\/251278"}],"wp:attachment":[{"href":"https:\/\/ucnoqta.az\/index.php?rest_route=%2Fwp%2Fv2%2Fmedia&parent=127376"}],"wp:term":[{"taxonomy":"category","embeddable":true,"href":"https:\/\/ucnoqta.az\/index.php?rest_route=%2Fwp%2Fv2%2Fcategories&post=127376"},{"taxonomy":"post_tag","embeddable":true,"href":"https:\/\/ucnoqta.az\/index.php?rest_route=%2Fwp%2Fv2%2Ftags&post=127376"}],"curies":[{"name":"wp","href":"https:\/\/api.w.org\/{rel}","templated":true}]}}