{"id":127373,"date":"2021-08-25T14:11:17","date_gmt":"2021-08-25T10:11:17","guid":{"rendered":""},"modified":"-0001-11-30T00:00:00","modified_gmt":"-0001-11-29T20:00:00","slug":"","status":"publish","type":"post","link":"https:\/\/ucnoqta.az\/?p=127373","title":{"rendered":"AzTV-nin koronadan v\u0259fat ed\u0259n rejissoru vaksin olunmu\u015fdu? &#8211; <font color=red><b>A\u00c7IQLAMA<\/b><\/font>"},"content":{"rendered":"<p><strong>X\u0259b\u0259r verdiyimiz kimi, &ouml;t\u0259n g&uuml;n &ldquo;Az\u0259rbaycan Televiziya v\u0259 Radio Verili\u015fl\u0259ri&rdquo; QSC-nin rejissoru 54 ya\u015fl\u0131&nbsp;Arzu M\u0259mm\u0259dova&nbsp;v\u0259 h\u0259yat yolda\u015f\u0131 koronavirusdan v\u0259fat edib. Ail\u0259 &uuml;zvl\u0259rinin eyni g&uuml;nd\u0259 v\u0259fat\u0131ndan sonra televiziya \u0259m\u0259kda\u015f\u0131n\u0131n 2 doza peyv\u0259nd olundu\u011fu, buna baxmayaraq&nbsp;COVID-19-a qalib g\u0259l\u0259 bilm\u0259diyi haqda iddialar s\u0259sl\u0259ndirilib.&nbsp;<\/strong><\/p>\n<p>Ucnoqta.az x\u0259b\u0259r verir ki, sosial \u015f\u0259b\u0259k\u0259l\u0259rd\u0259 yay\u0131lan iddialarla ba\u011fl\u0131 &ldquo;Qafqazinfo&rdquo; T\u018fB\u0130B-\u0259 sor\u011fu &uuml;nvanlay\u0131b. Cavab olaraq bildirilib ki, A. M\u0259mm\u0259dova yaln\u0131z bir doza vaksin q\u0259bul edib:<br \/>\n&ldquo;Ara\u015fd\u0131rma n\u0259tic\u0259sind\u0259 &ldquo;Az\u0259rbaycan Televiziya v\u0259 Radio Verili\u015fl\u0259ri&rdquo; QSC-nin rejissoru M\u0259mm\u0259dova Arzu M&ouml;vlud q\u0131z\u0131n\u0131n 3 avqust 2021-ci il tarixind\u0259 ilk doza vaksin &uuml;&ccedil;&uuml;n m&uuml;raci\u0259t etdiyi v\u0259 peyv\u0259nd olundu\u011fu m\u0259lum olub. Daha sonra A.M\u0259mm\u0259dovan\u0131n 23 avqust tarixind\u0259 PCR testi m&uuml;sb\u0259t n\u0259tic\u0259 olaraq qeyd\u0259 al\u0131n\u0131b. \u0130lk doza il\u0259 ikinci doza aras\u0131nda 28 g&uuml;n m&uuml;dd\u0259t g&ouml;zl\u0259nildiyind\u0259n A.M\u0259mm\u0259dova 2-ci doza vaksin vurdurmay\u0131b&rdquo;.<\/p>\n<p>T\u018fB\u0130B-d\u0259n h\u0259m&ccedil;inin bildirilib ki, yaln\u0131z h\u0259r iki dozan\u0131 q\u0259bul etmi\u015f \u015f\u0259xsl\u0259r vaksin olunmu\u015f say\u0131l\u0131r.<\/p>\n<p>Qeyd ed\u0259k ki, A.M\u0259mm\u0259dova AzTV-nin \u018fd\u0259bi-dram v\u0259 folklor verili\u015fl\u0259ri Ba\u015f redaksiyas\u0131nda &ccedil;al\u0131\u015f\u0131b.&nbsp;<\/p>\n","protected":false},"excerpt":{"rendered":"<p>X\u0259b\u0259r verdiyimiz kimi, &ouml;t\u0259n g&uuml;n &ldquo;Az\u0259rbaycan Televiziya v\u0259 Radio Verili\u015fl\u0259ri&rdquo; QSC-nin rejissoru 54 ya\u015fl\u0131&nbsp;Arzu M\u0259mm\u0259dova&nbsp;v\u0259 h\u0259yat yolda\u015f\u0131 koronavirusdan v\u0259fat edib. Ail\u0259 &uuml;zvl\u0259rinin eyni g&uuml;nd\u0259 v\u0259fat\u0131ndan sonra televiziya \u0259m\u0259kda\u015f\u0131n\u0131n 2 doza&hellip;<\/p>\n","protected":false},"author":1,"featured_media":251278,"comment_status":"open","ping_status":"open","sticky":false,"template":"","format":"standard","meta":{"_lmt_disableupdate":"","_lmt_disable":"","footnotes":""},"categories":[],"tags":[],"class_list":["post-127373","post","type-post","status-publish","format-standard","has-post-thumbnail","hentry"],"_links":{"self":[{"href":"https:\/\/ucnoqta.az\/index.php?rest_route=\/wp\/v2\/posts\/127373","targetHints":{"allow":["GET"]}}],"collection":[{"href":"https:\/\/ucnoqta.az\/index.php?rest_route=\/wp\/v2\/posts"}],"about":[{"href":"https:\/\/ucnoqta.az\/index.php?rest_route=\/wp\/v2\/types\/post"}],"author":[{"embeddable":true,"href":"https:\/\/ucnoqta.az\/index.php?rest_route=\/wp\/v2\/users\/1"}],"replies":[{"embeddable":true,"href":"https:\/\/ucnoqta.az\/index.php?rest_route=%2Fwp%2Fv2%2Fcomments&post=127373"}],"version-history":[{"count":0,"href":"https:\/\/ucnoqta.az\/index.php?rest_route=\/wp\/v2\/posts\/127373\/revisions"}],"wp:featuredmedia":[{"embeddable":true,"href":"https:\/\/ucnoqta.az\/index.php?rest_route=\/wp\/v2\/media\/251278"}],"wp:attachment":[{"href":"https:\/\/ucnoqta.az\/index.php?rest_route=%2Fwp%2Fv2%2Fmedia&parent=127373"}],"wp:term":[{"taxonomy":"category","embeddable":true,"href":"https:\/\/ucnoqta.az\/index.php?rest_route=%2Fwp%2Fv2%2Fcategories&post=127373"},{"taxonomy":"post_tag","embeddable":true,"href":"https:\/\/ucnoqta.az\/index.php?rest_route=%2Fwp%2Fv2%2Ftags&post=127373"}],"curies":[{"name":"wp","href":"https:\/\/api.w.org\/{rel}","templated":true}]}}