{"id":127357,"date":"2021-08-25T16:40:52","date_gmt":"2021-08-25T12:40:52","guid":{"rendered":""},"modified":"-0001-11-30T00:00:00","modified_gmt":"-0001-11-29T20:00:00","slug":"","status":"publish","type":"post","link":"https:\/\/ucnoqta.az\/?p=127357","title":{"rendered":"&#8220;Az\u0259rbaycan millisind\u0259n n\u0259s\u0259 g\u00f6zl\u0259m\u0259k d\u00fczg\u00fcn deyil&#8221; &#8211; <font color=red><b>Zoran Qayi\u00e7<\/b><\/font>"},"content":{"rendered":"<p><strong>&ldquo;Az\u0259rbaycan millisinin Avropa &ccedil;empionat\u0131ndak\u0131 &ccedil;\u0131x\u0131\u015flar\u0131n\u0131 izl\u0259yir\u0259m. G&ouml;r&uuml;n&uuml;r ki, komanda daha yax\u015f\u0131 oyun g&ouml;st\u0259r\u0259 bil\u0259r&rdquo;.<\/strong><\/p>\n<p>Apasport.az sayt\u0131n\u0131n m\u0259lumat\u0131na g&ouml;r\u0259, bunu Serbiya Voleybol Federasiyas\u0131n\u0131n prezidenti Zoran Qayi&ccedil; deyib.<br \/>\nVaxtil\u0259 &ldquo;Rabit\u0259&rdquo; v\u0259 &ldquo;Telekom&rdquo;u &ccedil;al\u0131\u015fd\u0131ran m&uuml;t\u0259x\u0259ssis Az\u0259rbaycan millisinin Avropa &ccedil;empionat\u0131ndak\u0131 &ccedil;\u0131x\u0131\u015f\u0131n\u0131 d\u0259y\u0259rl\u0259ndirib. O, ard\u0131c\u0131l 4 oyunda set qazanmadan uduzan y\u0131\u011fmam\u0131zdan n\u0259s\u0259 g&ouml;zl\u0259m\u0259yin d&uuml;zg&uuml;n olmad\u0131\u011f\u0131n\u0131 deyib: &ldquo;Oyun&ccedil;ular kifay\u0259t q\u0259d\u0259r g\u0259ncdir v\u0259 onlardan n\u0259s\u0259 g&ouml;zl\u0259m\u0259k d\u0259 d&uuml;zg&uuml;n deyil. Hey\u0259td\u0259 Natalya M\u0259mm\u0259dova, Polina R\u0259himova, Yelizaveta Krneta, Odina \u018fliyeva kimi b\u0259zi apar\u0131c\u0131 oyun&ccedil;ular da yoxdur. Bir sual yaran\u0131r, Avropa &ccedil;empionat\u0131 bitdikd\u0259n sonra bu q\u0131zlar harada oynayacaqlar? B\u0259li, kimis\u0259 xaricd\u0259 &ccedil;\u0131x\u0131\u015f ed\u0259c\u0259k, amma bildiyim q\u0259d\u0259r haz\u0131rda Az\u0259rbaycanda &ouml;lk\u0259 &ccedil;empionat\u0131 yoxdur. G\u0259nc oyun&ccedil;ular\u0131n inki\u015faf\u0131 &uuml;&ccedil;&uuml;n is\u0259 m&uuml;tl\u0259q &ouml;lk\u0259 &ccedil;empionat\u0131 t\u0259\u015fkil olunmal\u0131d\u0131r. B&ouml;y&uuml;k idman \u0259n\u0259n\u0259l\u0259ri olan bir &ouml;lk\u0259d\u0259 haz\u0131rda Az\u0259rbaycan &ccedil;empionat\u0131 niy\u0259 ke&ccedil;irilmir? B&uuml;t&uuml;n bunlar oyun&ccedil;ular\u0131n inki\u015faf\u0131na m\u0259nfi t\u0259sir edir&rdquo;.<\/p>\n<p>O vur\u011fulay\u0131b ki, Az\u0259rbaycan millisini inki\u015faf etdirm\u0259k &uuml;&ccedil;&uuml;n m&uuml;tl\u0259q &ouml;lk\u0259 &ccedil;empionat\u0131n\u0131 b\u0259rpa etm\u0259k v\u0259 g&uuml;cl&uuml; liqa yaratmaq laz\u0131md\u0131r: &ldquo;\u018fn az\u0131 6 komanda olmal\u0131d\u0131r. Bir ne&ccedil;\u0259 t\u0259cr&uuml;b\u0259li \u0259cn\u0259bi oyun&ccedil;u da c\u0259lb etm\u0259k laz\u0131md\u0131r ki, az\u0259rbaycanl\u0131 voleybol&ccedil;ular m&ouml;vs&uuml;mboyu onlarla birg\u0259 &ccedil;\u0131x\u0131\u015f etsinl\u0259r v\u0259 oyun praktikas\u0131 qazans\u0131nlar.<\/p>\n<p>Az\u0259rbaycan\u0131n voleybol \u0259n\u0259n\u0259l\u0259ri var. M\u0259n bir ne&ccedil;\u0259 il &ldquo;Rabit\u0259&rdquo; klubunda &ccedil;al\u0131\u015fm\u0131\u015fam v\u0259 bu &ccedil;empionat\u0131 g&ouml;rm&uuml;\u015f\u0259m. Az\u0259rbaycan birinciliyi Avropan\u0131n \u0259n g&uuml;cl&uuml; &ccedil;empionatlar\u0131ndan say\u0131l\u0131rd\u0131. \u018flb\u0259tt\u0259, h\u0259min v\u0259ziyy\u0259ti qoruyub saxlamaq &uuml;&ccedil;&uuml;n b&ouml;y&uuml;k maliyy\u0259 laz\u0131md\u0131r. O zaman &ldquo;Az\u0259rreyl&rdquo;, &ldquo;Az\u0259ryol&rdquo;, &ldquo;Lokomotiv&rdquo;, &ldquo;Rabit\u0259&rdquo; Avropan\u0131n \u0259n g&uuml;cl&uuml; klublar\u0131 s\u0131ras\u0131nda yer al\u0131rd\u0131lar. Xat\u0131rlay\u0131ram, h\u0259min ill\u0259rd\u0259 yax\u015f\u0131 t\u0259\u015fkilat&ccedil;\u0131l\u0131q vard\u0131. Az\u0259rbaycan milli komandas\u0131 da bu ill\u0259rd\u0259 beyn\u0259lxalq yar\u0131\u015flarda daha yax\u015f\u0131 &ccedil;\u0131x\u0131\u015f edirdi. Dem\u0259li, yenid\u0259n 6 klub yarad\u0131lmal\u0131, yerli oyun&ccedil;ular bu komandalarda yerl\u0259\u015fdirilm\u0259lidir. Bu komandalar\u0131 daha da g&uuml;cl\u0259ndirm\u0259k laz\u0131md\u0131r ki, oyun&ccedil;ular da inki\u015faf etsinl\u0259r. Bunu t\u0259kc\u0259 federasiya ed\u0259 bilm\u0259z. Bu i\u015fd\u0259 d&ouml;vl\u0259t federasiyaya d\u0259st\u0259k verm\u0259lidir. M\u0259s\u0259l\u0259n, Serbiyada qayda bel\u0259dir ki, federasiya d&ouml;vl\u0259t b&uuml;dc\u0259sind\u0259n maliyy\u0259l\u0259\u015fir v\u0259 &uuml;mumi n\u0259zar\u0259t var. Ayr\u0131-ayr\u0131 klublar\u0131 is\u0259 t\u0259msil etdikl\u0259ri \u015f\u0259h\u0259rl\u0259r v\u0259 sponsorlar maliyy\u0259l\u0259\u015fdirir. Federasiya is\u0259 laz\u0131m olanda h\u0259min komandalara d\u0259st\u0259k verir. \u0130lk n&ouml;vb\u0259d\u0259 klub s\u0259viyy\u0259sind\u0259 yax\u015f\u0131 t\u0259\u015fkilat&ccedil;\u0131l\u0131q olmal\u0131d\u0131r. Az\u0259rbaycan &ccedil;empionat\u0131 ke&ccedil;irilm\u0259lidir. Bunsuz milli komandan\u0131 formala\u015fd\u0131rmaq &ccedil;ox &ccedil;\u0259tindir&rdquo;.<\/p>\n<p>O bildirib ki, yenid\u0259n Az\u0259rbaycandan t\u0259klif alsa, m\u0259mnuniyy\u0259tl\u0259 g\u0259l\u0259r: &ldquo;Bir az \u0259vv\u0259l dediyim kimi, bir ne&ccedil;\u0259 il Az\u0259rbaycanda &ldquo;Rabit\u0259&rdquo; klubunda &ccedil;al\u0131\u015fm\u0131\u015fam. Haz\u0131rda Avropa Voleybol Konfederasiyas\u0131n\u0131n \u0130dar\u0259 Hey\u0259tinin &uuml;zv&uuml;, Az\u0259rbaycan Voleybol Federasiyas\u0131n\u0131n ba\u015f katibi C\u0259lil C\u0259f\u0259rov o zaman bu klubun prezidenti idi. Onun r\u0259hb\u0259rliyi alt\u0131nda komandam\u0131z &ccedil;ox b&ouml;y&uuml;k i\u015fl\u0259r h\u0259yata ke&ccedil;irib. &ldquo;Rabit\u0259&rdquo; d&uuml;nya &ccedil;empionu olub, bir ne&ccedil;\u0259 d\u0259f\u0259 &ouml;lk\u0259 birinciliyinin qalibi ad\u0131n\u0131 qazan\u0131b. Sizi inand\u0131r\u0131m ki, m\u0259n\u0259 yen\u0259 d\u0259 C\u0259lil C\u0259f\u0259rovla birg\u0259 i\u015fl\u0259m\u0259k v\u0259 Az\u0259rbaycanda bir komandan\u0131 idar\u0259 etm\u0259k t\u0259klif olunarsa, d&uuml;\u015f&uuml;nm\u0259d\u0259n bunu q\u0259bul ed\u0259r\u0259m. &Ccedil;&uuml;nki Az\u0259rbaycan voleyboluna, oradak\u0131 t\u0259\u015fkilat&ccedil;\u0131l\u0131\u011fa b\u0259l\u0259d\u0259m. Az\u0259rbaycan m\u0259n\u0259 &ccedil;ox do\u011fma &ouml;lk\u0259dir. Bir ne&ccedil;\u0259 ildir ki, Serbiya Voleybol Federasiyas\u0131n\u0131n prezidentiy\u0259m. Az\u0259rbaycan v\u0259 Serbiya aras\u0131nda h\u0259r zaman g&ouml;z\u0259l m&uuml;nasib\u0259t olub v\u0259 inan\u0131ram ki, bu m&uuml;nasib\u0259t h\u0259l\u0259 &ccedil;ox davam ed\u0259c\u0259k. Az\u0259rbaycan Voleybol Federasiyas\u0131n\u0131n vitse-prezidenti Faiq Qarayevl\u0259, AVF-nin ba\u015f katibi C\u0259lil C\u0259f\u0259rovla &ccedil;ox yax\u015f\u0131 m&uuml;nasib\u0259tl\u0259rimiz var. Onlar voleybolu &ccedil;ox sev\u0259n idman adamlard\u0131r v\u0259 h\u0259r zaman &ouml;lk\u0259d\u0259 voleybolun inki\u015faf\u0131 &uuml;&ccedil;&uuml;n &ccedil;al\u0131\u015f\u0131blar. \u0130nan\u0131ram ki, Az\u0259rbaycan\u0131n g&uuml;cl&uuml; &ouml;lk\u0259 &ccedil;empionat\u0131 v\u0259 Avropa, d&uuml;nya s\u0259viyy\u0259sind\u0259 g&uuml;cl&uuml; voleybol&ccedil;ular\u0131 olacaq&rdquo;.<\/p>\n<p>Qayi&ccedil; Avropa &ccedil;empionat\u0131 il\u0259 ba\u011fl\u0131 proqnozlar\u0131n\u0131 da a&ccedil;\u0131qlay\u0131b: &ldquo;Favoritl\u0259r s\u0131ras\u0131nda Serbiya, Rusiya, \u0130taliya, T&uuml;rkiy\u0259 v\u0259 Niderland millil\u0259rini qeyd ed\u0259 bil\u0259r\u0259m. Pol\u015fa millisi d\u0259 inaml\u0131 t\u0259sir ba\u011f\u0131\u015flay\u0131r. Bolqar\u0131stan v\u0259 Bel&ccedil;ikan\u0131 da bu s\u0131raya daxil etm\u0259k olar. Bir ne&ccedil;\u0259 komanda var ki, medallar u\u011frunda m&uuml;bariz\u0259 apara bil\u0259r&rdquo;.<\/p>\n","protected":false},"excerpt":{"rendered":"<p>&ldquo;Az\u0259rbaycan millisinin Avropa &ccedil;empionat\u0131ndak\u0131 &ccedil;\u0131x\u0131\u015flar\u0131n\u0131 izl\u0259yir\u0259m. G&ouml;r&uuml;n&uuml;r ki, komanda daha yax\u015f\u0131 oyun g&ouml;st\u0259r\u0259 bil\u0259r&rdquo;. Apasport.az sayt\u0131n\u0131n m\u0259lumat\u0131na g&ouml;r\u0259, bunu Serbiya Voleybol Federasiyas\u0131n\u0131n prezidenti Zoran Qayi&ccedil; deyib. Vaxtil\u0259 &ldquo;Rabit\u0259&rdquo; v\u0259 &ldquo;Telekom&rdquo;u&hellip;<\/p>\n","protected":false},"author":1,"featured_media":251278,"comment_status":"open","ping_status":"open","sticky":false,"template":"","format":"standard","meta":{"_lmt_disableupdate":"","_lmt_disable":"","footnotes":""},"categories":[90],"tags":[],"class_list":["post-127357","post","type-post","status-publish","format-standard","has-post-thumbnail","hentry","category-idman-butun-xeberler"],"_links":{"self":[{"href":"https:\/\/ucnoqta.az\/index.php?rest_route=\/wp\/v2\/posts\/127357","targetHints":{"allow":["GET"]}}],"collection":[{"href":"https:\/\/ucnoqta.az\/index.php?rest_route=\/wp\/v2\/posts"}],"about":[{"href":"https:\/\/ucnoqta.az\/index.php?rest_route=\/wp\/v2\/types\/post"}],"author":[{"embeddable":true,"href":"https:\/\/ucnoqta.az\/index.php?rest_route=\/wp\/v2\/users\/1"}],"replies":[{"embeddable":true,"href":"https:\/\/ucnoqta.az\/index.php?rest_route=%2Fwp%2Fv2%2Fcomments&post=127357"}],"version-history":[{"count":0,"href":"https:\/\/ucnoqta.az\/index.php?rest_route=\/wp\/v2\/posts\/127357\/revisions"}],"wp:featuredmedia":[{"embeddable":true,"href":"https:\/\/ucnoqta.az\/index.php?rest_route=\/wp\/v2\/media\/251278"}],"wp:attachment":[{"href":"https:\/\/ucnoqta.az\/index.php?rest_route=%2Fwp%2Fv2%2Fmedia&parent=127357"}],"wp:term":[{"taxonomy":"category","embeddable":true,"href":"https:\/\/ucnoqta.az\/index.php?rest_route=%2Fwp%2Fv2%2Fcategories&post=127357"},{"taxonomy":"post_tag","embeddable":true,"href":"https:\/\/ucnoqta.az\/index.php?rest_route=%2Fwp%2Fv2%2Ftags&post=127357"}],"curies":[{"name":"wp","href":"https:\/\/api.w.org\/{rel}","templated":true}]}}