{"id":127353,"date":"2021-08-25T16:01:53","date_gmt":"2021-08-25T12:01:53","guid":{"rendered":""},"modified":"-0001-11-30T00:00:00","modified_gmt":"-0001-11-29T20:00:00","slug":"","status":"publish","type":"post","link":"https:\/\/ucnoqta.az\/?p=127353","title":{"rendered":"Az\u0259rbaycan\u0131n 2 rayonunda qaz olmayacaq"},"content":{"rendered":"<p><strong>&ldquo;Qaz \u0130xrac&rdquo; \u0130dar\u0259sin\u0259 m\u0259xsus &ldquo;Qaz\u0131m\u0259mm\u0259d-Qazax&rdquo; I x\u0259tt Magistral Qaz K\u0259m\u0259rind\u0259 g&ouml;r&uuml;l\u0259c\u0259k t\u0259mir i\u015fl\u0259ri il\u0259 \u0259laq\u0259dar avqustun 25-i, saat 15:00-dan avqustun 26-d\u0259k iki g&uuml;n m&uuml;dd\u0259tind\u0259 &ldquo;Tovuz&rdquo;, &ldquo;A\u011fstafa&rdquo; v\u0259 &ldquo;K&ouml;&ccedil;\u0259sg\u0259r&rdquo; QPS-l\u0259rd\u0259n qidalanan \u0259hali v\u0259 s\u0259naye qrup istehlak&ccedil;\u0131lar\u0131n qaz t\u0259chizat\u0131nda m&uuml;v\u0259qq\u0259ti fasil\u0259 yaranacaq.<\/strong><\/p>\n<p>Bu bar\u0259d\u0259 Az\u0259rbaycan D&ouml;vl\u0259t Neft \u015eirk\u0259tinin (SOCAR) &ldquo;Az\u0259riqaz&rdquo; \u0130stehsalat Birliyi m\u0259lumat yay\u0131b.<\/p>\n<p>Billdirilir ki, t\u0259mir m&uuml;dd\u0259tind\u0259 Tovuz \u015f\u0259h\u0259ri v\u0259 rayonun&nbsp;15&nbsp;ya\u015fay\u0131\u015f m\u0259nt\u0259q\u0259si, h\u0259m&ccedil;inin A\u011fstafa rayonunun tam olaraq (A\u011fstafa \u015f\u0259h\u0259ri v\u0259 rayonun&nbsp;33&nbsp;ya\u015fay\u0131\u015f m\u0259nt\u0259q\u0259si) qaz t\u0259chizat\u0131n\u0131n&nbsp;2&nbsp;g&uuml;n m&uuml;dd\u0259tin\u0259 m\u0259hdudla\u015fd\u0131r\u0131lmas\u0131 g&ouml;zl\u0259nilir. Abonentl\u0259rd\u0259n anlay\u0131\u015fl\u0131 olmalar\u0131n\u0131 xahi\u015f edirik. G&ouml;r&uuml;l\u0259n i\u015fl\u0259r soyuq aylarda mavi yanaca\u011f\u0131n davaml\u0131 \u015f\u0259kild\u0259 verilm\u0259sin\u0259 \u015f\u0259rait yaradacaq.<\/p>\n","protected":false},"excerpt":{"rendered":"<p>&ldquo;Qaz \u0130xrac&rdquo; \u0130dar\u0259sin\u0259 m\u0259xsus &ldquo;Qaz\u0131m\u0259mm\u0259d-Qazax&rdquo; I x\u0259tt Magistral Qaz K\u0259m\u0259rind\u0259 g&ouml;r&uuml;l\u0259c\u0259k t\u0259mir i\u015fl\u0259ri il\u0259 \u0259laq\u0259dar avqustun 25-i, saat 15:00-dan avqustun 26-d\u0259k iki g&uuml;n m&uuml;dd\u0259tind\u0259 &ldquo;Tovuz&rdquo;, &ldquo;A\u011fstafa&rdquo; v\u0259 &ldquo;K&ouml;&ccedil;\u0259sg\u0259r&rdquo; QPS-l\u0259rd\u0259n qidalanan&hellip;<\/p>\n","protected":false},"author":1,"featured_media":251278,"comment_status":"open","ping_status":"open","sticky":false,"template":"","format":"standard","meta":{"_lmt_disableupdate":"","_lmt_disable":"","footnotes":""},"categories":[91],"tags":[],"class_list":["post-127353","post","type-post","status-publish","format-standard","has-post-thumbnail","hentry","category-olkeici"],"_links":{"self":[{"href":"https:\/\/ucnoqta.az\/index.php?rest_route=\/wp\/v2\/posts\/127353","targetHints":{"allow":["GET"]}}],"collection":[{"href":"https:\/\/ucnoqta.az\/index.php?rest_route=\/wp\/v2\/posts"}],"about":[{"href":"https:\/\/ucnoqta.az\/index.php?rest_route=\/wp\/v2\/types\/post"}],"author":[{"embeddable":true,"href":"https:\/\/ucnoqta.az\/index.php?rest_route=\/wp\/v2\/users\/1"}],"replies":[{"embeddable":true,"href":"https:\/\/ucnoqta.az\/index.php?rest_route=%2Fwp%2Fv2%2Fcomments&post=127353"}],"version-history":[{"count":0,"href":"https:\/\/ucnoqta.az\/index.php?rest_route=\/wp\/v2\/posts\/127353\/revisions"}],"wp:featuredmedia":[{"embeddable":true,"href":"https:\/\/ucnoqta.az\/index.php?rest_route=\/wp\/v2\/media\/251278"}],"wp:attachment":[{"href":"https:\/\/ucnoqta.az\/index.php?rest_route=%2Fwp%2Fv2%2Fmedia&parent=127353"}],"wp:term":[{"taxonomy":"category","embeddable":true,"href":"https:\/\/ucnoqta.az\/index.php?rest_route=%2Fwp%2Fv2%2Fcategories&post=127353"},{"taxonomy":"post_tag","embeddable":true,"href":"https:\/\/ucnoqta.az\/index.php?rest_route=%2Fwp%2Fv2%2Ftags&post=127353"}],"curies":[{"name":"wp","href":"https:\/\/api.w.org\/{rel}","templated":true}]}}