{"id":127351,"date":"2021-08-25T12:32:41","date_gmt":"2021-08-25T08:32:41","guid":{"rendered":""},"modified":"-0001-11-30T00:00:00","modified_gmt":"-0001-11-29T20:00:00","slug":"","status":"publish","type":"post","link":"https:\/\/ucnoqta.az\/?p=127351","title":{"rendered":"Mikay\u0131l Cabbarov K\u0259nan N\u0259c\u0259fovu s\u0259dr \u0259v\u0259zi t\u0259yin etdi"},"content":{"rendered":"<p><strong>X\u0259b\u0259r verdiyimiz kimi, \u0130qtisadiyyat Nazirliyinin Sahibkarl\u0131\u011f\u0131n \u0130nki\u015faf Fondu \u0130dar\u0259 Heyyy\u0259tinin s\u0259dri K\u0259nan N\u0259c\u0259fov bu ilin 11 avqustunda Az\u0259rbaycan Respublikas\u0131 Prezidentinin m&uuml;vafiq S\u0259r\u0259ncam\u0131 il\u0259 SOCAR-\u0131n vitse-prezidenti v\u0259zif\u0259sin\u0259 t\u0259yin olunub.<\/strong><\/p>\n<p>Ucnoqta.az x\u0259b\u0259r verir ki, \u0130qtisadiyyat naziri Mikay\u0131l Cabbarovun m&uuml;vafiq \u0259mri il\u0259 Sahibkarl\u0131\u011f\u0131n \u0130nki\u015faf Fondu \u0130dar\u0259 Heyyy\u0259tinin s\u0259dri v\u0259zif\u0259si m&uuml;v\u0259qq\u0259ti olaraq Osman Xal\u0131yev\u0259 h\u0259val\u0259 edilib.&nbsp;<\/p>\n<p>Osman Xal\u0131yev h\u0259m&ccedil;inin \u0130dar\u0259 Hey\u0259ti s\u0259drinin m&uuml;avini t\u0259yin olunub.&nbsp;<br \/>\nQeyd ed\u0259k ki, Osman Xal\u0131yev 2019-cu il\u0259 K\u0259nan N\u0259c\u0259fovun icra&ccedil;\u0131 direktor oldu\u011fu &quot;Yeni Kapital&quot; \u015firk\u0259tind\u0259 m\u0259sl\u0259h\u0259t&ccedil;i v\u0259zif\u0259sini da\u015f\u0131y\u0131b. Daha \u0259vv\u0259l Osman Xal\u0131yev M\u0259rk\u0259zi Bank\u0131n M\u0259rk\u0259zl\u0259\u015fdirilmi\u015f Kredit Reyestr xidm\u0259tind\u0259 &ccedil;al\u0131\u015f\u0131b.\/\/\/qaynarinfo<\/p>\n","protected":false},"excerpt":{"rendered":"<p>X\u0259b\u0259r verdiyimiz kimi, \u0130qtisadiyyat Nazirliyinin Sahibkarl\u0131\u011f\u0131n \u0130nki\u015faf Fondu \u0130dar\u0259 Heyyy\u0259tinin s\u0259dri K\u0259nan N\u0259c\u0259fov bu ilin 11 avqustunda Az\u0259rbaycan Respublikas\u0131 Prezidentinin m&uuml;vafiq S\u0259r\u0259ncam\u0131 il\u0259 SOCAR-\u0131n vitse-prezidenti v\u0259zif\u0259sin\u0259 t\u0259yin olunub. Ucnoqta.az x\u0259b\u0259r&hellip;<\/p>\n","protected":false},"author":1,"featured_media":251278,"comment_status":"open","ping_status":"open","sticky":false,"template":"","format":"standard","meta":{"_lmt_disableupdate":"","_lmt_disable":"","footnotes":""},"categories":[],"tags":[],"class_list":["post-127351","post","type-post","status-publish","format-standard","has-post-thumbnail","hentry"],"_links":{"self":[{"href":"https:\/\/ucnoqta.az\/index.php?rest_route=\/wp\/v2\/posts\/127351","targetHints":{"allow":["GET"]}}],"collection":[{"href":"https:\/\/ucnoqta.az\/index.php?rest_route=\/wp\/v2\/posts"}],"about":[{"href":"https:\/\/ucnoqta.az\/index.php?rest_route=\/wp\/v2\/types\/post"}],"author":[{"embeddable":true,"href":"https:\/\/ucnoqta.az\/index.php?rest_route=\/wp\/v2\/users\/1"}],"replies":[{"embeddable":true,"href":"https:\/\/ucnoqta.az\/index.php?rest_route=%2Fwp%2Fv2%2Fcomments&post=127351"}],"version-history":[{"count":0,"href":"https:\/\/ucnoqta.az\/index.php?rest_route=\/wp\/v2\/posts\/127351\/revisions"}],"wp:featuredmedia":[{"embeddable":true,"href":"https:\/\/ucnoqta.az\/index.php?rest_route=\/wp\/v2\/media\/251278"}],"wp:attachment":[{"href":"https:\/\/ucnoqta.az\/index.php?rest_route=%2Fwp%2Fv2%2Fmedia&parent=127351"}],"wp:term":[{"taxonomy":"category","embeddable":true,"href":"https:\/\/ucnoqta.az\/index.php?rest_route=%2Fwp%2Fv2%2Fcategories&post=127351"},{"taxonomy":"post_tag","embeddable":true,"href":"https:\/\/ucnoqta.az\/index.php?rest_route=%2Fwp%2Fv2%2Ftags&post=127351"}],"curies":[{"name":"wp","href":"https:\/\/api.w.org\/{rel}","templated":true}]}}