{"id":127350,"date":"2021-08-25T12:24:43","date_gmt":"2021-08-25T08:24:43","guid":{"rendered":""},"modified":"-0001-11-30T00:00:00","modified_gmt":"-0001-11-29T20:00:00","slug":"","status":"publish","type":"post","link":"https:\/\/ucnoqta.az\/?p=127350","title":{"rendered":"<font color=red><b>Alim Qas\u0131mov:<\/b><\/font> \u201cHe\u00e7 k\u0259s ail\u0259 h\u0259yat\u0131m\u0131za qar\u0131\u015fmas\u0131n\u201d"},"content":{"rendered":"<p><strong>X\u0259b\u0259r verdiyimiz kimi, Xalq artisti Alim Qas\u0131movun evind\u0259n o\u011furluq etm\u0259kd\u0259 ittiham olunan k&uuml;r\u0259k\u0259ni Elnur M&ouml;vlanov h\u0259bs edilib.<\/strong><\/p>\n<p>Ucnoqta.az&nbsp;x\u0259b\u0259r verir ki, Modern.az&nbsp;sayt\u0131n\u0131n \u0259m\u0259kda\u015f\u0131 Alim Qas\u0131movla \u0259laq\u0259 saxlayaraq, hadis\u0259 il\u0259 ba\u011fl\u0131 ondan m&uuml;nasib\u0259t &ouml;yr\u0259nm\u0259y\u0259 &ccedil;al\u0131\u015f\u0131b.<br \/>\nXalq artisti bunun ail\u0259 m\u0259s\u0259l\u0259si oldu\u011funu deyib:<\/p>\n<p>&ldquo;Bu m\u0259s\u0259l\u0259 haqq\u0131nda n\u0259 &ldquo;h\u0259&rdquo;, n\u0259 d\u0259 &ldquo;yox&rdquo; deyir\u0259m. He&ccedil; k\u0259s ail\u0259 h\u0259yat\u0131m\u0131za qar\u0131\u015fmas\u0131n&rdquo;.<br \/>\nXat\u0131rladaq ki, Alim Qas\u0131movun q\u0131z\u0131 F\u0259rqan\u0259 Qas\u0131movan\u0131n h\u0259yat yolda\u015f\u0131 Elnur M&ouml;vlanov o\u011furluqda t\u0259qsirl\u0259ndirilir. Bel\u0259 ki, E.M&ouml;vlanov Alim Qas\u0131movun evind\u0259n q\u0131z\u0131l-zin\u0259t \u0259\u015fyalar\u0131 v\u0259 pul o\u011furlamaqda ittiham olunur. Z\u0259r\u0259r&ccedil;\u0259kmi\u015f qismind\u0259 tan\u0131nan \u015f\u0259xsl\u0259r Xalq artistinin h\u0259yat yolda\u015f\u0131 Tamilla Aslanova v\u0259 qohumu R\u0259\u015fad\u0259t F\u0259rz\u0259liyevdir.<\/p>\n<p>Qeyd ed\u0259k ki, F.Qas\u0131mova bir ne&ccedil;\u0259 il bundan \u0259vv\u0259l r\u0259smi olmasa da, h\u0259yat yolda\u015f\u0131ndan ayr\u0131l\u0131b.<\/p>\n","protected":false},"excerpt":{"rendered":"<p>X\u0259b\u0259r verdiyimiz kimi, Xalq artisti Alim Qas\u0131movun evind\u0259n o\u011furluq etm\u0259kd\u0259 ittiham olunan k&uuml;r\u0259k\u0259ni Elnur M&ouml;vlanov h\u0259bs edilib. Ucnoqta.az&nbsp;x\u0259b\u0259r verir ki, Modern.az&nbsp;sayt\u0131n\u0131n \u0259m\u0259kda\u015f\u0131 Alim Qas\u0131movla \u0259laq\u0259 saxlayaraq, hadis\u0259 il\u0259 ba\u011fl\u0131 ondan&hellip;<\/p>\n","protected":false},"author":1,"featured_media":251278,"comment_status":"open","ping_status":"open","sticky":false,"template":"","format":"standard","meta":{"_lmt_disableupdate":"","_lmt_disable":"","footnotes":""},"categories":[101],"tags":[],"class_list":["post-127350","post","type-post","status-publish","format-standard","has-post-thumbnail","hentry","category-cemiyyet"],"_links":{"self":[{"href":"https:\/\/ucnoqta.az\/index.php?rest_route=\/wp\/v2\/posts\/127350","targetHints":{"allow":["GET"]}}],"collection":[{"href":"https:\/\/ucnoqta.az\/index.php?rest_route=\/wp\/v2\/posts"}],"about":[{"href":"https:\/\/ucnoqta.az\/index.php?rest_route=\/wp\/v2\/types\/post"}],"author":[{"embeddable":true,"href":"https:\/\/ucnoqta.az\/index.php?rest_route=\/wp\/v2\/users\/1"}],"replies":[{"embeddable":true,"href":"https:\/\/ucnoqta.az\/index.php?rest_route=%2Fwp%2Fv2%2Fcomments&post=127350"}],"version-history":[{"count":0,"href":"https:\/\/ucnoqta.az\/index.php?rest_route=\/wp\/v2\/posts\/127350\/revisions"}],"wp:featuredmedia":[{"embeddable":true,"href":"https:\/\/ucnoqta.az\/index.php?rest_route=\/wp\/v2\/media\/251278"}],"wp:attachment":[{"href":"https:\/\/ucnoqta.az\/index.php?rest_route=%2Fwp%2Fv2%2Fmedia&parent=127350"}],"wp:term":[{"taxonomy":"category","embeddable":true,"href":"https:\/\/ucnoqta.az\/index.php?rest_route=%2Fwp%2Fv2%2Fcategories&post=127350"},{"taxonomy":"post_tag","embeddable":true,"href":"https:\/\/ucnoqta.az\/index.php?rest_route=%2Fwp%2Fv2%2Ftags&post=127350"}],"curies":[{"name":"wp","href":"https:\/\/api.w.org\/{rel}","templated":true}]}}