{"id":127347,"date":"2021-08-25T11:57:28","date_gmt":"2021-08-25T07:57:28","guid":{"rendered":""},"modified":"-0001-11-30T00:00:00","modified_gmt":"-0001-11-29T20:00:00","slug":"","status":"publish","type":"post","link":"https:\/\/ucnoqta.az\/?p=127347","title":{"rendered":"R\u00f6v\u015f\u0259n \u018fkb\u0259rovun m\u0259hk\u0259m\u0259si t\u0259xir\u0259 d\u00fc\u015fd\u00fc"},"content":{"rendered":"<p><strong>Bu g&uuml;n Bak\u0131 H\u0259rbi M\u0259hk\u0259m\u0259sind\u0259 q\u0259sd\u0259n adam &ouml;ld&uuml;rm\u0259kd\u0259 t\u0259qsirl\u0259ndiril\u0259n sabiq birlik komandiri, general-leytenant R&ouml;v\u015f\u0259n \u018fkb\u0259rovun cinay\u0259t i\u015fi &uuml;zr\u0259 ke&ccedil;irilm\u0259li olan m\u0259hk\u0259m\u0259 prosesi t\u0259xir\u0259 sal\u0131n\u0131b.<\/strong><\/p>\n<p>Hakim H\u0259bib H\u0259s\u0259novun s\u0259drliyi il\u0259 ke&ccedil;irilm\u0259li olan proses\u0259 m\u0259hk\u0259m\u0259 t\u0259rkibind\u0259ki hakiml\u0259rd\u0259n biri g\u0259lm\u0259diyind\u0259n proses sentyabr\u0131n 1-n\u0259 t\u0259yin edilib.<br \/>\nQeyd ed\u0259k ki, apar\u0131lm\u0131\u015f istintaqla R&ouml;v\u015f\u0259n \u018fkb\u0259rovun 2001-ci il may\u0131n 31-d\u0259n iyunun 1-n\u0259 ke&ccedil;\u0259n gec\u0259 Kiyev \u015f\u0259h\u0259ri, Deqtyaryov k&uuml;&ccedil;\u0259si 7 &uuml;nvanda yerl\u0259\u015f\u0259n &ldquo;Sikora&rdquo; kafesind\u0259 yeyib-i&ccedil;dikd\u0259n sonra, saat 4 rad\u0259l\u0259rind\u0259 h\u0259min kafenin yax\u0131nl\u0131\u011f\u0131nda El&ccedil;in \u018fliyev il\u0259 aralar\u0131nda yaranm\u0131\u015f c&uuml;zi m&uuml;naqi\u015f\u0259 s\u0259b\u0259bind\u0259n xuliqanl\u0131q niyy\u0259ti il\u0259 sonuncunun &uuml;r\u0259k nahiy\u0259sin\u0259 k\u0259sici-de\u015fici predmetl\u0259 x\u0259sar\u0259t yetir\u0259r\u0259k El&ccedil;in \u018fliyevi q\u0259sd\u0259n &ouml;ld&uuml;rm\u0259sin\u0259 \u0259sasl\u0131 \u015f&uuml;bh\u0259l\u0259r m&uuml;\u0259yy\u0259n edilib.<\/p>\n<p>R&ouml;v\u015f\u0259n \u018fkb\u0259rova Cinay\u0259t M\u0259c\u0259ll\u0259sinin 12.1, 120.2.2 (q\u0259sd\u0259n adam &ouml;ld&uuml;rm\u0259) v\u0259 12.1, 221.3-c&uuml; (xuliqanl\u0131q) madd\u0259l\u0259ri il\u0259 ittiham elan edil\u0259r\u0259k, bar\u0259sind\u0259 m\u0259hk\u0259m\u0259nin q\u0259rar\u0131 il\u0259 h\u0259bs q\u0259timkan t\u0259dbiri se&ccedil;ilib.<\/p>\n","protected":false},"excerpt":{"rendered":"<p>Bu g&uuml;n Bak\u0131 H\u0259rbi M\u0259hk\u0259m\u0259sind\u0259 q\u0259sd\u0259n adam &ouml;ld&uuml;rm\u0259kd\u0259 t\u0259qsirl\u0259ndiril\u0259n sabiq birlik komandiri, general-leytenant R&ouml;v\u015f\u0259n \u018fkb\u0259rovun cinay\u0259t i\u015fi &uuml;zr\u0259 ke&ccedil;irilm\u0259li olan m\u0259hk\u0259m\u0259 prosesi t\u0259xir\u0259 sal\u0131n\u0131b. Hakim H\u0259bib H\u0259s\u0259novun s\u0259drliyi il\u0259 ke&ccedil;irilm\u0259li&hellip;<\/p>\n","protected":false},"author":1,"featured_media":251278,"comment_status":"open","ping_status":"open","sticky":false,"template":"","format":"standard","meta":{"_lmt_disableupdate":"","_lmt_disable":"","footnotes":""},"categories":[],"tags":[],"class_list":["post-127347","post","type-post","status-publish","format-standard","has-post-thumbnail","hentry"],"_links":{"self":[{"href":"https:\/\/ucnoqta.az\/index.php?rest_route=\/wp\/v2\/posts\/127347","targetHints":{"allow":["GET"]}}],"collection":[{"href":"https:\/\/ucnoqta.az\/index.php?rest_route=\/wp\/v2\/posts"}],"about":[{"href":"https:\/\/ucnoqta.az\/index.php?rest_route=\/wp\/v2\/types\/post"}],"author":[{"embeddable":true,"href":"https:\/\/ucnoqta.az\/index.php?rest_route=\/wp\/v2\/users\/1"}],"replies":[{"embeddable":true,"href":"https:\/\/ucnoqta.az\/index.php?rest_route=%2Fwp%2Fv2%2Fcomments&post=127347"}],"version-history":[{"count":0,"href":"https:\/\/ucnoqta.az\/index.php?rest_route=\/wp\/v2\/posts\/127347\/revisions"}],"wp:featuredmedia":[{"embeddable":true,"href":"https:\/\/ucnoqta.az\/index.php?rest_route=\/wp\/v2\/media\/251278"}],"wp:attachment":[{"href":"https:\/\/ucnoqta.az\/index.php?rest_route=%2Fwp%2Fv2%2Fmedia&parent=127347"}],"wp:term":[{"taxonomy":"category","embeddable":true,"href":"https:\/\/ucnoqta.az\/index.php?rest_route=%2Fwp%2Fv2%2Fcategories&post=127347"},{"taxonomy":"post_tag","embeddable":true,"href":"https:\/\/ucnoqta.az\/index.php?rest_route=%2Fwp%2Fv2%2Ftags&post=127347"}],"curies":[{"name":"wp","href":"https:\/\/api.w.org\/{rel}","templated":true}]}}