{"id":127340,"date":"2021-08-25T10:54:20","date_gmt":"2021-08-25T06:54:20","guid":{"rendered":""},"modified":"-0001-11-30T00:00:00","modified_gmt":"-0001-11-29T20:00:00","slug":"","status":"publish","type":"post","link":"https:\/\/ucnoqta.az\/?p=127340","title":{"rendered":"\u201cQara maskal\u0131 \u015f\u0259xs m\u0259n\u0259 iyn\u0259 vurma\u011fa \u00e7al\u0131\u015fanda q\u0131\u015fq\u0131rd\u0131m, qa\u00e7d\u0131\u201d"},"content":{"rendered":"<p><strong>A\u011fsu rayonu, Ke&ccedil;dim\u0259z k\u0259nd sakini Kamran \u018fzimzad\u0259 h\u0259y\u0259tl\u0259rind\u0259ki ot &ccedil;ardaqlar\u0131n\u0131n &uuml;z&uuml;n&uuml; qara maska il\u0259 gizl\u0259d\u0259n \u015f\u0259xsl\u0259r t\u0259r\u0259find\u0259n yand\u0131r\u0131ld\u0131\u011f\u0131n\u0131 iddia edir.<\/strong><\/p>\n<p>Bu bar\u0259d\u0259 &ldquo;Qafqazinfo&rdquo;ya m&uuml;raci\u0259t ed\u0259n K. \u018fzimzad\u0259 bildirib ki, h\u0259y\u0259tyan\u0131 sah\u0259l\u0259r bir m&uuml;dd\u0259tdir nam\u0259lum \u015f\u0259xsl\u0259r t\u0259r\u0259find\u0259n yand\u0131r\u0131l\u0131r: &ldquo;Avqustun 16-da \u0259mim o\u011flunun &ccedil;arda\u011f\u0131n\u0131 yand\u0131rd\u0131lar. S\u0259h\u0259ri g&uuml;n yax\u0131nl\u0131\u011f\u0131m\u0131zda yerl\u0259\u015f\u0259n ya\u015fay\u0131\u015f olmayan evin h\u0259y\u0259tyan\u0131 sah\u0259sini yand\u0131rd\u0131lar. Daha sonra&nbsp; ax\u015fam saat doqquza qalm\u0131\u015f bizim evin h\u0259y\u0259tini yand\u0131rd\u0131lar. G&ouml;rd&uuml;k v\u0259 tez gedib s&ouml;nd&uuml;rd&uuml;k. &Uuml;st&uuml;nd\u0259n on d\u0259qiq\u0259 ke&ccedil;\u0259nd\u0259n sonra &ccedil;arda\u011f\u0131n tinind\u0259n od vurdular.&nbsp; Yan\u011f\u0131ns&ouml;nd&uuml;r\u0259n &ccedil;a\u011f\u0131rd\u0131q, s&ouml;nd&uuml;rd&uuml;l\u0259r. El\u0259 h\u0259min g&uuml;n gec\u0259 saat bird\u0259 h\u0259y\u0259timizin a\u015fa\u011f\u0131s\u0131na da od vurub yand\u0131rd\u0131lar.<\/p>\n<p>Ay\u0131n 19-da ax\u015fam saatlar\u0131nda &ccedil;arda\u011f\u0131m\u0131za baxma\u011fa ged\u0259nd\u0259 qaralt\u0131 g&ouml;rd&uuml;m. &Ccedil;a\u011f\u0131rd\u0131m, s\u0259s g\u0259lm\u0259di. Yax\u0131nla\u015fanda g&ouml;rd&uuml;m ki, h\u0259min \u015f\u0259xsin &uuml;z&uuml;nd\u0259 qara maska v\u0259 onun &uuml;z\u0259rind\u0259 d\u0259 t&uuml;l var. &Uuml;z&uuml;n&uuml; a&ccedil;maq ist\u0259y\u0259nd\u0259 m\u0259ni yer\u0259 y\u0131xd\u0131, fiziki t\u0259zyiq g&ouml;st\u0259rdi v\u0259 paltarlar\u0131m\u0131 c\u0131r\u0131q-c\u0131r\u0131q etdi. &Ccedil;antas\u0131ndan &ccedil;\u0131xar\u0131b m\u0259n\u0259 iyn\u0259 vurma\u011fa &ccedil;al\u0131\u015fd\u0131, q\u0131\u015fq\u0131rd\u0131m, qa&ccedil;d\u0131&quot;.<\/p>\n<p>\u015eikay\u0259t&ccedil;inin s&ouml;zl\u0259rin\u0259 g&ouml;r\u0259, \u0259vv\u0259lki v\u0259 bud\u0259f\u0259ki yan\u011f\u0131nlar\u0131n h\u0259r ikisi haqda polis\u0259 m\u0259lumat veribl\u0259r: &quot;Sra\u011fag&uuml;n s\u0259h\u0259rd\u0259n ax\u015fam on bir\u0259 kimi bizi polis \u015f&ouml;b\u0259sind\u0259 dindiribl\u0259r. Bildirirl\u0259r ki, guya m\u0259nim psixoloji problemim var&quot;.&nbsp;<\/p>\n<p>Atam ne&ccedil;\u0259 g&uuml;nd&uuml;r ki, gec\u0259l\u0259r yatm\u0131r, ke\u015fik &ccedil;\u0259kir. Ail\u0259miz\u0259 yanan otlara g&ouml;r\u0259 &ccedil;oxlu ziyan d\u0259yib. N\u0259 &uuml;&ccedil;&uuml;n q\u0259sd\u0259n biz &ouml;z&uuml;m&uuml;z\u0259 ziyan vurmal\u0131y\u0131q? Polis\u0259 dey\u0259nd\u0259 ki, bizi qorumal\u0131s\u0131n\u0131z, deyirl\u0259r ki, bizim i\u015fimiz sizi qorumaq deyil. El\u0259 polis \u015f&ouml;b\u0259sind\u0259n &ccedil;\u0131x\u0131b 100 metr aralanan kimi k\u0259ndd\u0259n z\u0259ng g\u0259ldi ki, ot tayas\u0131 yand\u0131r\u0131ld\u0131. Biz d\u0259 d\u0259rhal \u015f&ouml;b\u0259y\u0259 qay\u0131d\u0131b m\u0259lumat verdik ki, bax\u0131n, hadis\u0259ni t&ouml;r\u0259d\u0259n biz deyilik. Qorxu i&ccedil;ind\u0259 ya\u015fay\u0131r\u0131q. \u0130st\u0259yirik ki, polis h\u0259min adamlar\u0131 tez zamanda tap\u0131b m\u0259suliyy\u0259t\u0259 c\u0259lb etsin&rdquo;.<\/p>\n<p>D\u0130N M\u0259tbuat xidm\u0259tinin \u015e\u0259ki regional qrupunun ba\u015f inspektoru, polis ba\u015f leytenant\u0131 Mahir M\u0259simov t\u0259sdiql\u0259yib ki, s&ouml;z&uuml;ged\u0259n hadis\u0259 il\u0259 ba\u011fl\u0131 v\u0259t\u0259nda\u015f iki d\u0259f\u0259 102-y\u0259 m&uuml;raci\u0259t edib: &ldquo;Kamran \u018fzimovun &ouml;z&uuml;n&uuml;n dediyin\u0259 g&ouml;r\u0259, qara maskal\u0131 \u015f\u0259xs t\u0259r\u0259find\u0259n iyn\u0259 il\u0259 ona x\u0259sar\u0259t yetirilm\u0259si il\u0259 ba\u011fl\u0131 m&uuml;raci\u0259t daxil olub. Bir d\u0259 onlar\u0131n t&ouml;vl\u0259l\u0259ri yand\u0131r\u0131l\u0131b. H\u0259r\u0259sind\u0259 d\u0259 500 ot ba\u011flamas\u0131 olub. H\u0259l\u0259 ki&nbsp;m\u0259s\u0259l\u0259 il\u0259 ba\u011fl\u0131 konkret bir n\u0259tic\u0259 yoxdur, k\u0259ndd\u0259 polis \u0259m\u0259kda\u015flar\u0131 t\u0259r\u0259find\u0259n ara\u015fd\u0131rma gedir. Bu m\u0259s\u0259l\u0259 il\u0259 ba\u011fl\u0131 dig\u0259r m&uuml;raci\u0259tl\u0259r d\u0259 daxil olub. Haz\u0131rda polis \u015f&ouml;b\u0259sind\u0259 ara\u015fd\u0131rmalar apar\u0131l\u0131r. H\u0259min k\u0259ndd\u0259 polis t\u0259r\u0259find\u0259n g&uuml;cl\u0259ndirilmi\u015f xidm\u0259t apar\u0131l\u0131r&rdquo;.&nbsp;<\/p>\n<p>&nbsp;<\/p>\n<p><iframe allow=\"autoplay\" allowfullscreen=\"\" frameborder=\"0\" height=\"315\" src=\"\/\/ok.ru\/videoembed\/2744631036522\" width=\"560\"><\/iframe><\/p>\n","protected":false},"excerpt":{"rendered":"<p>A\u011fsu rayonu, Ke&ccedil;dim\u0259z k\u0259nd sakini Kamran \u018fzimzad\u0259 h\u0259y\u0259tl\u0259rind\u0259ki ot &ccedil;ardaqlar\u0131n\u0131n &uuml;z&uuml;n&uuml; qara maska il\u0259 gizl\u0259d\u0259n \u015f\u0259xsl\u0259r t\u0259r\u0259find\u0259n yand\u0131r\u0131ld\u0131\u011f\u0131n\u0131 iddia edir. Bu bar\u0259d\u0259 &ldquo;Qafqazinfo&rdquo;ya m&uuml;raci\u0259t ed\u0259n K. \u018fzimzad\u0259 bildirib ki, h\u0259y\u0259tyan\u0131&hellip;<\/p>\n","protected":false},"author":1,"featured_media":251278,"comment_status":"open","ping_status":"open","sticky":false,"template":"","format":"standard","meta":{"_lmt_disableupdate":"","_lmt_disable":"","footnotes":""},"categories":[],"tags":[],"class_list":["post-127340","post","type-post","status-publish","format-standard","has-post-thumbnail","hentry"],"_links":{"self":[{"href":"https:\/\/ucnoqta.az\/index.php?rest_route=\/wp\/v2\/posts\/127340","targetHints":{"allow":["GET"]}}],"collection":[{"href":"https:\/\/ucnoqta.az\/index.php?rest_route=\/wp\/v2\/posts"}],"about":[{"href":"https:\/\/ucnoqta.az\/index.php?rest_route=\/wp\/v2\/types\/post"}],"author":[{"embeddable":true,"href":"https:\/\/ucnoqta.az\/index.php?rest_route=\/wp\/v2\/users\/1"}],"replies":[{"embeddable":true,"href":"https:\/\/ucnoqta.az\/index.php?rest_route=%2Fwp%2Fv2%2Fcomments&post=127340"}],"version-history":[{"count":0,"href":"https:\/\/ucnoqta.az\/index.php?rest_route=\/wp\/v2\/posts\/127340\/revisions"}],"wp:featuredmedia":[{"embeddable":true,"href":"https:\/\/ucnoqta.az\/index.php?rest_route=\/wp\/v2\/media\/251278"}],"wp:attachment":[{"href":"https:\/\/ucnoqta.az\/index.php?rest_route=%2Fwp%2Fv2%2Fmedia&parent=127340"}],"wp:term":[{"taxonomy":"category","embeddable":true,"href":"https:\/\/ucnoqta.az\/index.php?rest_route=%2Fwp%2Fv2%2Fcategories&post=127340"},{"taxonomy":"post_tag","embeddable":true,"href":"https:\/\/ucnoqta.az\/index.php?rest_route=%2Fwp%2Fv2%2Ftags&post=127340"}],"curies":[{"name":"wp","href":"https:\/\/api.w.org\/{rel}","templated":true}]}}