{"id":127329,"date":"2021-08-25T09:47:52","date_gmt":"2021-08-25T05:47:52","guid":{"rendered":""},"modified":"-0001-11-30T00:00:00","modified_gmt":"-0001-11-29T20:00:00","slug":"","status":"publish","type":"post","link":"https:\/\/ucnoqta.az\/?p=127329","title":{"rendered":"Peyv\u0259ndd\u0259n sonra \u0259ks g\u00f6st\u0259ri\u015f\u0259 g\u00f6r\u0259 kompensasiya \u00f6d\u0259nil\u0259c\u0259k? &#8211; <font color=red><b>A\u00c7IQLAMA<\/b><\/font>"},"content":{"rendered":"<p><strong>&#8220;Haz\u0131rk\u0131 tarix\u0259 q\u0259d\u0259r s\u0259hiyy\u0259 qurumlar\u0131na COVID-19-a qar\u015f\u0131 peyv\u0259ndd\u0259n sonra \u0259ks g\u00f6st\u0259ri\u015fi il\u0259 ba\u011fl\u0131 m\u00fcraci\u0259t olunmay\u0131b&#8221;.<\/strong><\/p>\n<p>Ucnoqta.az x\u0259b\u0259r verir ki, bunu Az\u0259rbaycan S\u0259hiyy\u0259 Nazirliyinin m\u0259tbuat katibi P\u0259rviz Abub\u0259kirov bildirib. Nazirliyinin a\u00e7\u0131qlamas\u0131nda bildirilir ki, COVID-19-a qar\u015f\u0131 peyv\u0259ndd\u0259n sonra ciddi \u0259ks g\u00f6st\u0259ri\u015fli m\u00fcraci\u0259t olmad\u0131\u011f\u0131ndan, bu istiqam\u0259td\u0259 kompensasiya verilm\u0259 hal\u0131 qeyd\u0259 al\u0131nmay\u0131b.<\/p>\n<p>Maraql\u0131d\u0131r, \u0259g\u0259r vaksin vurulark\u0259n v\u0259t\u0259nda\u015fda a\u011f\u0131rla\u015fma hal\u0131 qeyd\u0259 al\u0131narsa, bunun \u00fc\u00e7\u00fcn n\u0259 q\u0259d\u0259r kompensasiya m\u00fc\u0259yy\u0259n edil\u0259 bil\u0259r? \u00dcmumiyy\u0259tl\u0259, \u0259ks g\u00f6st\u0259ri\u015fl\u0259 ba\u011fl\u0131 hadis\u0259l\u0259rl\u0259 yana\u015f\u0131, \u00f6l\u00fcm hallar\u0131 da ya\u015fanarsa, kompensasiya veril\u0259 bil\u0259rmi?<\/p>\n<p>Cebhe.info-ya a\u00e7\u0131qlamas\u0131nda Milli M\u0259clisin S\u0259hiyy\u0259 komti\u0259sinin \u00fczv\u00fc, deputat Kamil\u0259 \u018fliyeva bununla ba\u011fl\u0131 m\u0259lumat\u0131 olmad\u0131\u011f\u0131n\u0131 bildirib:<\/p>\n<p>\u201c\u00dcmimiyy\u0259tl\u0259, \u00dcST t\u0259r\u0259find\u0259n bel\u0259 bir t\u0259\u015f\u0259bb\u00fcs\u00fcn olmas\u0131 haqq\u0131nda m\u0259lumat\u0131m yoxdur. Bununla yana\u015f\u0131, COVID-19-a qar\u015f\u0131 peyv\u0259ndd\u0259n sonra \u0259ks g\u00f6st\u0259ri\u015fi olan insanlara hans\u0131sa kompensasiyan\u0131n verilm\u0259si il\u0259 ba\u011fl\u0131 \u0259laq\u0259dar m\u0259lumatlarla qar\u015f\u0131la\u015fmam\u0131\u015fam&#8221;.<\/p>\n<p>Kamil\u0259 \u018fliyeva bildirib ki, \u0259g\u0259r \u00dcST COVID infeksiyas\u0131na qar\u015f\u0131 peyv\u0259ndd\u0259n sonra ciddi \u0259ks g\u00f6st\u0259ri\u015fi olan insanlara kompensasiya verilm\u0259si bar\u0259d\u0259 h\u0259r hans\u0131 t\u00f6vsiy\u0259 il\u0259 \u00e7\u0131x\u0131\u015f ed\u0259rs\u0259, bunu m\u00fcsb\u0259t hal kimi qar\u015f\u0131layar.<\/p>\n<p>M\u00f6vzu il\u0259 ba\u011fl\u0131 Milli M\u0259clisi \u018fm\u0259k v\u0259 Sosial Siyas\u0259t Komit\u0259sinin s\u0259dri Musa Quliyev d\u0259 dan\u0131\u015f\u0131b. O, haz\u0131rda d\u00fcnyada koronavirusa g\u00f6r\u0259 kompensasiya \u00f6d\u0259nilm\u0259si il\u0259 ba\u011fl\u0131 hans\u0131sa t\u0259cr\u00fcb\u0259sinin olmad\u0131\u011f\u0131n\u0131 qeyd edib:<\/p>\n<p>\u201cD\u00fcnyada el\u0259 praktika yoxdur. Tibb sah\u0259sind\u0259 kims\u0259 m\u00fcalic\u0259 alanda, s\u0259hh\u0259tind\u0259 yax\u015f\u0131la\u015fma olmayanda, ona kompensasiya verilir? S\u0259hiyy\u0259 Nazirliyin\u0259 m\u00fcraci\u0259t daxil olsa bel\u0259, bildirim ki, el\u0259 bir mexanizm, qayda haz\u0131rda yoxdur. Az\u0259rbaycanda vurulan vaksinl\u0259rin ciddi a\u011f\u0131rla\u015fmas\u0131 olmur. \u0130st\u0259r koronavirus vaksini, ist\u0259rs\u0259 d\u0259 dig\u0259r s\u0259b\u0259bd\u0259n h\u0259kim s\u0259hvind\u0259n v\u0259t\u0259nda\u015f \u0259ziyy\u0259t \u00e7\u0259k\u0259rs\u0259 v\u0259 bu s\u00fcbut olunarsa, d\u0259y\u0259n z\u0259r\u0259rin \u00f6d\u0259nilm\u0259sin\u0259, h\u0259kimin i\u015fin\u0259 m\u0259hk\u0259m\u0259 qaydas\u0131nda bax\u0131la bil\u0259r&#8221;.<\/p>\n","protected":false},"excerpt":{"rendered":"<p>&#8220;Haz\u0131rk\u0131 tarix\u0259 q\u0259d\u0259r s\u0259hiyy\u0259 qurumlar\u0131na COVID-19-a qar\u015f\u0131 peyv\u0259ndd\u0259n sonra \u0259ks g\u00f6st\u0259ri\u015fi il\u0259 ba\u011fl\u0131 m\u00fcraci\u0259t olunmay\u0131b&#8221;. Ucnoqta.az x\u0259b\u0259r verir ki, bunu Az\u0259rbaycan S\u0259hiyy\u0259 Nazirliyinin m\u0259tbuat katibi P\u0259rviz Abub\u0259kirov bildirib. Nazirliyinin a\u00e7\u0131qlamas\u0131nda&hellip;<\/p>\n","protected":false},"author":1,"featured_media":251278,"comment_status":"open","ping_status":"open","sticky":false,"template":"","format":"standard","meta":{"_lmt_disableupdate":"","_lmt_disable":"","footnotes":""},"categories":[101],"tags":[],"class_list":["post-127329","post","type-post","status-publish","format-standard","has-post-thumbnail","hentry","category-cemiyyet"],"_links":{"self":[{"href":"https:\/\/ucnoqta.az\/index.php?rest_route=\/wp\/v2\/posts\/127329","targetHints":{"allow":["GET"]}}],"collection":[{"href":"https:\/\/ucnoqta.az\/index.php?rest_route=\/wp\/v2\/posts"}],"about":[{"href":"https:\/\/ucnoqta.az\/index.php?rest_route=\/wp\/v2\/types\/post"}],"author":[{"embeddable":true,"href":"https:\/\/ucnoqta.az\/index.php?rest_route=\/wp\/v2\/users\/1"}],"replies":[{"embeddable":true,"href":"https:\/\/ucnoqta.az\/index.php?rest_route=%2Fwp%2Fv2%2Fcomments&post=127329"}],"version-history":[{"count":0,"href":"https:\/\/ucnoqta.az\/index.php?rest_route=\/wp\/v2\/posts\/127329\/revisions"}],"wp:featuredmedia":[{"embeddable":true,"href":"https:\/\/ucnoqta.az\/index.php?rest_route=\/wp\/v2\/media\/251278"}],"wp:attachment":[{"href":"https:\/\/ucnoqta.az\/index.php?rest_route=%2Fwp%2Fv2%2Fmedia&parent=127329"}],"wp:term":[{"taxonomy":"category","embeddable":true,"href":"https:\/\/ucnoqta.az\/index.php?rest_route=%2Fwp%2Fv2%2Fcategories&post=127329"},{"taxonomy":"post_tag","embeddable":true,"href":"https:\/\/ucnoqta.az\/index.php?rest_route=%2Fwp%2Fv2%2Ftags&post=127329"}],"curies":[{"name":"wp","href":"https:\/\/api.w.org\/{rel}","templated":true}]}}