{"id":127323,"date":"2021-08-25T08:57:06","date_gmt":"2021-08-25T04:57:06","guid":{"rendered":""},"modified":"-0001-11-30T00:00:00","modified_gmt":"-0001-11-29T20:00:00","slug":"","status":"publish","type":"post","link":"https:\/\/ucnoqta.az\/?p=127323","title":{"rendered":"Talibandan daha bir <font color=red><b>QADA\u011eA<\/b><\/font>"},"content":{"rendered":"<p><strong>Taliban h\u0259r\u0259kat\u0131 \u018ffqan\u0131stan v\u0259t\u0259nda\u015flar\u0131na xaric\u0259 dollar v\u0259 tarixi \u0259\u015fyalar\u0131n apar\u0131lmas\u0131n\u0131 qada\u011fan edib.<\/strong><\/p>\n<p>Ucnoqta.az&nbsp;x\u0259b\u0259r verir ki, bu bar\u0259d\u0259 qrupla\u015fman\u0131n Tvitter hesab\u0131nda m\u0259lumat yay\u0131l\u0131b.<\/p>\n<p>&quot;B&uuml;t&uuml;n v\u0259t\u0259nda\u015flara bildiririk ki, dollar v\u0259 \u0259ntiq \u0259\u015fyalar\u0131n h\u0259r hans\u0131 yolla &ouml;lk\u0259d\u0259n &ccedil;\u0131xar\u0131lmas\u0131 q\u0259ti qada\u011fand\u0131r. \u018fg\u0259r bu \u015feyl\u0259r kimins\u0259 &uuml;z\u0259rind\u0259 tap\u0131larsa, d\u0259rhal m&uuml;sadir\u0259 edil\u0259c\u0259k v\u0259 sahibl\u0259ri c\u0259zaland\u0131r\u0131lacaq&rdquo;, &#8211; dey\u0259 bildirilib.\/\/\/axar.az<\/p>\n","protected":false},"excerpt":{"rendered":"<p>Taliban h\u0259r\u0259kat\u0131 \u018ffqan\u0131stan v\u0259t\u0259nda\u015flar\u0131na xaric\u0259 dollar v\u0259 tarixi \u0259\u015fyalar\u0131n apar\u0131lmas\u0131n\u0131 qada\u011fan edib. Ucnoqta.az&nbsp;x\u0259b\u0259r verir ki, bu bar\u0259d\u0259 qrupla\u015fman\u0131n Tvitter hesab\u0131nda m\u0259lumat yay\u0131l\u0131b. &quot;B&uuml;t&uuml;n v\u0259t\u0259nda\u015flara bildiririk ki, dollar v\u0259 \u0259ntiq \u0259\u015fyalar\u0131n&hellip;<\/p>\n","protected":false},"author":1,"featured_media":251278,"comment_status":"open","ping_status":"open","sticky":false,"template":"","format":"standard","meta":{"_lmt_disableupdate":"","_lmt_disable":"","footnotes":""},"categories":[89],"tags":[],"class_list":["post-127323","post","type-post","status-publish","format-standard","has-post-thumbnail","hentry","category-dunya-butun-xeberler"],"_links":{"self":[{"href":"https:\/\/ucnoqta.az\/index.php?rest_route=\/wp\/v2\/posts\/127323","targetHints":{"allow":["GET"]}}],"collection":[{"href":"https:\/\/ucnoqta.az\/index.php?rest_route=\/wp\/v2\/posts"}],"about":[{"href":"https:\/\/ucnoqta.az\/index.php?rest_route=\/wp\/v2\/types\/post"}],"author":[{"embeddable":true,"href":"https:\/\/ucnoqta.az\/index.php?rest_route=\/wp\/v2\/users\/1"}],"replies":[{"embeddable":true,"href":"https:\/\/ucnoqta.az\/index.php?rest_route=%2Fwp%2Fv2%2Fcomments&post=127323"}],"version-history":[{"count":0,"href":"https:\/\/ucnoqta.az\/index.php?rest_route=\/wp\/v2\/posts\/127323\/revisions"}],"wp:featuredmedia":[{"embeddable":true,"href":"https:\/\/ucnoqta.az\/index.php?rest_route=\/wp\/v2\/media\/251278"}],"wp:attachment":[{"href":"https:\/\/ucnoqta.az\/index.php?rest_route=%2Fwp%2Fv2%2Fmedia&parent=127323"}],"wp:term":[{"taxonomy":"category","embeddable":true,"href":"https:\/\/ucnoqta.az\/index.php?rest_route=%2Fwp%2Fv2%2Fcategories&post=127323"},{"taxonomy":"post_tag","embeddable":true,"href":"https:\/\/ucnoqta.az\/index.php?rest_route=%2Fwp%2Fv2%2Ftags&post=127323"}],"curies":[{"name":"wp","href":"https:\/\/api.w.org\/{rel}","templated":true}]}}