{"id":127317,"date":"2021-08-25T00:29:39","date_gmt":"2021-08-24T20:29:39","guid":{"rendered":""},"modified":"-0001-11-30T00:00:00","modified_gmt":"-0001-11-29T20:00:00","slug":"","status":"publish","type":"post","link":"https:\/\/ucnoqta.az\/?p=127317","title":{"rendered":"&#8220;Bayraktar&#8221; m\u0259\u015fhur terror\u00e7unu bel\u0259 m\u0259hv etdi  &#8211; <font color=red><b>ANBAAN V\u0130DEO<\/b><\/font>"},"content":{"rendered":"<p><strong>T&uuml;rkiy\u0259 Silahl\u0131 Q&uuml;vv\u0259l\u0259rinin \u0130raq \u0259razisind\u0259 PKK terror&ccedil;ular\u0131na qar\u015f\u0131 20 t\u0259yyar\u0259nin i\u015ftirak\u0131 il\u0259 geni\u015f \u0259m\u0259liyyat t\u0259\u015fkil edib.<\/strong><\/p>\n<p>Ucnoqta.az &quot;Anadolu&quot; agentliyin\u0259 istinad\u0259n x\u0259b\u0259r verir ki, terror&ccedil;ulara qar\u015f\u0131 \u0259m\u0259liyyatda &quot;TB-2 Bayraktar&quot; pilotsuz u&ccedil;u\u015f aparat\u0131ndan da istifad\u0259 olunub.<\/p>\n<p>\u0130raq\u0131n \u015fimal\u0131nda yerl\u0259\u015f\u0259n Asos b&ouml;lg\u0259sind\u0259 \u0259m\u0259liyyat zaman\u0131 11 t&uuml;rk h\u0259rb&ccedil;inin qatili olan &quot;Renas Roj&quot; kod adl\u0131 S\u0259lah\u0259ddin Sahabi adl\u0131 PKK terror&ccedil;usu da z\u0259r\u0259rsizl\u0259\u015fdirilib.<\/p>\n<p>H\u0259m&ccedil;inin 20-d\u0259n &ccedil;ox t\u0259yyar\u0259nin i\u015ftirak etdiyi hava \u0259m\u0259liyyat\u0131 il\u0259 s\u0131\u011f\u0131nacaq, bunker, sursat anbarlar\u0131, q\u0259rargah v\u0259 terror&ccedil;ulara m\u0259xsus ma\u011faralardan ibar\u0259t 28 h\u0259d\u0259f m\u0259hv edilib.<\/p>\n<p><iframe allow=\"accelerometer; autoplay; clipboard-write; encrypted-media; gyroscope; picture-in-picture\" allowfullscreen=\"\" frameborder=\"0\" height=\"315\" src=\"https:\/\/www.youtube.com\/embed\/ovktNeMWHH4\" title=\"YouTube video player\" width=\"560\"><\/iframe><br \/>\n\u200b\/\/\/xezerxeber<\/p>\n","protected":false},"excerpt":{"rendered":"<p>T&uuml;rkiy\u0259 Silahl\u0131 Q&uuml;vv\u0259l\u0259rinin \u0130raq \u0259razisind\u0259 PKK terror&ccedil;ular\u0131na qar\u015f\u0131 20 t\u0259yyar\u0259nin i\u015ftirak\u0131 il\u0259 geni\u015f \u0259m\u0259liyyat t\u0259\u015fkil edib. Ucnoqta.az &quot;Anadolu&quot; agentliyin\u0259 istinad\u0259n x\u0259b\u0259r verir ki, terror&ccedil;ulara qar\u015f\u0131 \u0259m\u0259liyyatda &quot;TB-2 Bayraktar&quot; pilotsuz u&ccedil;u\u015f&hellip;<\/p>\n","protected":false},"author":1,"featured_media":251278,"comment_status":"open","ping_status":"open","sticky":false,"template":"","format":"standard","meta":{"_lmt_disableupdate":"","_lmt_disable":"","footnotes":""},"categories":[],"tags":[],"class_list":["post-127317","post","type-post","status-publish","format-standard","has-post-thumbnail","hentry"],"_links":{"self":[{"href":"https:\/\/ucnoqta.az\/index.php?rest_route=\/wp\/v2\/posts\/127317","targetHints":{"allow":["GET"]}}],"collection":[{"href":"https:\/\/ucnoqta.az\/index.php?rest_route=\/wp\/v2\/posts"}],"about":[{"href":"https:\/\/ucnoqta.az\/index.php?rest_route=\/wp\/v2\/types\/post"}],"author":[{"embeddable":true,"href":"https:\/\/ucnoqta.az\/index.php?rest_route=\/wp\/v2\/users\/1"}],"replies":[{"embeddable":true,"href":"https:\/\/ucnoqta.az\/index.php?rest_route=%2Fwp%2Fv2%2Fcomments&post=127317"}],"version-history":[{"count":0,"href":"https:\/\/ucnoqta.az\/index.php?rest_route=\/wp\/v2\/posts\/127317\/revisions"}],"wp:featuredmedia":[{"embeddable":true,"href":"https:\/\/ucnoqta.az\/index.php?rest_route=\/wp\/v2\/media\/251278"}],"wp:attachment":[{"href":"https:\/\/ucnoqta.az\/index.php?rest_route=%2Fwp%2Fv2%2Fmedia&parent=127317"}],"wp:term":[{"taxonomy":"category","embeddable":true,"href":"https:\/\/ucnoqta.az\/index.php?rest_route=%2Fwp%2Fv2%2Fcategories&post=127317"},{"taxonomy":"post_tag","embeddable":true,"href":"https:\/\/ucnoqta.az\/index.php?rest_route=%2Fwp%2Fv2%2Ftags&post=127317"}],"curies":[{"name":"wp","href":"https:\/\/api.w.org\/{rel}","templated":true}]}}