{"id":127316,"date":"2021-08-24T23:49:23","date_gmt":"2021-08-24T19:49:23","guid":{"rendered":""},"modified":"-0001-11-30T00:00:00","modified_gmt":"-0001-11-29T20:00:00","slug":"","status":"publish","type":"post","link":"https:\/\/ucnoqta.az\/?p=127316","title":{"rendered":"Fal\u00e7\u0131 M\u0259lah\u0259tin <font color=red><b>\u00d6NC\u018fG\u00d6RM\u018fS\u0130<\/b><\/font> bax\u0131\u015f rekordu q\u0131r\u0131r"},"content":{"rendered":"<p>&nbsp;<\/p>\n<p><strong>D&uuml;nya da\u011f\u0131lmayacaq, ancaq yadplanetlil\u0259rl\u0259 g&ouml;r&uuml;\u015f ba\u015f tutacaq.<\/strong><\/p>\n<p>Ucnoqta.az teleqraf.com-a istinad\u0259n bildirir ki, bu s&ouml;zl\u0259ri Rusiyada yay\u0131mlanan &quot;Ekstrasensl\u0259rin sava\u015f\u0131&quot; yar\u0131\u015f\u0131n\u0131n az\u0259rbaycanl\u0131 i\u015ftirak&ccedil;\u0131s\u0131 M\u0259lah\u0259t N\u0259z\u0259rova deyib.<br \/>\nOnun s&ouml;zl\u0259rin\u0259 g&ouml;r\u0259, d&uuml;nyan\u0131 m&uuml;harib\u0259 v\u0259 inqilablar b&uuml;r&uuml;y\u0259nd\u0259 Rusiya &quot;t\u0259hl&uuml;k\u0259siz ada&quot; olacaq:<\/p>\n<p>&quot;B&uuml;t&uuml;n Sovet \u0130ttifaq\u0131 &ouml;lk\u0259l\u0259ri Rusiyaya s\u0131\u011f\u0131nacaq. Yaponiya v\u0259 Almaniya is\u0259 Rusiyan\u0131n \u0259n etibarl\u0131 t\u0259r\u0259fda\u015f\u0131 olacaq. Bu il is\u0259 yadplanetlil\u0259rl\u0259 r\u0259smi g&ouml;r&uuml;\u015f ba\u015f tutacaq&quot;.<\/p>\n<p>Ekstrasens g&ouml;r&uuml;\u015f&uuml;n Rusiyada ke&ccedil;iril\u0259c\u0259yini \u0259lav\u0259 edib.<\/p>\n<p>Qeyd ed\u0259k ki, M\u0259lah\u0259t N\u0259z\u0259rova vaxtil\u0259 SSR\u0130-nin da\u011f\u0131lmas\u0131n\u0131, Da\u011fl\u0131q Qaraba\u011f m&uuml;naqi\u015f\u0259sinin geti\u015fat\u0131n\u0131, Az\u0259rbaycanda bir s\u0131ra siyasi prosesl\u0259ri v\u0259 &quot;Rusiyan\u0131n parlaq g\u0259l\u0259c\u0259yi&quot;ni proqnozla\u015fd\u0131rm\u0131\u015fd\u0131.<\/p>\n","protected":false},"excerpt":{"rendered":"<p>&nbsp; D&uuml;nya da\u011f\u0131lmayacaq, ancaq yadplanetlil\u0259rl\u0259 g&ouml;r&uuml;\u015f ba\u015f tutacaq. Ucnoqta.az teleqraf.com-a istinad\u0259n bildirir ki, bu s&ouml;zl\u0259ri Rusiyada yay\u0131mlanan &quot;Ekstrasensl\u0259rin sava\u015f\u0131&quot; yar\u0131\u015f\u0131n\u0131n az\u0259rbaycanl\u0131 i\u015ftirak&ccedil;\u0131s\u0131 M\u0259lah\u0259t N\u0259z\u0259rova deyib. Onun s&ouml;zl\u0259rin\u0259 g&ouml;r\u0259, d&uuml;nyan\u0131 m&uuml;harib\u0259&hellip;<\/p>\n","protected":false},"author":1,"featured_media":251278,"comment_status":"open","ping_status":"open","sticky":false,"template":"","format":"standard","meta":{"_lmt_disableupdate":"","_lmt_disable":"","footnotes":""},"categories":[97],"tags":[],"class_list":["post-127316","post","type-post","status-publish","format-standard","has-post-thumbnail","hentry","category-maraqli"],"_links":{"self":[{"href":"https:\/\/ucnoqta.az\/index.php?rest_route=\/wp\/v2\/posts\/127316","targetHints":{"allow":["GET"]}}],"collection":[{"href":"https:\/\/ucnoqta.az\/index.php?rest_route=\/wp\/v2\/posts"}],"about":[{"href":"https:\/\/ucnoqta.az\/index.php?rest_route=\/wp\/v2\/types\/post"}],"author":[{"embeddable":true,"href":"https:\/\/ucnoqta.az\/index.php?rest_route=\/wp\/v2\/users\/1"}],"replies":[{"embeddable":true,"href":"https:\/\/ucnoqta.az\/index.php?rest_route=%2Fwp%2Fv2%2Fcomments&post=127316"}],"version-history":[{"count":0,"href":"https:\/\/ucnoqta.az\/index.php?rest_route=\/wp\/v2\/posts\/127316\/revisions"}],"wp:featuredmedia":[{"embeddable":true,"href":"https:\/\/ucnoqta.az\/index.php?rest_route=\/wp\/v2\/media\/251278"}],"wp:attachment":[{"href":"https:\/\/ucnoqta.az\/index.php?rest_route=%2Fwp%2Fv2%2Fmedia&parent=127316"}],"wp:term":[{"taxonomy":"category","embeddable":true,"href":"https:\/\/ucnoqta.az\/index.php?rest_route=%2Fwp%2Fv2%2Fcategories&post=127316"},{"taxonomy":"post_tag","embeddable":true,"href":"https:\/\/ucnoqta.az\/index.php?rest_route=%2Fwp%2Fv2%2Ftags&post=127316"}],"curies":[{"name":"wp","href":"https:\/\/api.w.org\/{rel}","templated":true}]}}