{"id":127309,"date":"2021-08-24T22:32:10","date_gmt":"2021-08-24T18:32:10","guid":{"rendered":""},"modified":"-0001-11-30T00:00:00","modified_gmt":"-0001-11-29T20:00:00","slug":"","status":"publish","type":"post","link":"https:\/\/ucnoqta.az\/?p=127309","title":{"rendered":"\u201cH\u00f6kum\u0259t adamlar\u0131na inanmama\u011f\u0131 ancaq cahillik adland\u0131rmaq olar\u201d &#8211; <font color=red><b>Mill\u0259t v\u0259kili<\/b><\/font>"},"content":{"rendered":"<p><strong>&ldquo;\u0130nsanlar dezinformasiya v\u0259 \u015fayi\u0259l\u0259r\u0259 daha &ccedil;ox inan\u0131r, n\u0259inki d&ouml;vl\u0259t adamlar\u0131na&rdquo;.<\/strong><\/p>\n<p>Ucnoqta.az x\u0259b\u0259r verir ki, bunu Milli M\u0259clisin S\u0259hiyy\u0259 komit\u0259sinin &uuml;zv&uuml;, deputat M\u0259lah\u0259t \u0130brahimq\u0131z\u0131 &ldquo;Toplum&rdquo; TV-y\u0259 a&ccedil;\u0131qlamas\u0131nda deyib.<br \/>\nO bildirib ki, ictimai n\u0259zar\u0259ti g&uuml;cl\u0259ndirm\u0259k laz\u0131md\u0131r:<\/p>\n<p>&ldquo;Prezidentin k&ouml;m\u0259k&ccedil;isi dan\u0131\u015f\u0131r, S\u0259hiyy\u0259 Nazirliyi v\u0259 T\u018fB\u0130B-in r\u0259hb\u0259rliyi dan\u0131\u015f\u0131r, deputatlar dan\u0131\u015f\u0131r. \u0130nsanlar biz\u0259 inanm\u0131r v\u0259 bu da m\u0259n\u0259 el\u0259 g\u0259lir ki, cahillikd\u0259n ir\u0259li g\u0259lir. R\u0259smi h&ouml;kum\u0259t adamlar\u0131na inanmama\u011f\u0131 ancaq XXI \u0259srin cahilliyi adland\u0131rmaq olar&rdquo;.&nbsp;<\/p>\n<p>Deputat onu da qeyd edib ki, h&ouml;kum\u0259t qlobal s\u0259viyy\u0259d\u0259 n\u0259z\u0259rd\u0259 tutulan b&uuml;t&uuml;n t\u0259dbirl\u0259ri h\u0259yata ke&ccedil;irib:<br \/>\n&ldquo;\u018fg\u0259r siz Amerikaya da baxsan\u0131z, bundan ba\u015fqa metod olmad\u0131\u011f\u0131n\u0131 g&ouml;r\u0259c\u0259ksiniz. D&uuml;nya &ouml;lk\u0259l\u0259ri &ouml;z t\u0259cr&uuml;b\u0259sini bir-biri il\u0259 b&ouml;l&uuml;\u015f&uuml;r. \u0130nsanlar\u0131n inanmas\u0131 &uuml;&ccedil;&uuml;n ba\u015fqa bir yol yoxdur. Bu art\u0131q insanlar\u0131n intellekti v\u0259 \u015f&uuml;urundan as\u0131l\u0131d\u0131r. Bir d\u0259 m\u0259suliyy\u0259tind\u0259n&rdquo;.&nbsp;<\/p>\n<p>Deputat M.\u0130brahimq\u0131z\u0131 daha s\u0259rt t\u0259dbirl\u0259rin t\u0259r\u0259fdar\u0131d\u0131r, saxta vaksin s\u0259n\u0259di ver\u0259nl\u0259rin h\u0259r\u0259k\u0259tini is\u0259 cinay\u0259t kimi q\u0259bul etm\u0259yin z\u0259ruri oldu\u011funu vur\u011fulay\u0131b:<\/p>\n<p>&ldquo;\u018fg\u0259r bununla ba\u011fl\u0131 qanunvericilikd\u0259 bo\u015fluq varsa, bunu bir az da g&uuml;cl\u0259ndirm\u0259k laz\u0131md\u0131r. Vaksin olunmaqdan birba\u015fa imtina ed\u0259n \u015f\u0259xsl\u0259r ev h\u0259bsind\u0259 qalmal\u0131d\u0131r v\u0259 onlar\u0131 i\u015f yerl\u0259rin\u0259 d\u0259 buraxmaq olmaz. D&uuml;nyada, &ouml;lk\u0259mizd\u0259 bu x\u0259st\u0259liyin k&ouml;k&uuml; k\u0259sil\u0259n\u0259 q\u0259d\u0259r vaksin olunmaq ist\u0259m\u0259y\u0259nl\u0259r ev dustaql\u0131\u011f\u0131ndan burax\u0131lmamal\u0131d\u0131r&rdquo;.&nbsp;<\/p>\n<p>M.\u0130brahimq\u0131z\u0131 saxta COVID-19 pasportlar\u0131n\u0131n sat\u0131lmas\u0131nda he&ccedil; bir n\u0259zar\u0259tsizlik v\u0259 korrupsiya hallar\u0131n\u0131n olmad\u0131\u011f\u0131n\u0131 deyib:<br \/>\n&ldquo;Bu, cinay\u0259tdir. D\u0130N, ASAN Xidm\u0259t, T\u018fB\u0130B, prezidentin k&ouml;m\u0259k&ccedil;il\u0259ri &#8211; ham\u0131 s\u0259f\u0259rb\u0259r olunub. Sad\u0259c\u0259 olaraq bu i\u015fi g&ouml;r\u0259n insanlar yaramazd\u0131rlar. R&uuml;\u015fv\u0259tl\u0259 bu i\u015fi t&ouml;r\u0259d\u0259nl\u0259r sa\u011flaml\u0131\u011f\u0131m\u0131za, demoqrafiyam\u0131za qar\u015f\u0131 x\u0259y\u0259n\u0259t ed\u0259nl\u0259rdir&rdquo;.\/\/\/qafqazinfo<\/p>\n","protected":false},"excerpt":{"rendered":"<p>&ldquo;\u0130nsanlar dezinformasiya v\u0259 \u015fayi\u0259l\u0259r\u0259 daha &ccedil;ox inan\u0131r, n\u0259inki d&ouml;vl\u0259t adamlar\u0131na&rdquo;. Ucnoqta.az x\u0259b\u0259r verir ki, bunu Milli M\u0259clisin S\u0259hiyy\u0259 komit\u0259sinin &uuml;zv&uuml;, deputat M\u0259lah\u0259t \u0130brahimq\u0131z\u0131 &ldquo;Toplum&rdquo; TV-y\u0259 a&ccedil;\u0131qlamas\u0131nda deyib. O bildirib ki,&hellip;<\/p>\n","protected":false},"author":1,"featured_media":251278,"comment_status":"open","ping_status":"open","sticky":false,"template":"","format":"standard","meta":{"_lmt_disableupdate":"","_lmt_disable":"","footnotes":""},"categories":[],"tags":[],"class_list":["post-127309","post","type-post","status-publish","format-standard","has-post-thumbnail","hentry"],"_links":{"self":[{"href":"https:\/\/ucnoqta.az\/index.php?rest_route=\/wp\/v2\/posts\/127309","targetHints":{"allow":["GET"]}}],"collection":[{"href":"https:\/\/ucnoqta.az\/index.php?rest_route=\/wp\/v2\/posts"}],"about":[{"href":"https:\/\/ucnoqta.az\/index.php?rest_route=\/wp\/v2\/types\/post"}],"author":[{"embeddable":true,"href":"https:\/\/ucnoqta.az\/index.php?rest_route=\/wp\/v2\/users\/1"}],"replies":[{"embeddable":true,"href":"https:\/\/ucnoqta.az\/index.php?rest_route=%2Fwp%2Fv2%2Fcomments&post=127309"}],"version-history":[{"count":0,"href":"https:\/\/ucnoqta.az\/index.php?rest_route=\/wp\/v2\/posts\/127309\/revisions"}],"wp:featuredmedia":[{"embeddable":true,"href":"https:\/\/ucnoqta.az\/index.php?rest_route=\/wp\/v2\/media\/251278"}],"wp:attachment":[{"href":"https:\/\/ucnoqta.az\/index.php?rest_route=%2Fwp%2Fv2%2Fmedia&parent=127309"}],"wp:term":[{"taxonomy":"category","embeddable":true,"href":"https:\/\/ucnoqta.az\/index.php?rest_route=%2Fwp%2Fv2%2Fcategories&post=127309"},{"taxonomy":"post_tag","embeddable":true,"href":"https:\/\/ucnoqta.az\/index.php?rest_route=%2Fwp%2Fv2%2Ftags&post=127309"}],"curies":[{"name":"wp","href":"https:\/\/api.w.org\/{rel}","templated":true}]}}