{"id":127295,"date":"2021-08-24T19:25:58","date_gmt":"2021-08-24T15:25:58","guid":{"rendered":""},"modified":"-0001-11-30T00:00:00","modified_gmt":"-0001-11-29T20:00:00","slug":"","status":"publish","type":"post","link":"https:\/\/ucnoqta.az\/?p=127295","title":{"rendered":"M\u0259rh\u0259m\u0259t m\u00fcc\u0259ss\u0259m\u0259si"},"content":{"rendered":"<p><strong>Az\u0259rbaycan respublikas\u0131n\u0131n Birinci vitse-prezidenti Mehriban xan\u0131m \u018fliyevan\u0131n siyasi v\u0259 ictimai f\u0259aliyy\u0259ti d&ouml;vl\u0259timiz v\u0259 mill\u0259timiz &uuml;&ccedil;&uuml;n x&uuml;susi \u0259h\u0259miyy\u0259t\u0259 malikdir. Bel\u0259 ki, Mehruiban xan\u0131m\u0131n&nbsp; C\u0259nubi Qafqaz\u0131n \u0259n b&ouml;y&uuml;k partiyas\u0131 olan Yeni Az\u0259rbaycan Partiyas\u0131n\u0131n s\u0259dr m&uuml;avini, 2005-ci ild\u0259n 2017-ci il\u0259 q\u0259d\u0259r Az\u0259rbaycan Respublikas\u0131 Milli M\u0259clisinin deputat\u0131, 2004-c&uuml; ild\u0259n bu g&uuml;n\u0259 q\u0259d\u0259r Ulu &Ouml;nd\u0259rin ad\u0131n\u0131 da\u015f\u0131yan Fondun prezidenti, Az\u0259rbaycan Milli Olimpiya Komit\u0259sinin v\u0259 \u0130craiyy\u0259 Komit\u0259sinin &uuml;zv&uuml; v\u0259 N&uuml;fuzlu beyn\u0259lxalq t\u0259\u015fkilatlar olan UNESCO-nun v\u0259 ISESCO-nun Xo\u015fm\u0259raml\u0131 s\u0259firi kimi g&ouml;st\u0259rdiyi f\u0259aliyy\u0259t &ccedil;ox &ouml;n\u0259mlidir.<\/strong><\/p>\n<p>Mehriban xan\u0131m \u018fliyeva daha &ccedil;ox &ldquo;Yum\u015faq g&uuml;c&rdquo; amilind\u0259n istifad\u0259 edir. &Ouml;lk\u0259nin siyasi h\u0259yat\u0131nda u\u011furlu f\u0259aliyy\u0259t g&ouml;st\u0259r\u0259n Mehriban xan\u0131m \u018fliyeva 2017-ci ild\u0259n Birinci vitse-prezident v\u0259zif\u0259sini icra edir. Bu m&uuml;dd\u0259t \u0259rzind\u0259&nbsp; Prezident \u0130lham \u018fliyevin \u0259n yax\u0131n silahda\u015f\u0131 olaraq Onun sosial, humanitar v\u0259 iqtisadi siyas\u0259tin h\u0259yata ke&ccedil;irilm\u0259sind\u0259 x&uuml;susi xidm\u0259t g&ouml;st\u0259rmi\u015fdir. Q\u0131sa zaman k\u0259siyind\u0259 Mehriban xan\u0131m &ouml;z&uuml;n&uuml;n pe\u015f\u0259karl\u0131\u011f\u0131, z\u0259ngin t\u0259cr&uuml;b\u0259si, b&ouml;y&uuml;k humanizmi v\u0259 hadis\u0259l\u0259r\u0259 geni\u015fmiqyasl\u0131 bax\u0131\u015f\u0131 il\u0259 Az\u0259rbaycan tarixind\u0259 qad\u0131n h\u0259r\u0259kat\u0131n\u0131n yeni bir s\u0259hif\u0259sini a&ccedil;m\u0131\u015f v\u0259 idar\u0259etm\u0259d\u0259 qad\u0131nlar\u0131n rolunun artmas\u0131nda &ouml;n\u0259mli rol oynam\u0131\u015fd\u0131r.<\/p>\n<p>Mehriban xan\u0131m &ouml;lk\u0259mizin tarixind\u0259 ilk \u015f\u0259xsiyy\u0259tdir ki, Onun f\u0259aliyy\u0259t sah\u0259si maarif&ccedil;ilikd\u0259n s\u0259hiyy\u0259y\u0259, idmandan m\u0259d\u0259niyy\u0259timizin t\u0259bli\u011fin\u0259, xeyriyy\u0259&ccedil;ilikd\u0259n \u0259traf m&uuml;hitin qorunmas\u0131na q\u0259d\u0259r geni\u015f bir m\u0259kan\u0131n\u0131 \u0259hat\u0259 edir. Onun t\u0259\u015f\u0259bb&uuml;s&uuml; il\u0259 h\u0259yata ke&ccedil;iril\u0259n t\u0259dbirl\u0259r t\u0259kc\u0259 Az\u0259rbaycanla m\u0259hdudla\u015fm\u0131r, eyni zamanda s&uuml;lh v\u0259 sabitliyin t\u0259min edilm\u0259sind\u0259 &ouml;n\u0259mli rol oynayan sivilizasiyalararas\u0131 dialoq m&uuml;hitinin formala\u015fd\u0131r\u0131lmas\u0131, d&uuml;nya m\u0259d\u0259ni irsinin qorunmas\u0131 &uuml;zr\u0259 aktual m\u0259s\u0259l\u0259l\u0259ri d\u0259 &ouml;z&uuml;nd\u0259 ehtiva edir.<\/p>\n<p>Az\u0259rbaycan respublikas\u0131n\u0131n daxili siyas\u0259tinin h\u0259yata ke&ccedil;irilm\u0259sund\u0259 d\u0259 Mehriban xan\u0131m f\u0259al i\u015ftirak edir. Bel\u0259 ki,&nbsp; d&ouml;vl\u0259t idar\u0259etm\u0259sind\u0259 &ccedil;evikliyin t\u0259min olunmas\u0131nda; &ouml;lk\u0259 \u0259halisinin b\u0259rab\u0259r, \u0259l&ccedil;atan v\u0259 keyfiyy\u0259tli t\u0259hsill\u0259 t\u0259minat\u0131nda; \u0259halinin sa\u011flaml\u0131\u011f\u0131n\u0131n qorunmas\u0131nda, sosial bax\u0131mdan daha h\u0259ssas \u0259hali qruplar\u0131n\u0131n (\u015f\u0259hid ail\u0259l\u0259ri, qazil\u0259r, m\u0259cburi k&ouml;&ccedil;k&uuml;nl\u0259r, ah\u0131llar, kims\u0259sizl\u0259r, irsi qan x\u0259st\u0259liyind\u0259n v\u0259 dig\u0259r irsi x\u0259st\u0259likl\u0259rd\u0259n \u0259ziyy\u0259t &ccedil;\u0259k\u0259n \u015f\u0259xsl\u0259r v\u0259 s.) probleml\u0259rinin h\u0259ll olunmas\u0131nda; xalq\u0131m\u0131z\u0131n yaratd\u0131\u011f\u0131 milli m\u0259d\u0259niyy\u0259t v\u0259 inc\u0259s\u0259n\u0259t n&uuml;mun\u0259l\u0259rinin, \u0259n\u0259n\u0259l\u0259rin &ouml;yr\u0259nilm\u0259si, b\u0259rpas\u0131, onlar\u0131n yerli v\u0259 d&uuml;nya m\u0259d\u0259ni irsi kimi qorunmas\u0131, d&uuml;nyada tan\u0131d\u0131lmas\u0131nda; ekoloji probleml\u0259rin h\u0259llin\u0259 d\u0259st\u0259k g&ouml;st\u0259rilm\u0259sind\u0259; m&uuml;asir t\u0259hsil sisteminin formala\u015fd\u0131r\u0131lmas\u0131nda v\u0259 h\u0259yata ke&ccedil;irilmisind\u0259; pandemiya zaman\u0131 \u0259halinin ehtiyaclar\u0131n\u0131n qar\u015f\u0131lanmas\u0131 v\u0259 tibbi, sosial d\u0259st\u0259k layih\u0259l\u0259rinin realla\u015fd\u0131r\u0131lmas\u0131nda v\u0259 i\u015f\u011faldan azad olunan torpaqlar\u0131n b\u0259rpas\u0131nda humanitar missiyan\u0131n h\u0259yata ke&ccedil;irilm\u0259sind\u0259 g&ouml;st\u0259rdiyi xidm\u0259t &ouml;lk\u0259mizin m&uuml;st\u0259qilliyinin dayan\u0131ql\u0131 olmas\u0131nda x&uuml;susi \u0259h\u0259miyy\u0259t\u0259 malikdir.<\/p>\n<p>Eyni zamanda Mehriban xan\u0131m \u018fliyevan\u0131n &ouml;lk\u0259mizin beyn\u0259lxalq n&uuml;fuzunun artmas\u0131nda x&uuml;susi xidm\u0259ti olmu\u015fdur. Bel\u0259 ki, xarici siyas\u0259t sah\u0259sind\u0259 Onun UNESCO-nun v\u0259 ISESCO-nun Xo\u015fm\u0259raml\u0131 s\u0259firi kimi &ouml;lk\u0259mizi d&uuml;nya miqyas\u0131nda layiqli t\u0259msil&ccedil;iliyind\u0259, d&uuml;nya \u0259halisinin sa\u011flaml\u0131q v\u0259 t\u0259hsil ehtiyaclar\u0131n\u0131n qar\u015f\u0131lanmas\u0131 t\u0259\u015f\u0259bb&uuml;sl\u0259rin\u0259 d\u0259st\u0259k g&ouml;st\u0259rilm\u0259sind\u0259, d&uuml;nyan\u0131n maddi v\u0259 qeyri-maddi irsinin b\u0259rpas\u0131 v\u0259 onun g\u0259l\u0259c\u0259k n\u0259sill\u0259r\u0259 &ccedil;atd\u0131r\u0131lmas\u0131nda;&nbsp; dinl\u0259r v\u0259 m\u0259d\u0259niyy\u0259tl\u0259raras\u0131 dialoq m&uuml;hitinin yarad\u0131lmas\u0131nda v\u0259 &ouml;lk\u0259l\u0259raras\u0131 dostluq v\u0259 s\u0259m\u0259r\u0259li \u0259m\u0259kda\u015fl\u0131q m&uuml;hitinin formala\u015fd\u0131r\u0131lmas\u0131nda g&ouml;st\u0259rdiyi f\u0259aliyy\u0259t \u0259v\u0259zsiz v\u0259 d\u0259y\u0259rlidir.<\/p>\n<p>Heyd\u0259r \u018fliyev Fondunun m\u0259d\u0259niyy\u0259tl\u0259 v\u0259 inc\u0259s\u0259n\u0259tl\u0259 ba\u011fl\u0131 layih\u0259l\u0259ri Az\u0259rbaycan\u0131n m\u0259n\u0259vi, tarixi, m\u0259d\u0259ni irsinin qorunmas\u0131 i\u015find\u0259 \u0259v\u0259zolunmaz rol oynam\u0131\u015fd\u0131r. Milli s\u0259rv\u0259timiz olan mu\u011fam s\u0259n\u0259tinin yenid\u0259n inki\u015faf\u0131 v\u0259 beyn\u0259lxalq arenaya &ccedil;\u0131xar\u0131lmas\u0131 m\u0259hz Mehriban xan\u0131m \u018fliyevan\u0131n t\u0259\u015f\u0259bb&uuml;s&uuml; v\u0259 davaml\u0131 d\u0259st\u0259yi n\u0259tic\u0259sind\u0259 bu g&uuml;nk&uuml; y&uuml;ks\u0259k s\u0259viyy\u0259y\u0259 &ccedil;atm\u0131\u015fd\u0131r.<\/p>\n<p>Mehriban xan\u0131m\u0131n r\u0259hb\u0259rliyi alt\u0131nda Heyd\u0259r \u018fliyev Fondu Az\u0259rbaycan\u0131n maddi v\u0259 qeyri-maddi irsinin, Qaraba\u011f m\u0259d\u0259niyy\u0259tinin, Az\u0259rbaycan xalq\u0131n\u0131n yaratm\u0131\u015f oldu\u011fu \u0259n\u0259n\u0259 v\u0259 d\u0259y\u0259rl\u0259rin d&uuml;nyada tan\u0131d\u0131lmas\u0131 &uuml;&ccedil;&uuml;n m&uuml;xt\u0259lif t\u0259qdimatlar, s\u0259rgil\u0259r, t\u0259dbirl\u0259r ke&ccedil;irmi\u015fdir. Xalq\u0131mizin yaratm\u0131\u015f oldu\u011fu m\u0259d\u0259ni abid\u0259l\u0259r d&uuml;nya irs siyah\u0131lar\u0131na daxil edil\u0259r\u0259k qorunma alt\u0131na al\u0131nm\u0131\u015f, Fransada, \u0130taliyada, Rusiyada v\u0259 ba\u015fqa &ouml;lk\u0259l\u0259rd\u0259 ke&ccedil;iril\u0259n &ccedil;oxsayl\u0131 t\u0259dbirl\u0259r n\u0259tic\u0259sind\u0259 d&uuml;nya ictimaiyy\u0259ti &ouml;lk\u0259mizi daha yax\u0131ndan tan\u0131ma\u011fa, &ouml;yr\u0259nm\u0259y\u0259 v\u0259 g&ouml;rm\u0259y\u0259 ba\u015flam\u0131\u015flar. M\u0259hz bu titanik f\u0259aliyy\u0259tin n\u0259tic\u0259sind\u0259 d&uuml;nya insan\u0131 Az\u0259rbaycan\u0131 m&uuml;asir v\u0259 dinamik inki\u015faf ed\u0259n &ouml;lk\u0259 kimi, Az\u0259rbaycan xalq\u0131n\u0131 &ouml;z tarixi k&ouml;kl\u0259rin\u0259 ba\u011fl\u0131 olan multikultural v\u0259 tolerant xalq kimi tan\u0131ma\u011fa ba\u015flam\u0131\u015fd\u0131r.<\/p>\n<p>Mehriban xan\u0131m UNESCO-nun Xo\u015fm\u0259raml\u0131 s\u0259firi v\u0259 &ouml;lk\u0259mizin Birinci vitse-prezidenti kimi 2019-cu ild\u0259 UNESCO-nun &Uuml;mumd&uuml;nya \u0130rs Komit\u0259sinin 43-c&uuml; sessiyas\u0131n\u0131n Az\u0259rbaycanda ke&ccedil;irilm\u0259sin\u0259 t\u0259\u015f\u0259bb&uuml;s g&ouml;st\u0259rmi\u015f v\u0259 buna nail olmu\u015fdur ki, bu tarixi hadis\u0259 kimi d\u0259y\u0259rl\u0259ndirilm\u0259lidir.<\/p>\n<p>UNESKO-nun Xo\u015fm\u0259raml\u0131 s\u0259fir kimi Mehriban xan\u0131m Mirz\u0259 Kaz\u0131mb\u0259yin 200 illik, akademik Yusif M\u0259mm\u0259d\u0259liyevin, xal&ccedil;a&ccedil;\u0131-r\u0259ssam L\u0259tif K\u0259rimovun, akademik Musa \u018fliyevin, yaz\u0131&ccedil;\u0131 Mir C\u0259lal Pa\u015fayevin, r\u0259ssam S\u0259ttar B\u0259hlulzad\u0259nin v\u0259 dramaturq \u0130lyas \u018ff\u0259ndiyevin 100 illik, M\u0259hs\u0259ti G\u0259nc\u0259vinin yarad\u0131c\u0131l\u0131\u011f\u0131n\u0131n 900 illik, h\u0259m&ccedil;inin &Uuml;zeyir Hac\u0131b\u0259ylinin &ldquo;Ar\u015f\u0131n mal alan&rdquo; musiqili komediyas\u0131n\u0131n 100 illik, &ldquo;Leyli v\u0259 M\u0259cnun&rdquo; operas\u0131n\u0131n ilk tama\u015fas\u0131n\u0131n 100 illik, &ldquo;Kitabi-D\u0259d\u0259 Qorqud&rdquo; eposunun alman dilin\u0259 t\u0259rc&uuml;m\u0259sinin v\u0259 n\u0259\u015frinin 200 illik yubileyl\u0259ri UNESCO s\u0259viyy\u0259sind\u0259 qeyd edilm\u0259sin\u0259 nail olmu\u015fdur. Sadalanlarala b\u0259rab\u0259r mehriban xan\u0131m\u0131n t\u0259\u015f\u0259bb&uuml;s&uuml; il\u0259 Az\u0259rbaycan mu\u011fam\u0131, xal&ccedil;as\u0131, a\u015f\u0131q musiqisi, tar ifas\u0131, Novruz bayram\u0131, k\u0259la\u011fay\u0131 s\u0259n\u0259ti, Lah\u0131c misg\u0259rlik s\u0259n\u0259ti UNESCO-nun Qeyri-Maddi M\u0259d\u0259ni \u0130rs &uuml;zr\u0259 Reprezentativ siyah\u0131s\u0131na, &Ccedil;&ouml;vk\u0259n-Qaraba\u011f at&uuml;st&uuml; oyun \u0259n\u0259n\u0259si is\u0259 qurumun t\u0259cili qorunma\u011fa ehtiyac\u0131 olan Qeyri-Maddi M\u0259d\u0259ni \u0130rs Siyah\u0131s\u0131na daxil edilmi\u015fdir. H\u0259m&ccedil;inin Onun yorulmaz f\u0259aliyy\u0259ti n\u0259tic\u0259sind\u0259 Q\u0131z Qalas\u0131, \u0130&ccedil;\u0259ri\u015f\u0259h\u0259r, \u015eirvan\u015fahlar saray\u0131 v\u0259 Qobustan D&ouml;vl\u0259t Tarix v\u0259 B\u0259dii Qoru\u011fu da UNESCO-nun &Uuml;mumd&uuml;nya \u0130rs Siyah\u0131s\u0131na sal\u0131nm\u0131\u015fd\u0131r.<\/p>\n<p>Mehriban xan\u0131m h\u0259m d\u0259 ISESCO x\u0259tti il\u0259 &ccedil;ox i\u015fl\u0259r g&ouml;rm&uuml;\u015fd&uuml;r. Bel\u0259 ki, bunlara m&uuml;xt\u0259lif m&uuml;s\u0259lman &ouml;lk\u0259l\u0259rind\u0259 ke&ccedil;irilmi\u015f xeyriyy\u0259 aksiyalar\u0131n\u0131, m&uuml;s\u0259lman u\u015faqlar\u0131n t\u0259hsili v\u0259 sa\u011flaml\u0131\u011f\u0131 il\u0259 ba\u011fl\u0131 davaml\u0131 layih\u0259l\u0259rin realla\u015fd\u0131r\u0131lmas\u0131n\u0131, h\u0259m&ccedil;inin Bak\u0131n\u0131n \u0130slam m\u0259d\u0259niyy\u0259tinin paytaxt\u0131 olmas\u0131n\u0131 misal g&ouml;st\u0259r\u0259 bil\u0259rik.<\/p>\n<p>Eyni zamnda Mehriban xan\u0131m\u0131n r\u0259hb\u0259rliyi alt\u0131nda Heyd\u0259r \u018fliyev Fondu t\u0259r\u0259find\u0259n h\u0259yata ke&ccedil;iril\u0259n &ldquo;T\u0259hsil\u0259 d\u0259st\u0259k&rdquo; layih\u0259si &ouml;lk\u0259 miqyas\u0131ndan &ccedil;\u0131xaraq, beyn\u0259lxalq humanitar t\u0259\u015f\u0259bb&uuml;s\u0259 &ccedil;evrilmi\u015fdir. H\u0259min layih\u0259 &ccedil;\u0259r&ccedil;iv\u0259sind\u0259 xarici &ouml;lk\u0259l\u0259rd\u0259 &#8211; G&uuml;rc&uuml;stan, Misir, Rum\u0131niya, Rusiya Federasiyas\u0131, Pakistan v\u0259 Hollandiyada bir s\u0131ra m\u0259kt\u0259bl\u0259r yenid\u0259n qurulmu\u015f v\u0259 \u0259sasl\u0131 t\u0259mir olunmu\u015fdur. H\u0259m&ccedil;inin Pakistan\u0131n M&uuml;z\u0259ff\u0259rabad \u015f\u0259h\u0259ri Rara \u0259razisind\u0259 z\u0259lz\u0259l\u0259 n\u0259tic\u0259sind\u0259 da\u011f\u0131lm\u0131\u015f t\u0259hsil oca\u011f\u0131n\u0131n \u0259v\u0259zind\u0259 yeni orta m\u0259kt\u0259b binas\u0131; G&uuml;rc&uuml;stan\u0131n Dmanisi rayonunda yeni komp&uuml;ter t\u0259dris m\u0259rk\u0259zi, Bolnisi rayonunun H\u0259s\u0259n Xocal\u0131 v\u0259 C\u0259f\u0259rli k\u0259ndl\u0259rind\u0259 yeni m\u0259kt\u0259b binalar\u0131n\u0131n in\u015fas\u0131, Marneuli \u015f\u0259h\u0259rind\u0259ki Az\u0259rbaycan &uuml;mumt\u0259hsil m\u0259kt\u0259bi, Tiflisd\u0259ki M.F.Axundzad\u0259 ad\u0131na orta m\u0259kt\u0259b, Qardabanid\u0259ki Az\u0259rbaycan m\u0259kt\u0259bi v\u0259 Dmanisid\u0259ki Az\u0259rbaycan beyn\u0259lxalq orta m\u0259kt\u0259bi; Rusiya Federasiyas\u0131n\u0131n Ulyanovsk \u015f\u0259h\u0259rind\u0259ki orta &uuml;mumt\u0259hsil m\u0259kt\u0259binin binas\u0131n\u0131n \u0259sasl\u0131 t\u0259mir edilm\u0259si bel\u0259 layih\u0259l\u0259rd\u0259ndir.<\/p>\n<p>Mehriban xan\u0131m ixtisasca h\u0259kim oldu\u011funa g&ouml;r\u0259 t\u0259kc\u0259 Az\u0259rbaycan \u0259halisinin deyil, d&uuml;nya \u0259halisinin d\u0259 sa\u011flaml\u0131\u011f\u0131n\u0131n qorunmas\u0131 m\u0259s\u0259l\u0259si daim Onun f\u0259aliyy\u0259tinin \u0259sas\u0131nda dayanm\u0131\u015fd\u0131r. Sa\u011flaml\u0131\u011f\u0131n qorunmas\u0131 istiqam\u0259tind\u0259 beyn\u0259lxalq t\u0259dbirl\u0259r &ccedil;\u0259r&ccedil;iv\u0259sind\u0259 Heyd\u0259r \u018fliyev Fondu D&uuml;nya Diabet G&uuml;n&uuml; kampaniyas\u0131na qo\u015fulmu\u015f, \u0259halinin sa\u011flaml\u0131\u011f\u0131n\u0131n qorunmas\u0131, x&uuml;susil\u0259 u\u015faqlar\u0131n fiziki c\u0259h\u0259td\u0259n sa\u011flam b&ouml;y&uuml;m\u0259sin\u0259 laz\u0131mi s\u0259viyy\u0259d\u0259 diqq\u0259t yetirilm\u0259si &uuml;&ccedil;&uuml;n &ldquo;Talassemiyas\u0131z h\u0259yat namin\u0259&rdquo; layih\u0259sini ba\u015flam\u0131\u015fd\u0131r.<\/p>\n<p>Eyni zamanda, 2010-cu ild\u0259 Heyd\u0259r \u018fliyev Fondu v\u0259 UNICEF-in birg\u0259 t\u0259\u015fkilat&ccedil;\u0131l\u0131\u011f\u0131 il\u0259 ke&ccedil;iril\u0259n anemiya v\u0259 talassemiya &uuml;zr\u0259 &ldquo;d\u0259yirmi masa&rdquo;da bu istiqam\u0259td\u0259 bir &ccedil;ox m&uuml;h&uuml;m probleml\u0259r m&uuml;zakir\u0259 edilmi\u015fdir. M\u0259hz bu xidm\u0259tl\u0259rin\u0259 g&ouml;r\u0259 &Uuml;mumd&uuml;nya S\u0259hiyy\u0259 T\u0259\u015fkilat\u0131 \u0130craiyy\u0259 Komit\u0259sinin 2007-ci il yanvar\u0131n 29-da Cenevr\u0259d\u0259 ke&ccedil;iril\u0259n 120-ci sessiyas\u0131n\u0131n yekdil q\u0259rar\u0131 il\u0259 ana, u\u015faq v\u0259 ail\u0259 sa\u011flaml\u0131\u011f\u0131n\u0131n qorunmas\u0131 v\u0259 m&ouml;hk\u0259ml\u0259nm\u0259si i\u015find\u0259 m&uuml;st\u0259sna xidm\u0259tl\u0259rin\u0259 g&ouml;r\u0259 Mehriban xan\u0131m \u018fliyeva bu beyn\u0259lxalq t\u0259\u015fkilat\u0131n ali m&uuml;kafat\u0131na layiq g&ouml;r&uuml;lm&uuml;\u015fd&uuml;r ki, bu da az\u0259rbaycan tarixind\u0259 bir ilkdir.<\/p>\n<p>Mehriban xan\u0131m\u0131n t\u0259\u015f\u0259bb&uuml;s&uuml; il\u0259 Heyd\u0259r \u018fliyev Fondu t\u0259r\u0259find\u0259n Versal Saray\u0131n\u0131n park\u0131ndak\u0131 &uuml;mumb\u0259\u015f\u0259ri abid\u0259l\u0259rin b\u0259rpas\u0131, Luvr Muzeyinin b\u0259rpas\u0131, \u0130kinci D&uuml;nya m&uuml;harib\u0259si zaman\u0131 yanm\u0131\u015f v\u0259 da\u011f\u0131d\u0131lm\u0131\u015f Berlin q\u0259srinin b\u0259rpas\u0131, Roman\u0131n Villa Borgeze park\u0131nda Nizami G\u0259nc\u0259vinin abid\u0259sinin ucald\u0131lmas\u0131, Vatikanda Roma katakombalar\u0131n\u0131n b\u0259rpas\u0131, Moskvada M.\u0130.Rudomino ad\u0131na &Uuml;mumrusiya D&ouml;vl\u0259t Xarici \u018fd\u0259biyyat Kitabxanas\u0131nda Az\u0259rbaycan\u0131n g&ouml;rk\u0259mli yaz\u0131&ccedil;\u0131s\u0131, filosofu v\u0259 humanisti Mirz\u0259 F\u0259t\u0259li Axundzad\u0259nin abid\u0259sinin ucald\u0131lmas\u0131, Parisd\u0259 Az\u0259rbaycan M\u0259d\u0259niyy\u0259ti M\u0259rk\u0259zinin yarad\u0131lmas\u0131, Romada Kapitolini Muzeyinin &ldquo;Filiosoflar zal\u0131&rdquo;n\u0131n t\u0259miri v\u0259 dig\u0259r &uuml;mumb\u0259\u015f\u0259ri layih\u0259l\u0259r icra edilm\u0259si, b\u0259\u015f\u0259riyy\u0259tin m&ouml;ht\u0259\u015f\u0259m m\u0259d\u0259niyy\u0259t tarixinin m&uuml;hafiz\u0259sin\u0259, onun g\u0259l\u0259c\u0259k n\u0259sill\u0259r\u0259 vacib \u0259man\u0259t kimi &ccedil;atd\u0131r\u0131lmas\u0131na, bununla b\u0259\u015f\u0259riyy\u0259tin m\u0259d\u0259ni yadda\u015f\u0131n\u0131n qorunmas\u0131na xidm\u0259t g&ouml;st\u0259r\u0259n xeyirxah missiya kimi d\u0259y\u0259rl\u0259ndirilm\u0259li v\u0259 qiym\u0259tl\u0259ndirilm\u0259lidir.<\/p>\n<p>Mehriban xan\u0131m h\u0259m d\u0259 d&uuml;nyada s&uuml;lh&uuml;n qorunmas\u0131 v\u0259 b\u0259rq\u0259rar olunmas\u0131 sah\u0259sind\u0259 d\u0259 &ouml;n\u0259mli f\u0259aliyy\u0259t g&ouml;st\u0259rir. Bel\u0259 ki, O, &ouml;z f\u0259aliyy\u0259tind\u0259 d&uuml;nyada s&uuml;lh&uuml;n qorunmas\u0131 v\u0259 m&uuml;naqi\u015f\u0259 ocaqlar\u0131nda s&uuml;lh&uuml;n b\u0259rq\u0259rar olunmas\u0131 i\u015fin\u0259 d\u0259 b&ouml;y&uuml;k &ouml;n\u0259m verir. M\u0259hz Mehriban xan\u0131m\u0131n t\u0259\u015f\u0259bb&uuml;s&uuml; say\u0259sind\u0259 UNESCO v\u0259 ISESCO-nun d\u0259st\u0259yi il\u0259 2008-ci ild\u0259 Bak\u0131da ke&ccedil;iril\u0259n &ldquo;M\u0259d\u0259niyy\u0259tl\u0259raras\u0131 dialoqda qad\u0131nlar\u0131n rolunun geni\u015fl\u0259ndirilm\u0259si&rdquo; beyn\u0259lxalq forumu &uuml;mumb\u0259\u015f\u0259ri m\u0259d\u0259niyy\u0259t\u0259, s&uuml;lh&uuml;n v\u0259 \u0259min-amanl\u0131\u011f\u0131n b\u0259rpa olunmas\u0131na hesablanm\u0131\u015f \u0259n b&ouml;y&uuml;k add\u0131m olmu\u015fdur. &Ouml;lk\u0259mizd\u0259 bilavasit\u0259 Onun t\u0259\u015f\u0259bb&uuml;s&uuml; n\u0259tic\u0259sind\u0259 &ldquo;Az\u0259rbaycan: sivilizasiyalararas\u0131 dialoqun ke&ccedil;mi\u015fi v\u0259 bu g&uuml;n&uuml;&rdquo;, &ldquo;G\u0259ncl\u0259r sivilizasiyalar\u0131n alyans\u0131 namin\u0259&rdquo; m&ouml;vzusunda beyn\u0259lxalq konfranslar, &ldquo;D&uuml;nya g\u0259ncl\u0259rinin 4-c&uuml; m\u0259\u015f\u011fulluq sammiti&rdquo;, BMT-nin D&ouml;vl\u0259t Xidm\u0259tl\u0259ri Forumu, habel\u0259 &Uuml;mumd&uuml;nya M\u0259d\u0259niyy\u0259tl\u0259raras\u0131 Dialoq Forumu kimi qlobal t\u0259dbirl\u0259r u\u011furla ke&ccedil;irilmi\u015fdir.<\/p>\n<p>Mehriban xan\u0131m\u0131n dig\u0259r vacib missiyas\u0131 Az\u0259rbaycan\u0131n xarici siyas\u0259tind\u0259ki&nbsp; &ouml;lk\u0259l\u0259raras\u0131 dostluq m&uuml;nasib\u0259tl\u0259rinin qurulmas\u0131d\u0131r. Bununla ba\u011fl\u0131 Birinci vitse-prezident\u0131n Fransa, \u0130taliya, Rusiya, T&uuml;rkiy\u0259, Ukrayna v\u0259 ba\u015fqa &ouml;lk\u0259l\u0259rin birinci xan\u0131mlar\u0131 v\u0259 ya d&ouml;vl\u0259t idar\u0259etm\u0259sind\u0259 y&uuml;ks\u0259k v\u0259zif\u0259 tutan xan\u0131mlar\u0131 il\u0259 ke&ccedil;irdiyi g&ouml;r&uuml;\u015fl\u0259r, \u0259m\u0259kda\u015fl\u0131q etdiyi m&uuml;xt\u0259lif platformalar x&uuml;susi \u0259h\u0259miyy\u0259t\u0259 malikdir.<\/p>\n<p>Mehriban xan\u0259m\u0131n siyasi v\u0259 ictimai f\u0259aliyy\u0259ti m&uuml;xt\u0259lif &ouml;lk\u0259l\u0259rin r\u0259hb\u0259rliyi s\u0259viyy\u0259sind\u0259 d\u0259y\u0259rl\u0259ndirilmi\u015f v\u0259 h\u0259min &ouml;lk\u0259l\u0259rin ali m&uuml;kafatlar\u0131na layiq g&ouml;r&uuml;lm&uuml;\u015fd&uuml;r. Bel\u0259 ki,&nbsp; Mehriban xan\u0131m Az\u0259rbaycan\u0131n \u0259n ali d&ouml;vl\u0259t m&uuml;kafatlar\u0131na &ndash; &ldquo;Heyd\u0259r \u018fliyev&rdquo; ordenin\u0259 v\u0259 Heyd\u0259r \u018fliyev M&uuml;kafat\u0131na layiq g&ouml;r&uuml;lm&uuml;\u015fd&uuml;r. Xarici &ouml;lk\u0259l\u0259rin ali d&ouml;vl\u0259t m&uuml;kafatlar\u0131 s\u0131ras\u0131nda Fransan\u0131n &ldquo;\u015e\u0259r\u0259f Legionu&rdquo;, Rusiyan\u0131n &ldquo;Dostluq&rdquo; v\u0259 &ldquo;H\u0259\u015ft\u0259rxan vilay\u0259ti qar\u015f\u0131s\u0131nda xidm\u0259tl\u0259rin\u0259 g&ouml;r\u0259&rdquo;, \u0130taliyan\u0131n &ldquo;Xidm\u0259tl\u0259r\u0259 g&ouml;r\u0259&rdquo; B&ouml;y&uuml;k Xa&ccedil; Kavaleri, Vatikan\u0131n IX Piy Ordeninin B&ouml;y&uuml;k Xa&ccedil;\u0131, Pol\u015fan\u0131n &ldquo;Xidm\u0259tl\u0259r\u0259 g&ouml;r\u0259&rdquo; B&ouml;y&uuml;k Komandor Xa&ccedil;\u0131, Pakistan\u0131n &ldquo;Hilal-e Pakistan&rdquo;, Serbiyan\u0131n &ldquo;Sreten&rdquo;, Macar\u0131stan\u0131n &ldquo;Xidm\u0259tl\u0259r\u0259 g&ouml;r\u0259&rdquo; Komandor Xa&ccedil;\u0131, Rus Pravoslav Kils\u0259sinin II d\u0259r\u0259c\u0259li M&uuml;q\u0259dd\u0259s M\u0259l\u0259ksima Knyaginya Olqa ordenl\u0259ri, UNESCO-nun &ldquo;Q\u0131z\u0131l Motsart&rdquo; medal\u0131, BMT-nin &Uuml;mumd&uuml;nya \u018fqli M&uuml;lkiyy\u0259t T\u0259\u015fkilat\u0131n\u0131n Q\u0131z\u0131l medal\u0131, Krans Montana Forumunun Q\u0131z\u0131l medal\u0131 v\u0259 &ldquo;Prix de la Fondation&rdquo; m&uuml;kafat\u0131, Avropa Olimpiya Komit\u0259l\u0259rinin Ali Ordeni, Beyn\u0259lxalq \u018fdal\u0259tli Oyunlar Komit\u0259sinin &ldquo;X&uuml;susi xidm\u0259tl\u0259r\u0259 g&ouml;r\u0259&rdquo; medal\u0131, Nizami G\u0259nc\u0259vi Beyn\u0259lxalq M\u0259rk\u0259zinin Q\u0131z\u0131l medal\u0131, K&uuml;veyt D&ouml;vl\u0259tinin F\u0259xri diplomu, &Uuml;mumd&uuml;nya S\u0259hiyy\u0259 T\u0259\u015fkilat\u0131 \u0130craiyy\u0259 Komit\u0259sinin m&uuml;kafat\u0131, &ldquo;Q\u0131z\u0131l &uuml;r\u0259k&rdquo; beyn\u0259lxalq m&uuml;kafat\u0131, Beyn\u0259lxalq Olimpiya Akademiyas\u0131n\u0131n &ldquo;Olympic Excellence&rdquo; x&uuml;susi f\u0259xri m&uuml;kafat\u0131 v\u0259 T&uuml;rk-Alman Dostluq Federasiyas\u0131n\u0131n f\u0259xri m&uuml;kafat\u0131n\u0131 g&ouml;st\u0259rm\u0259k olar.<\/p>\n<p>Mehriban xan\u0131m \u018fliyeva, eyni zamanda, Rusiya Federasiyas\u0131n\u0131n \u0130.M.Se&ccedil;enov ad\u0131na Birinci Moskva D&ouml;vl\u0259t Tibb Universitetinin F\u0259xri professoru, Bolqar\u0131stan\u0131n M&uuml;q\u0259dd\u0259s Kiril v\u0259 Mefodi ad\u0131na Veliko T\u0131rnovo Universitetinin f\u0259xri doktoru se&ccedil;ilmi\u015fdir. Az\u0259rbaycan xalq\u0131 bel\u0259 bir d\u0259y\u0259rli xan\u0131mla q&uuml;rur duyur v\u0259 f\u0259xr edir.<\/p>\n<p><strong>Ayt\u0259n S&uuml;leymanova &mdash; Az\u0259rbaycan Kooperasiya Universitetinin t\u0259l\u0259b\u0259si, Rayonun f\u0259al g\u0259nci<\/strong><\/p>\n<p>&nbsp;<\/p>\n","protected":false},"excerpt":{"rendered":"<p>Az\u0259rbaycan respublikas\u0131n\u0131n Birinci vitse-prezidenti Mehriban xan\u0131m \u018fliyevan\u0131n siyasi v\u0259 ictimai f\u0259aliyy\u0259ti d&ouml;vl\u0259timiz v\u0259 mill\u0259timiz &uuml;&ccedil;&uuml;n x&uuml;susi \u0259h\u0259miyy\u0259t\u0259 malikdir. Bel\u0259 ki, Mehruiban xan\u0131m\u0131n&nbsp; C\u0259nubi Qafqaz\u0131n \u0259n b&ouml;y&uuml;k partiyas\u0131 olan Yeni Az\u0259rbaycan&hellip;<\/p>\n","protected":false},"author":1,"featured_media":251278,"comment_status":"open","ping_status":"open","sticky":false,"template":"","format":"standard","meta":{"_lmt_disableupdate":"","_lmt_disable":"","footnotes":""},"categories":[],"tags":[],"class_list":["post-127295","post","type-post","status-publish","format-standard","has-post-thumbnail","hentry"],"_links":{"self":[{"href":"https:\/\/ucnoqta.az\/index.php?rest_route=\/wp\/v2\/posts\/127295","targetHints":{"allow":["GET"]}}],"collection":[{"href":"https:\/\/ucnoqta.az\/index.php?rest_route=\/wp\/v2\/posts"}],"about":[{"href":"https:\/\/ucnoqta.az\/index.php?rest_route=\/wp\/v2\/types\/post"}],"author":[{"embeddable":true,"href":"https:\/\/ucnoqta.az\/index.php?rest_route=\/wp\/v2\/users\/1"}],"replies":[{"embeddable":true,"href":"https:\/\/ucnoqta.az\/index.php?rest_route=%2Fwp%2Fv2%2Fcomments&post=127295"}],"version-history":[{"count":0,"href":"https:\/\/ucnoqta.az\/index.php?rest_route=\/wp\/v2\/posts\/127295\/revisions"}],"wp:featuredmedia":[{"embeddable":true,"href":"https:\/\/ucnoqta.az\/index.php?rest_route=\/wp\/v2\/media\/251278"}],"wp:attachment":[{"href":"https:\/\/ucnoqta.az\/index.php?rest_route=%2Fwp%2Fv2%2Fmedia&parent=127295"}],"wp:term":[{"taxonomy":"category","embeddable":true,"href":"https:\/\/ucnoqta.az\/index.php?rest_route=%2Fwp%2Fv2%2Fcategories&post=127295"},{"taxonomy":"post_tag","embeddable":true,"href":"https:\/\/ucnoqta.az\/index.php?rest_route=%2Fwp%2Fv2%2Ftags&post=127295"}],"curies":[{"name":"wp","href":"https:\/\/api.w.org\/{rel}","templated":true}]}}