{"id":127287,"date":"2021-08-24T17:53:39","date_gmt":"2021-08-24T13:53:39","guid":{"rendered":""},"modified":"-0001-11-30T00:00:00","modified_gmt":"-0001-11-29T20:00:00","slug":"","status":"publish","type":"post","link":"https:\/\/ucnoqta.az\/?p=127287","title":{"rendered":"Avqustun 31-d\u0259n sonra Kabild\u0259n t\u0259xliy\u0259 qada\u011fan edil\u0259c\u0259k &#8211; <font color=red><b>\u201cTaliban\u201d<\/b><\/font>"},"content":{"rendered":"<p><strong>&ldquo;Taliban&rdquo; h\u0259r\u0259kat\u0131 Kabil Beyn\u0259lxalq Hava Liman\u0131na ged\u0259n yolu ba\u011flay\u0131b, aeroporta yaln\u0131z \u0259cn\u0259bil\u0259r burax\u0131l\u0131r.<\/strong><\/p>\n<p>Bu bar\u0259d\u0259 bu g&uuml;n &ldquo;Taliban&rdquo;\u0131n r\u0259smi n&uuml;may\u0259nd\u0259si Z\u0259bihulla M&uuml;cahid Kabild\u0259 ke&ccedil;irdiyi m\u0259tbuat konfrans\u0131nda bildirib.<\/p>\n<p>&ldquo;Biz aeroporta ged\u0259n yolu ba\u011flam\u0131\u015f\u0131q, ora ancaq \u0259cn\u0259bil\u0259r burax\u0131l\u0131r&rdquo;, &#8211; dey\u0259 Z. M&uuml;cahid vur\u011fulay\u0131b.<\/p>\n<p>&ldquo;Taliban&rdquo;\u0131n r\u0259smi n&uuml;may\u0259nd\u0259si qeyd edib ki, avqustun 31-d\u0259n sonra Kabild\u0259n t\u0259xliy\u0259 qada\u011fan edil\u0259c\u0259k.<\/p>\n<p>Xat\u0131rladaq ki, AB\u015e avqustun 31-d\u0259n sonra t\u0259xliy\u0259 &uuml;&ccedil;&uuml;n \u0259lav\u0259 vaxt t\u0259l\u0259b edib.\/\/\/Apa<\/p>\n","protected":false},"excerpt":{"rendered":"<p>&ldquo;Taliban&rdquo; h\u0259r\u0259kat\u0131 Kabil Beyn\u0259lxalq Hava Liman\u0131na ged\u0259n yolu ba\u011flay\u0131b, aeroporta yaln\u0131z \u0259cn\u0259bil\u0259r burax\u0131l\u0131r. Bu bar\u0259d\u0259 bu g&uuml;n &ldquo;Taliban&rdquo;\u0131n r\u0259smi n&uuml;may\u0259nd\u0259si Z\u0259bihulla M&uuml;cahid Kabild\u0259 ke&ccedil;irdiyi m\u0259tbuat konfrans\u0131nda bildirib. &ldquo;Biz aeroporta ged\u0259n&hellip;<\/p>\n","protected":false},"author":1,"featured_media":251278,"comment_status":"open","ping_status":"open","sticky":false,"template":"","format":"standard","meta":{"_lmt_disableupdate":"","_lmt_disable":"","footnotes":""},"categories":[89],"tags":[],"class_list":["post-127287","post","type-post","status-publish","format-standard","has-post-thumbnail","hentry","category-dunya-butun-xeberler"],"_links":{"self":[{"href":"https:\/\/ucnoqta.az\/index.php?rest_route=\/wp\/v2\/posts\/127287","targetHints":{"allow":["GET"]}}],"collection":[{"href":"https:\/\/ucnoqta.az\/index.php?rest_route=\/wp\/v2\/posts"}],"about":[{"href":"https:\/\/ucnoqta.az\/index.php?rest_route=\/wp\/v2\/types\/post"}],"author":[{"embeddable":true,"href":"https:\/\/ucnoqta.az\/index.php?rest_route=\/wp\/v2\/users\/1"}],"replies":[{"embeddable":true,"href":"https:\/\/ucnoqta.az\/index.php?rest_route=%2Fwp%2Fv2%2Fcomments&post=127287"}],"version-history":[{"count":0,"href":"https:\/\/ucnoqta.az\/index.php?rest_route=\/wp\/v2\/posts\/127287\/revisions"}],"wp:featuredmedia":[{"embeddable":true,"href":"https:\/\/ucnoqta.az\/index.php?rest_route=\/wp\/v2\/media\/251278"}],"wp:attachment":[{"href":"https:\/\/ucnoqta.az\/index.php?rest_route=%2Fwp%2Fv2%2Fmedia&parent=127287"}],"wp:term":[{"taxonomy":"category","embeddable":true,"href":"https:\/\/ucnoqta.az\/index.php?rest_route=%2Fwp%2Fv2%2Fcategories&post=127287"},{"taxonomy":"post_tag","embeddable":true,"href":"https:\/\/ucnoqta.az\/index.php?rest_route=%2Fwp%2Fv2%2Ftags&post=127287"}],"curies":[{"name":"wp","href":"https:\/\/api.w.org\/{rel}","templated":true}]}}