{"id":127284,"date":"2021-08-24T17:27:16","date_gmt":"2021-08-24T13:27:16","guid":{"rendered":""},"modified":"-0001-11-30T00:00:00","modified_gmt":"-0001-11-29T20:00:00","slug":"","status":"publish","type":"post","link":"https:\/\/ucnoqta.az\/?p=127284","title":{"rendered":"Velosiped \u0130dman\u0131 Federasiyas\u0131 \u015f\u0259hid ail\u0259sini ziyar\u0259t edib &#8211; <font color=red><b>FOTO<\/b><\/font>"},"content":{"rendered":"<p><strong>Az\u0259rbaycan Velosiped \u0130dman\u0131 Federasiyas\u0131 &ldquo;T\u0259k mill\u0259t, t\u0259k &uuml;r\u0259k&rdquo; Humanitar Platformas\u0131 &ccedil;\u0259r&ccedil;iv\u0259sind\u0259 V\u0259t\u0259n m&uuml;harib\u0259si \u015f\u0259hidi, mayor S&uuml;bhi M&uuml;rs\u0259liyevin \u0130smay\u0131ll\u0131 rayonu, Qurban\u0259f\u0259ndi k\u0259ndind\u0259 ya\u015fayan ail\u0259sini ziyar\u0259t edib. Ziyar\u0259td\u0259 federasiyan\u0131n ba\u015f katibi F\u0259rhad \u018fliyev, Bak\u0131 \u015f\u0259h\u0259r G\u0259ncl\u0259r v\u0259 \u0130dman Ba\u015f idar\u0259sinin r\u0259isi Raqif Abbasov, Respublika Olimpiya Velosiped M\u0259kt\u0259binin direktoru Faiq Qurbanov, h\u0259m&ccedil;inin Az\u0259rbaycan Respublikas\u0131 G\u0259ncl\u0259r v\u0259 \u0130dman Nazirliyi, \u0130smay\u0131ll\u0131 rayon \u0130cra Hakimiyy\u0259ti v\u0259 \u0130smay\u0131ll\u0131 rayon G\u0259ncl\u0259r v\u0259 \u0130dman \u0130dar\u0259sinin n&uuml;may\u0259nd\u0259l\u0259ri d\u0259 i\u015ftirak edib.<\/strong><\/p>\n<p>S&uuml;bhi M&uuml;rs\u0259liyevin ail\u0259si il\u0259 s&ouml;hb\u0259t zaman\u0131 onun ke&ccedil;diyi \u015f\u0259f\u0259rli d&ouml;y&uuml;\u015f yolunun h\u0259r bir g\u0259nc &uuml;&ccedil;&uuml;n n&uuml;mun\u0259 oldu\u011funu bildir\u0259n qonaqlar \u015f\u0259hidimizin &ouml;vladlar\u0131na h\u0259dyy\u0259l\u0259r t\u0259qdim edibl\u0259r.<\/p>\n<p>Qeyd ed\u0259k ki, &ouml;lk\u0259mizin \u0259razi b&uuml;t&ouml;vl&uuml;y&uuml;n&uuml;n t\u0259min edilm\u0259si u\u011frunda d&ouml;y&uuml;\u015f \u0259m\u0259liyyatlar\u0131na qat\u0131lan v\u0259 h\u0259rbi hiss\u0259 qar\u015f\u0131s\u0131nda qoyulmu\u015f tap\u015f\u0131r\u0131qlar\u0131n icras\u0131 zaman\u0131 v\u0259zif\u0259 borcunu \u015f\u0259r\u0259fl\u0259 yerin\u0259 yetir\u0259n mayor S&uuml;bhi M&uuml;rs\u0259liyev Az\u0259rbaycan Respublikas\u0131n\u0131n Prezidenti \u0130lham \u018fliyev t\u0259r\u0259find\u0259n &ouml;l&uuml;m&uuml;nd\u0259n sonra &ldquo;V\u0259t\u0259n u\u011frunda&rdquo;, &ldquo;3-c&uuml; d\u0259r\u0259c\u0259li V\u0259t\u0259n\u0259 xidm\u0259t\u0259 g&ouml;r\u0259&rdquo; v\u0259 &ldquo;Suqovu\u015fan\u0131n azad olunmas\u0131na g&ouml;r\u0259&rdquo; medallar\u0131 il\u0259 t\u0259ltif edilib.<\/p>\n<p>&nbsp;<\/p>\n","protected":false},"excerpt":{"rendered":"<p>Az\u0259rbaycan Velosiped \u0130dman\u0131 Federasiyas\u0131 &ldquo;T\u0259k mill\u0259t, t\u0259k &uuml;r\u0259k&rdquo; Humanitar Platformas\u0131 &ccedil;\u0259r&ccedil;iv\u0259sind\u0259 V\u0259t\u0259n m&uuml;harib\u0259si \u015f\u0259hidi, mayor S&uuml;bhi M&uuml;rs\u0259liyevin \u0130smay\u0131ll\u0131 rayonu, Qurban\u0259f\u0259ndi k\u0259ndind\u0259 ya\u015fayan ail\u0259sini ziyar\u0259t edib. Ziyar\u0259td\u0259 federasiyan\u0131n ba\u015f katibi F\u0259rhad&hellip;<\/p>\n","protected":false},"author":1,"featured_media":251278,"comment_status":"open","ping_status":"open","sticky":false,"template":"","format":"standard","meta":{"_lmt_disableupdate":"","_lmt_disable":"","footnotes":""},"categories":[101],"tags":[],"class_list":["post-127284","post","type-post","status-publish","format-standard","has-post-thumbnail","hentry","category-cemiyyet"],"_links":{"self":[{"href":"https:\/\/ucnoqta.az\/index.php?rest_route=\/wp\/v2\/posts\/127284","targetHints":{"allow":["GET"]}}],"collection":[{"href":"https:\/\/ucnoqta.az\/index.php?rest_route=\/wp\/v2\/posts"}],"about":[{"href":"https:\/\/ucnoqta.az\/index.php?rest_route=\/wp\/v2\/types\/post"}],"author":[{"embeddable":true,"href":"https:\/\/ucnoqta.az\/index.php?rest_route=\/wp\/v2\/users\/1"}],"replies":[{"embeddable":true,"href":"https:\/\/ucnoqta.az\/index.php?rest_route=%2Fwp%2Fv2%2Fcomments&post=127284"}],"version-history":[{"count":0,"href":"https:\/\/ucnoqta.az\/index.php?rest_route=\/wp\/v2\/posts\/127284\/revisions"}],"wp:featuredmedia":[{"embeddable":true,"href":"https:\/\/ucnoqta.az\/index.php?rest_route=\/wp\/v2\/media\/251278"}],"wp:attachment":[{"href":"https:\/\/ucnoqta.az\/index.php?rest_route=%2Fwp%2Fv2%2Fmedia&parent=127284"}],"wp:term":[{"taxonomy":"category","embeddable":true,"href":"https:\/\/ucnoqta.az\/index.php?rest_route=%2Fwp%2Fv2%2Fcategories&post=127284"},{"taxonomy":"post_tag","embeddable":true,"href":"https:\/\/ucnoqta.az\/index.php?rest_route=%2Fwp%2Fv2%2Ftags&post=127284"}],"curies":[{"name":"wp","href":"https:\/\/api.w.org\/{rel}","templated":true}]}}