{"id":127274,"date":"2021-08-24T18:51:48","date_gmt":"2021-08-24T14:51:48","guid":{"rendered":""},"modified":"-0001-11-30T00:00:00","modified_gmt":"-0001-11-29T20:00:00","slug":"","status":"publish","type":"post","link":"https:\/\/ucnoqta.az\/?p=127274","title":{"rendered":"Ta\u011f\u0131yevin heyk\u0259li sabah qura\u015fd\u0131r\u0131lacaq"},"content":{"rendered":"<p><strong>&ldquo;Hac\u0131 Zeynalabdin Ta\u011f\u0131yevin heyk\u0259li sabah qura\u015fd\u0131r\u0131lacaq&rdquo;.<\/strong><\/p>\n<p>Bu bar\u0259d\u0259&nbsp;APA-ya heyk\u0259lin m&uuml;\u0259llifi, Xalq r\u0259ssam\u0131 Xanlar \u018fhm\u0259dov m\u0259lumat verib.<\/p>\n<p>&ldquo;Heyk\u0259lin qura\u015fd\u0131r\u0131laca\u011f\u0131 \u0259razid\u0259 i\u015fl\u0259r yekunla\u015f\u0131b, postament d\u0259 art\u0131q haz\u0131rd\u0131r&rdquo;, &#8211; o, deyib.<\/p>\n<p>Qeyd ed\u0259k ki, Heyd\u0259r \u018fliyev Fondu, M\u0259d\u0259niyy\u0259t Nazirliyi v\u0259 Bak\u0131 \u015e\u0259h\u0259r \u0130cra Hakimiyy\u0259ti Z. Ta\u011f\u0131yevin heyk\u0259linin haz\u0131rlanmas\u0131 il\u0259 ba\u011fl\u0131 a&ccedil;\u0131q heyk\u0259lt\u0259ra\u015fl\u0131q m&uuml;sabiq\u0259si ke&ccedil;irib. Tan\u0131nm\u0131\u015flarla yana\u015f\u0131, g\u0259nc r\u0259ssam-heyk\u0259lt\u0259ra\u015flar v\u0259 \u0259cn\u0259bi m&uuml;\u0259llifl\u0259rin d\u0259 qat\u0131ld\u0131\u011f\u0131 m&uuml;sabiq\u0259y\u0259 t\u0259qdim olunan 26 \u0259s\u0259rd\u0259n Xanlar \u018fhm\u0259dovun i\u015fi qalib olub.<\/p>\n<p>Xat\u0131rladaq ki, Hac\u0131 Zeynalabdin Ta\u011f\u0131yevin heyk\u0259li &ldquo;\u0130&ccedil;\u0259ri\u015f\u0259h\u0259r&rdquo; metrostansiyas\u0131n\u0131n qar\u015f\u0131s\u0131nda ucald\u0131lacaq.<\/p>\n","protected":false},"excerpt":{"rendered":"<p>&ldquo;Hac\u0131 Zeynalabdin Ta\u011f\u0131yevin heyk\u0259li sabah qura\u015fd\u0131r\u0131lacaq&rdquo;. Bu bar\u0259d\u0259&nbsp;APA-ya heyk\u0259lin m&uuml;\u0259llifi, Xalq r\u0259ssam\u0131 Xanlar \u018fhm\u0259dov m\u0259lumat verib. &ldquo;Heyk\u0259lin qura\u015fd\u0131r\u0131laca\u011f\u0131 \u0259razid\u0259 i\u015fl\u0259r yekunla\u015f\u0131b, postament d\u0259 art\u0131q haz\u0131rd\u0131r&rdquo;, &#8211; o, deyib. Qeyd ed\u0259k&hellip;<\/p>\n","protected":false},"author":1,"featured_media":251278,"comment_status":"open","ping_status":"open","sticky":false,"template":"","format":"standard","meta":{"_lmt_disableupdate":"","_lmt_disable":"","footnotes":""},"categories":[102],"tags":[],"class_list":["post-127274","post","type-post","status-publish","format-standard","has-post-thumbnail","hentry","category-medeniyyet-butun-xeberler"],"_links":{"self":[{"href":"https:\/\/ucnoqta.az\/index.php?rest_route=\/wp\/v2\/posts\/127274","targetHints":{"allow":["GET"]}}],"collection":[{"href":"https:\/\/ucnoqta.az\/index.php?rest_route=\/wp\/v2\/posts"}],"about":[{"href":"https:\/\/ucnoqta.az\/index.php?rest_route=\/wp\/v2\/types\/post"}],"author":[{"embeddable":true,"href":"https:\/\/ucnoqta.az\/index.php?rest_route=\/wp\/v2\/users\/1"}],"replies":[{"embeddable":true,"href":"https:\/\/ucnoqta.az\/index.php?rest_route=%2Fwp%2Fv2%2Fcomments&post=127274"}],"version-history":[{"count":0,"href":"https:\/\/ucnoqta.az\/index.php?rest_route=\/wp\/v2\/posts\/127274\/revisions"}],"wp:featuredmedia":[{"embeddable":true,"href":"https:\/\/ucnoqta.az\/index.php?rest_route=\/wp\/v2\/media\/251278"}],"wp:attachment":[{"href":"https:\/\/ucnoqta.az\/index.php?rest_route=%2Fwp%2Fv2%2Fmedia&parent=127274"}],"wp:term":[{"taxonomy":"category","embeddable":true,"href":"https:\/\/ucnoqta.az\/index.php?rest_route=%2Fwp%2Fv2%2Fcategories&post=127274"},{"taxonomy":"post_tag","embeddable":true,"href":"https:\/\/ucnoqta.az\/index.php?rest_route=%2Fwp%2Fv2%2Ftags&post=127274"}],"curies":[{"name":"wp","href":"https:\/\/api.w.org\/{rel}","templated":true}]}}