{"id":127272,"date":"2021-08-24T15:31:59","date_gmt":"2021-08-24T11:31:59","guid":{"rendered":""},"modified":"-0001-11-30T00:00:00","modified_gmt":"-0001-11-29T20:00:00","slug":"","status":"publish","type":"post","link":"https:\/\/ucnoqta.az\/?p=127272","title":{"rendered":"Alim Qas\u0131movun k\u00fcr\u0259k\u0259ni h\u0259bs edildi"},"content":{"rendered":"<p><strong>Xalq artisti Alim Qas\u0131movun k&uuml;r\u0259k\u0259ni h\u0259bs olunub.<\/strong><\/p>\n<p>&quot;Report&quot;un \u0259ld\u0259 etdiyi m\u0259lumata g&ouml;r\u0259, Alim Qas\u0131movun q\u0131z\u0131 F\u0259rqan\u0259 Qas\u0131movan\u0131n h\u0259yat yolda\u015f\u0131 Elnur M&ouml;vlanov o\u011furluqda t\u0259qsirl\u0259ndirilir. Bel\u0259 ki, E.M&ouml;vlanov Alim Qas\u0131movun evind\u0259n q\u0131z\u0131l-zin\u0259t \u0259\u015fyalar\u0131 v\u0259 pul o\u011furlamaqda t\u0259qsirli bilinir.<\/p>\n<p>Z\u0259r\u0259r&ccedil;\u0259kmi\u015f qismind\u0259 tan\u0131nan \u015f\u0259xsl\u0259r Xalq artistinin h\u0259yat yolda\u015f\u0131 Tamilla Aslanova v\u0259 qohumu R\u0259\u015fad\u0259t F\u0259rz\u0259liyevdir.<br \/>\nCinay\u0259t i\u015fin\u0259 Bak\u0131 A\u011f\u0131r Cinay\u0259tl\u0259r M\u0259hk\u0259m\u0259sind\u0259 hakim Telman H&uuml;seynovun s\u0259drliyi il\u0259 bax\u0131l\u0131r.<br \/>\nBu g&uuml;n m\u0259hk\u0259m\u0259nin bax\u0131\u015f iclas\u0131 ke&ccedil;irilib. Z\u0259r\u0259r&ccedil;\u0259kmi\u015f qismind\u0259 tan\u0131nan \u015f\u0259xsl\u0259r m\u0259hk\u0259m\u0259y\u0259 g\u0259lm\u0259diyi &uuml;&ccedil;&uuml;n proses t\u0259xir\u0259 sal\u0131n\u0131b.<\/p>\n<p>N&ouml;vb\u0259ti iclas sentyabr\u0131n 30-a t\u0259yin olunub.<br \/>\nQeyd ed\u0259k ki, E.M&ouml;vlanov Cinay\u0259t M\u0259c\u0259ll\u0259sinin 178.3.2. (k&uuml;lli miqdarda ziyan vurmaqla t&ouml;r\u0259dil\u0259n d\u0259l\u0259duzluq) v\u0259 180.2.4. (insanlar\u0131n h\u0259yat\u0131 v\u0259 ya sa\u011flaml\u0131\u011f\u0131 &uuml;&ccedil;&uuml;n t\u0259hl&uuml;k\u0259li olmayan zor t\u0259tbiq etm\u0259kl\u0259 t&ouml;r\u0259dil\u0259n soy\u011fun&ccedil;uluq) madd\u0259l\u0259ri ittiham olunur.<\/p>\n","protected":false},"excerpt":{"rendered":"<p>Xalq artisti Alim Qas\u0131movun k&uuml;r\u0259k\u0259ni h\u0259bs olunub. &quot;Report&quot;un \u0259ld\u0259 etdiyi m\u0259lumata g&ouml;r\u0259, Alim Qas\u0131movun q\u0131z\u0131 F\u0259rqan\u0259 Qas\u0131movan\u0131n h\u0259yat yolda\u015f\u0131 Elnur M&ouml;vlanov o\u011furluqda t\u0259qsirl\u0259ndirilir. Bel\u0259 ki, E.M&ouml;vlanov Alim Qas\u0131movun evind\u0259n q\u0131z\u0131l-zin\u0259t&hellip;<\/p>\n","protected":false},"author":1,"featured_media":251278,"comment_status":"open","ping_status":"open","sticky":false,"template":"","format":"standard","meta":{"_lmt_disableupdate":"","_lmt_disable":"","footnotes":""},"categories":[],"tags":[],"class_list":["post-127272","post","type-post","status-publish","format-standard","has-post-thumbnail","hentry"],"_links":{"self":[{"href":"https:\/\/ucnoqta.az\/index.php?rest_route=\/wp\/v2\/posts\/127272","targetHints":{"allow":["GET"]}}],"collection":[{"href":"https:\/\/ucnoqta.az\/index.php?rest_route=\/wp\/v2\/posts"}],"about":[{"href":"https:\/\/ucnoqta.az\/index.php?rest_route=\/wp\/v2\/types\/post"}],"author":[{"embeddable":true,"href":"https:\/\/ucnoqta.az\/index.php?rest_route=\/wp\/v2\/users\/1"}],"replies":[{"embeddable":true,"href":"https:\/\/ucnoqta.az\/index.php?rest_route=%2Fwp%2Fv2%2Fcomments&post=127272"}],"version-history":[{"count":0,"href":"https:\/\/ucnoqta.az\/index.php?rest_route=\/wp\/v2\/posts\/127272\/revisions"}],"wp:featuredmedia":[{"embeddable":true,"href":"https:\/\/ucnoqta.az\/index.php?rest_route=\/wp\/v2\/media\/251278"}],"wp:attachment":[{"href":"https:\/\/ucnoqta.az\/index.php?rest_route=%2Fwp%2Fv2%2Fmedia&parent=127272"}],"wp:term":[{"taxonomy":"category","embeddable":true,"href":"https:\/\/ucnoqta.az\/index.php?rest_route=%2Fwp%2Fv2%2Fcategories&post=127272"},{"taxonomy":"post_tag","embeddable":true,"href":"https:\/\/ucnoqta.az\/index.php?rest_route=%2Fwp%2Fv2%2Ftags&post=127272"}],"curies":[{"name":"wp","href":"https:\/\/api.w.org\/{rel}","templated":true}]}}