{"id":127264,"date":"2021-08-24T14:29:33","date_gmt":"2021-08-24T10:29:33","guid":{"rendered":""},"modified":"-0001-11-30T00:00:00","modified_gmt":"-0001-11-29T20:00:00","slug":"","status":"publish","type":"post","link":"https:\/\/ucnoqta.az\/?p=127264","title":{"rendered":"\u201cBayraqdar\u201d PUA-s\u0131 Ukraynada h\u0259rbi paradda n\u00fcmayi\u015f etdirilib &#8211;<font color=red><b> FOTO<\/b><\/font>"},"content":{"rendered":"<p><strong>Ukrayna m&uuml;st\u0259qilliyinin 30-cu ild&ouml;n&uuml;m&uuml;n&uuml; qeyd edir.<\/strong><\/p>\n<p>APA-n\u0131n Ukrayna m\u0259tbuat\u0131na istinad\u0259n verdiyi x\u0259b\u0259r\u0259 g&ouml;r\u0259, bu m&uuml;nasib\u0259tl\u0259 paytaxt Kiyevin Azadl\u0131q meydan\u0131nda h\u0259rbi parad ke&ccedil;irilib.<br \/>\nYerli vaxtla saat 10:00-da ba\u015flayan t\u0259dbird\u0259 Prezident Vladimir Zelenski &ccedil;\u0131x\u0131\u015f edib.<\/p>\n<p>Paradda Ukrayna m&uuml;dafi\u0259 v\u0259 t\u0259hl&uuml;k\u0259sizlik q&uuml;vv\u0259l\u0259rinin m&uuml;xt\u0259lif d&ouml;y&uuml;\u015f \u0259m\u0259liyyatlar\u0131nda i\u015ftirak etmi\u015f 5000 n\u0259f\u0259r\u0259d\u0259k \u015f\u0259xsi hey\u0259ti i\u015ftirak edib, Ukrayna silahl\u0131 q&uuml;vv\u0259l\u0259rinin inventar\u0131nda olan m&uuml;xt\u0259lif h\u0259rbi texnikalar, aviasiya vasit\u0259l\u0259ri, o c&uuml;ml\u0259d\u0259n T&uuml;rkiy\u0259 istehsal\u0131 &ldquo;Bayraqdar TB-2&rdquo; pilotsuz u&ccedil;u\u015f aparat\u0131, el\u0259c\u0259 d\u0259 ilk d\u0259f\u0259 olaraq s\u0259rh\u0259d xidm\u0259tinin kinoloji xidm\u0259tinin itl\u0259ri n&uuml;mayi\u015f etdirilib.<\/p>\n<p><span class=\"&quot;red_color&quot;\">H\u0259rbi paradda Ukraynan\u0131n t\u0259r\u0259fda\u015f &ouml;lk\u0259l\u0259ri &#8211; T&uuml;rkiy\u0259, AB\u015e, B&ouml;y&uuml;k Britaniya, Kanada, Estoniya, Latviya, G&uuml;rc&uuml;stan, Moldova, Slovakiya v\u0259 Finlandiyadan olan h\u0259rb&ccedil;il\u0259rin t\u0259nt\u0259n\u0259li ke&ccedil;idi d\u0259 ba\u015f tutub.<\/span><\/p>\n<p><span class=\"&quot;red_color&quot;\">Yerli vaxtla saat 14:00-da is\u0259 Donbass m&uuml;harib\u0259si veteranlar\u0131n\u0131n y&uuml;r&uuml;\u015f&uuml; planla\u015fd\u0131r\u0131l\u0131b.<\/span><\/p>\n<p>Qeyd ed\u0259k ki, bu g&uuml;n Ukraynan\u0131n M&uuml;st\u0259qillik g&uuml;n&uuml; m&uuml;nasib\u0259til\u0259 paytaxt Kiyevd\u0259 konsert proqramlar\u0131, idman yar\u0131\u015flar\u0131, marafonlar, s\u0259rgil\u0259r v\u0259 s. kimi 70-d\u0259k m&uuml;xt\u0259lif t\u0259dbirl\u0259rin ke&ccedil;irilm\u0259si planla\u015fd\u0131r\u0131l\u0131b.<\/p>\n","protected":false},"excerpt":{"rendered":"<p>Ukrayna m&uuml;st\u0259qilliyinin 30-cu ild&ouml;n&uuml;m&uuml;n&uuml; qeyd edir. APA-n\u0131n Ukrayna m\u0259tbuat\u0131na istinad\u0259n verdiyi x\u0259b\u0259r\u0259 g&ouml;r\u0259, bu m&uuml;nasib\u0259tl\u0259 paytaxt Kiyevin Azadl\u0131q meydan\u0131nda h\u0259rbi parad ke&ccedil;irilib. Yerli vaxtla saat 10:00-da ba\u015flayan t\u0259dbird\u0259 Prezident Vladimir&hellip;<\/p>\n","protected":false},"author":1,"featured_media":251278,"comment_status":"open","ping_status":"open","sticky":false,"template":"","format":"standard","meta":{"_lmt_disableupdate":"","_lmt_disable":"","footnotes":""},"categories":[89],"tags":[],"class_list":["post-127264","post","type-post","status-publish","format-standard","has-post-thumbnail","hentry","category-dunya-butun-xeberler"],"_links":{"self":[{"href":"https:\/\/ucnoqta.az\/index.php?rest_route=\/wp\/v2\/posts\/127264","targetHints":{"allow":["GET"]}}],"collection":[{"href":"https:\/\/ucnoqta.az\/index.php?rest_route=\/wp\/v2\/posts"}],"about":[{"href":"https:\/\/ucnoqta.az\/index.php?rest_route=\/wp\/v2\/types\/post"}],"author":[{"embeddable":true,"href":"https:\/\/ucnoqta.az\/index.php?rest_route=\/wp\/v2\/users\/1"}],"replies":[{"embeddable":true,"href":"https:\/\/ucnoqta.az\/index.php?rest_route=%2Fwp%2Fv2%2Fcomments&post=127264"}],"version-history":[{"count":0,"href":"https:\/\/ucnoqta.az\/index.php?rest_route=\/wp\/v2\/posts\/127264\/revisions"}],"wp:featuredmedia":[{"embeddable":true,"href":"https:\/\/ucnoqta.az\/index.php?rest_route=\/wp\/v2\/media\/251278"}],"wp:attachment":[{"href":"https:\/\/ucnoqta.az\/index.php?rest_route=%2Fwp%2Fv2%2Fmedia&parent=127264"}],"wp:term":[{"taxonomy":"category","embeddable":true,"href":"https:\/\/ucnoqta.az\/index.php?rest_route=%2Fwp%2Fv2%2Fcategories&post=127264"},{"taxonomy":"post_tag","embeddable":true,"href":"https:\/\/ucnoqta.az\/index.php?rest_route=%2Fwp%2Fv2%2Ftags&post=127264"}],"curies":[{"name":"wp","href":"https:\/\/api.w.org\/{rel}","templated":true}]}}