{"id":127255,"date":"2021-08-24T13:52:05","date_gmt":"2021-08-24T09:52:05","guid":{"rendered":""},"modified":"-0001-11-30T00:00:00","modified_gmt":"-0001-11-29T20:00:00","slug":"","status":"publish","type":"post","link":"https:\/\/ucnoqta.az\/?p=127255","title":{"rendered":"\u201cTaliban\u201ddan yeni <font color=red><b>T\u018fY\u0130NATLAR<\/b><\/font>"},"content":{"rendered":"<p><strong>\u018ffqan\u0131standa hakimiyy\u0259ti \u0259l\u0259 ke&ccedil;irmi\u015f &ldquo;Taliban&rdquo; qrupla\u015fmas\u0131 bir s\u0131ra d&ouml;vl\u0259t qurumuna s\u0259lahiyy\u0259tl\u0259ri icra ed\u0259n kadrlar t\u0259yin edib.<\/strong><\/p>\n<p>&ldquo;Report&rdquo;&nbsp;TASS-a istinad\u0259n x\u0259b\u0259r verir ki, art\u0131q b\u0259zi nazirlikl\u0259r, d&ouml;vl\u0259t idar\u0259l\u0259ri v\u0259 xidm\u0259tl\u0259rin\u0259 t\u0259yinatlar ger&ccedil;\u0259kl\u0259\u015fdirilib.<\/p>\n<p>M\u0259lumata g&ouml;r\u0259, daxili i\u015fl\u0259r naziri, maliyy\u0259 naziri, k\u0259\u015ffiyyat xidm\u0259tinin r\u0259isi v\u0259zif\u0259l\u0259rind\u0259 s\u0259lahiyy\u0259tl\u0259ri icra ed\u0259n kadrlar f\u0259aliyy\u0259t\u0259 ba\u015flay\u0131blar.<\/p>\n","protected":false},"excerpt":{"rendered":"<p>\u018ffqan\u0131standa hakimiyy\u0259ti \u0259l\u0259 ke&ccedil;irmi\u015f &ldquo;Taliban&rdquo; qrupla\u015fmas\u0131 bir s\u0131ra d&ouml;vl\u0259t qurumuna s\u0259lahiyy\u0259tl\u0259ri icra ed\u0259n kadrlar t\u0259yin edib. &ldquo;Report&rdquo;&nbsp;TASS-a istinad\u0259n x\u0259b\u0259r verir ki, art\u0131q b\u0259zi nazirlikl\u0259r, d&ouml;vl\u0259t idar\u0259l\u0259ri v\u0259 xidm\u0259tl\u0259rin\u0259 t\u0259yinatlar ger&ccedil;\u0259kl\u0259\u015fdirilib.&hellip;<\/p>\n","protected":false},"author":1,"featured_media":251278,"comment_status":"open","ping_status":"open","sticky":false,"template":"","format":"standard","meta":{"_lmt_disableupdate":"","_lmt_disable":"","footnotes":""},"categories":[89],"tags":[],"class_list":["post-127255","post","type-post","status-publish","format-standard","has-post-thumbnail","hentry","category-dunya-butun-xeberler"],"_links":{"self":[{"href":"https:\/\/ucnoqta.az\/index.php?rest_route=\/wp\/v2\/posts\/127255","targetHints":{"allow":["GET"]}}],"collection":[{"href":"https:\/\/ucnoqta.az\/index.php?rest_route=\/wp\/v2\/posts"}],"about":[{"href":"https:\/\/ucnoqta.az\/index.php?rest_route=\/wp\/v2\/types\/post"}],"author":[{"embeddable":true,"href":"https:\/\/ucnoqta.az\/index.php?rest_route=\/wp\/v2\/users\/1"}],"replies":[{"embeddable":true,"href":"https:\/\/ucnoqta.az\/index.php?rest_route=%2Fwp%2Fv2%2Fcomments&post=127255"}],"version-history":[{"count":0,"href":"https:\/\/ucnoqta.az\/index.php?rest_route=\/wp\/v2\/posts\/127255\/revisions"}],"wp:featuredmedia":[{"embeddable":true,"href":"https:\/\/ucnoqta.az\/index.php?rest_route=\/wp\/v2\/media\/251278"}],"wp:attachment":[{"href":"https:\/\/ucnoqta.az\/index.php?rest_route=%2Fwp%2Fv2%2Fmedia&parent=127255"}],"wp:term":[{"taxonomy":"category","embeddable":true,"href":"https:\/\/ucnoqta.az\/index.php?rest_route=%2Fwp%2Fv2%2Fcategories&post=127255"},{"taxonomy":"post_tag","embeddable":true,"href":"https:\/\/ucnoqta.az\/index.php?rest_route=%2Fwp%2Fv2%2Ftags&post=127255"}],"curies":[{"name":"wp","href":"https:\/\/api.w.org\/{rel}","templated":true}]}}