{"id":127247,"date":"2021-08-24T13:09:38","date_gmt":"2021-08-24T09:09:38","guid":{"rendered":""},"modified":"-0001-11-30T00:00:00","modified_gmt":"-0001-11-29T20:00:00","slug":"","status":"publish","type":"post","link":"https:\/\/ucnoqta.az\/?p=127247","title":{"rendered":"Siyas\u0259td\u0259 \u00fcmumb\u0259\u015f\u0259ri d\u0259y\u0259rl\u0259ri ya\u015fadan f\u0259aliyy\u0259t"},"content":{"rendered":"<p><strong>Az\u0259rbaycan\u0131n Birinci vitse-prezidenti, Heyd\u0259r \u018fliyev Fondunun prezidenti, UNESCO-nun v\u0259 ISESCO-nun xo\u015fm\u0259raml\u0131 s\u0259firi Mehriban xan\u0131m \u018fliyeva xalq\u0131m\u0131z\u0131n d\u0259rin r\u0259\u011fb\u0259tini v\u0259 sevgisini qazan\u0131b.<\/strong><\/p>\n<p>Mehriban xan\u0131m \u018fliyevan\u0131n s\u0259m\u0259r\u0259li v\u0259 &ccedil;ox\u015fax\u0259li f\u0259aliyy\u0259tin\u0259 n\u0259z\u0259r salsaq g&ouml;r\u0259rik ki, onun f\u0259aliyy\u0259ti h\u0259r zaman milli maraqlara v\u0259 &uuml;mumb\u0259\u015f\u0259ri d\u0259y\u0259rl\u0259r\u0259 \u0259saslan\u0131b. V\u0259t\u0259n\u0259 s\u0259daq\u0259t, milli d\u0259y\u0259rl\u0259r\u0259 h&ouml;rm\u0259t v\u0259 u\u011furlu f\u0259aliyy\u0259t Mehriban xan\u0131m \u018fliyevan\u0131n &ouml;lk\u0259nin Birinci vitse-prezidenti v\u0259zif\u0259sin\u0259 t\u0259yin olunmas\u0131n\u0131 \u015f\u0259rtl\u0259ndir\u0259n \u0259sas amill\u0259rdir.<\/p>\n<p>&Uuml;mumiyy\u0259tl\u0259 Mehriban xan\u0131m \u018fliyevan\u0131n &ouml;lk\u0259nin birinci xan\u0131m\u0131 kimi f\u0259aliyy\u0259t istiqam\u0259tl\u0259rin\u0259 baxsaq, &ldquo;Yum\u015faq g&uuml;c&rdquo; amilinin t\u0259cr&uuml;b\u0259d\u0259 effektivliyin\u0259 bir daha \u0259min ola bil\u0259rik. Humanitar sah\u0259d\u0259 u\u011furlu f\u0259aliyy\u0259t g&ouml;st\u0259r\u0259n &ouml;lk\u0259nin birinci xan\u0131m\u0131 2017-ci ild\u0259n Az\u0259rbaycan Respublikas\u0131n\u0131n Konstitusiyas\u0131nda t\u0259sbit edil\u0259n siyasi r\u0259hb\u0259rlik funksiyas\u0131n\u0131 da icra etm\u0259y\u0259 ba\u015flad\u0131. \u018flb\u0259tt\u0259 ki, bundan &ouml;nc\u0259 u\u011furlu f\u0259aliyy\u0259tl\u0259rd\u0259 oldu\u011fu kimi siyasi r\u0259hb\u0259rlik funksiyas\u0131n\u0131n icras\u0131 zaman\u0131 da o daim xalq\u0131n maraqlar\u0131na cavab ver\u0259n add\u0131mlar atd\u0131.<\/p>\n<p>Sirr deyil ki, Prezident \u0130lham \u018fliyevin \u0259n yax\u0131n silahda\u015f\u0131 olaraq Birinci vitse-prezidentin sosial, humanitar v\u0259 iqtisadi siyas\u0259tin h\u0259yata ke&ccedil;irilm\u0259sind\u0259 b&ouml;y&uuml;k \u0259m\u0259yi var. M&uuml;asir Az\u0259rbaycan\u0131n quruculu\u011funda bu tandem m&uuml;h&uuml;m \u0259h\u0259miyy\u0259t k\u0259sb edir. Birinci vitse-prezident kimi f\u0259aliyy\u0259ti d&ouml;vr&uuml;nd\u0259 Mehriban xan\u0131m \u018fliyeva q\u0131sa m&uuml;dd\u0259td\u0259 &ouml;z&uuml;n&uuml;n pe\u015f\u0259karl\u0131\u011f\u0131, z\u0259ngin t\u0259cr&uuml;b\u0259si, b&ouml;y&uuml;k humanizmi v\u0259 hadis\u0259l\u0259r\u0259 geni\u015fmiqyasl\u0131 bax\u0131\u015f\u0131 il\u0259 Az\u0259rbaycan tarixind\u0259 qad\u0131n h\u0259r\u0259kat\u0131n\u0131n yeni bir s\u0259hif\u0259sini a&ccedil;m\u0131\u015f, idar\u0259etm\u0259d\u0259 qad\u0131nlar\u0131n rolunun artmas\u0131na s\u0259b\u0259b olmu\u015fdur. Mehriban xan\u0131m &ouml;lk\u0259mizd\u0259ki qad\u0131n h\u0259r\u0259kat\u0131 tarixind\u0259 ilk \u015f\u0259xsiyy\u0259tdir ki, maarif&ccedil;ilikd\u0259n s\u0259hiyy\u0259y\u0259, idmandan m\u0259d\u0259niyy\u0259timizin t\u0259bli\u011fin\u0259, xeyriyy\u0259&ccedil;ilikd\u0259n \u0259traf m&uuml;hitin qorunmas\u0131na q\u0259d\u0259r geni\u015f bir f\u0259aliyy\u0259t m\u0259kan\u0131n\u0131 \u0259hat\u0259 edir. Mehriban xan\u0131m\u0131n t\u0259\u015f\u0259bb&uuml;s&uuml; il\u0259 h\u0259yata ke&ccedil;iril\u0259n t\u0259dbirl\u0259r t\u0259kc\u0259 Az\u0259rbaycanla m\u0259hdudla\u015fm\u0131r, eyni zamanda s&uuml;lh v\u0259 sabitliyin t\u0259min edilm\u0259sind\u0259 &ouml;n\u0259mli rol oynayan sivilizasiyalararas\u0131 dialoq m&uuml;hitinin formala\u015fd\u0131r\u0131lmas\u0131, d&uuml;nya m\u0259d\u0259ni irsinin qorunmas\u0131 &uuml;zr\u0259 aktual m\u0259s\u0259l\u0259l\u0259ri d\u0259 \u0259hat\u0259 edir. B&uuml;t&uuml;n bu qeyd edil\u0259n m\u0259s\u0259l\u0259l\u0259r\u0259 \u0259sas\u0259n dey\u0259 bil\u0259rik ki, bu g&uuml;n Mehriban xan\u0131m \u018fliyevan\u0131n Az\u0259rbaycan\u0131 d&uuml;nyada m\u0259d\u0259niyy\u0259t car&ccedil;\u0131s\u0131, sivilizasiyalararas\u0131 dialoq, m&uuml;ltikulturalizm v\u0259 tolerantl\u0131q m\u0259kan\u0131 kimi t\u0259qdim etm\u0259si Prezident \u0130lham \u018fliyevin m&uuml;z\u0259ff\u0259r lider portretini u\u011furla tamamlay\u0131r.<\/p>\n<p><strong>3 mind\u0259n &ccedil;ox m\u0259kt\u0259b \u0259sasl\u0131 t\u0259mir olunub v\u0259 ya yenid\u0259n tikilib<\/strong><\/p>\n<p>Az\u0259rbaycanda son ill\u0259rd\u0259 t\u0259hsil sah\u0259sinin inki\u015faf\u0131nda xeyli ir\u0259lil\u0259yi\u015fl\u0259r n\u0259z\u0259r\u0259 &ccedil;arp\u0131r. S&ouml;zs&uuml;z ki, bu m\u0259s\u0259l\u0259d\u0259 d\u0259 Birinci vitse-prezidentin dan\u0131lmaz rolu olub.&nbsp; Mehriban xan\u0131m \u018fliyeva r\u0259hb\u0259rlik etdiyi Heyd\u0259r \u018fliyev Fondunun t\u0259\u015f\u0259bb&uuml;s&uuml; il\u0259 t\u0259hsill\u0259 ba\u011fl\u0131 bir &ccedil;ox &ouml;n\u0259mli layih\u0259 v\u0259 proqramlara start verilib. Onlar\u0131n aras\u0131nda &ldquo;Yenil\u0259\u015f\u0259n Az\u0259rbaycana yeni m\u0259kt\u0259b&rdquo; proqram\u0131 x&uuml;susi qeyd edilm\u0259lidir. M\u0259hz bu proqram\u0131n ba\u015flanmas\u0131 n\u0259tic\u0259sind\u0259 &ouml;lk\u0259mizd\u0259 &uuml;&ccedil; mind\u0259n &ccedil;ox m\u0259kt\u0259b \u0259sasl\u0131 t\u0259mir olunub v\u0259 ya yenid\u0259n tikilmi\u015fdir. Az\u0259rbaycanda t\u0259hsilin inki\u015faf\u0131na b&ouml;y&uuml;k h\u0259ssasl\u0131qla yana\u015fan Mehriban xan\u0131m\u0131n t\u0259\u015f\u0259bb&uuml;s&uuml; il\u0259 Fond b&uuml;t&uuml;n &ouml;lk\u0259 \u0259razisind\u0259 &ldquo;Yenil\u0259\u015f\u0259n Az\u0259rbaycana yeni m\u0259kt\u0259b&rdquo; proqram\u0131 il\u0259 yana\u015f\u0131, &ldquo;\u0130nternat m\u0259kt\u0259bl\u0259rinin inki\u015faf proqram\u0131&rdquo;, &ldquo;T\u0259hsil\u0259 d\u0259st\u0259k&rdquo; kimi proqramlar\u0131n icras\u0131n\u0131 da h\u0259yata ke&ccedil;ir\u0259r\u0259k d&ouml;vl\u0259t t\u0259hsil siyas\u0259tinin realla\u015fmas\u0131nda m&uuml;st\u0259sna \u0259h\u0259miyy\u0259t\u0259 malik i\u015fl\u0259r g&ouml;rm&uuml;\u015fd&uuml;r. Bu layih\u0259l\u0259r h\u0259yata ke&ccedil;iril\u0259nd\u0259n sonra h\u0259tta respublikam\u0131z\u0131n \u0259n ucqar regionlar\u0131nda da h\u0259r c&uuml;r l\u0259vazimatla t\u0259chiz olunmu\u015f, m&uuml;asir t\u0259l\u0259bl\u0259r\u0259 cavab ver\u0259n m\u0259kt\u0259bl\u0259r tikilib istifad\u0259y\u0259 verilib, t\u0259hsilin b&uuml;t&uuml;n &ouml;lk\u0259 \u0259razisind\u0259 \u0259l&ccedil;atanl\u0131\u011f\u0131 t\u0259min edili\u015fb. T\u0259kc\u0259 2020-2021-ci t\u0259dris ilind\u0259 Heyd\u0259r \u018fliyev Fondunun t\u0259\u015f\u0259bb&uuml;s&uuml; v\u0259 d\u0259st\u0259yi il\u0259 &ouml;lk\u0259mizd\u0259, o c&uuml;ml\u0259d\u0259n Bak\u0131, G\u0259nc\u0259 v\u0259 Ming\u0259&ccedil;evir \u015f\u0259h\u0259rl\u0259rind\u0259, el\u0259c\u0259 d\u0259 m&uuml;xt\u0259lif rayonlarda 62 t\u0259hsil m&uuml;\u0259ssis\u0259si in\u015fa v\u0259 \u0259sasl\u0131 t\u0259mir olunaraq istifad\u0259y\u0259 verilibr. M&uuml;asir tipli m\u0259kt\u0259bl\u0259rin in\u015fas\u0131, t\u0259dris prosesind\u0259 normal \u015f\u0259raitin yarad\u0131lmas\u0131, t\u0259hsilin keyfiyy\u0259tinin yax\u015f\u0131la\u015fd\u0131r\u0131lmas\u0131 son ill\u0259r \u0259rzind\u0259 Az\u0259rbaycan t\u0259hsilinin beyn\u0259lxalq t\u0259hsil m\u0259kan\u0131na inteqrasiyas\u0131n\u0131 g&uuml;cl\u0259ndirmi\u015f v\u0259 beyn\u0259lxalq f\u0259nn olimpiadalar\u0131nda Az\u0259rbaycan m\u0259kt\u0259blisinin u\u011furlar\u0131n\u0131n \u0259sas t\u0259minat&ccedil;\u0131s\u0131 olub.<\/p>\n<p>Bir m\u0259qam\u0131 da qeyd ed\u0259k ki, Mehriban xan\u0131m \u018fliyevan\u0131n r\u0259hb\u0259rliyi alt\u0131nda Heyd\u0259r \u018fliyev Fondu t\u0259r\u0259find\u0259n h\u0259yata ke&ccedil;iril\u0259n &ldquo;T\u0259hsil\u0259 d\u0259st\u0259k&rdquo; layih\u0259si &ouml;lk\u0259 miqyas\u0131ndan &ccedil;\u0131xaraq, beyn\u0259lxalq humanitar t\u0259\u015f\u0259bb&uuml;s\u0259 &ccedil;evrilib. Bel\u0259 ki, layih\u0259 &ccedil;\u0259r&ccedil;iv\u0259sind\u0259 &ouml;lk\u0259mizd\u0259 h\u0259yata ke&ccedil;iril\u0259n t\u0259dbirl\u0259rl\u0259 yana\u015f\u0131, xarici &ouml;lk\u0259l\u0259rd\u0259 &#8211; G&uuml;rc&uuml;stan, Misir, Rum\u0131niya, Rusiya Federasiyas\u0131, Pakistan v\u0259 Hollandiyada bir s\u0131ra m\u0259kt\u0259bl\u0259r yenid\u0259n qurulub v\u0259 \u0259sasl\u0131 t\u0259mir olunub. Pakistan\u0131n M&uuml;z\u0259ff\u0259rabad \u015f\u0259h\u0259ri Rara \u0259razisind\u0259 z\u0259lz\u0259l\u0259 n\u0259tic\u0259sind\u0259 da\u011f\u0131lm\u0131\u015f t\u0259hsil oca\u011f\u0131n\u0131n \u0259v\u0259zind\u0259 yeni orta m\u0259kt\u0259b binas\u0131n\u0131n, G&uuml;rc&uuml;stan\u0131n Dmanisi rayonunda yeni komp&uuml;ter t\u0259dris m\u0259rk\u0259zinin,&nbsp; G&uuml;rc&uuml;stan\u0131n Bolnisi rayonunun H\u0259s\u0259n Xocal\u0131 v\u0259 C\u0259f\u0259rli k\u0259ndl\u0259rind\u0259 yeni m\u0259kt\u0259b binalar\u0131n\u0131n in\u015fas\u0131, G&uuml;rc&uuml;stan\u0131n Marneuli \u015f\u0259h\u0259rind\u0259ki Az\u0259rbaycan &uuml;mumt\u0259hsil m\u0259kt\u0259binin, Tiflisd\u0259ki M.F.Axundzad\u0259 ad\u0131na orta m\u0259kt\u0259bin, Qardabanid\u0259ki Az\u0259rbaycan m\u0259kt\u0259bi v\u0259 Dmanisid\u0259ki Az\u0259rbaycan beyn\u0259lxalq orta m\u0259kt\u0259binin, Rusiya Federasiyas\u0131n\u0131n Ulyanovsk \u015f\u0259h\u0259rind\u0259ki orta &uuml;mumt\u0259hsil m\u0259kt\u0259binin binas\u0131n\u0131n \u0259sasl\u0131 t\u0259mir edilm\u0259si bel\u0259 layih\u0259l\u0259rd\u0259ndir. Bu istiqam\u0259td\u0259 g&ouml;r&uuml;l\u0259n i\u015fl\u0259r Mehriban xan\u0131m \u018fliyevan\u0131n xeyirxah v\u0259 t\u0259r\u0259qqip\u0259rv\u0259r missiyas\u0131n\u0131n b&uuml;t&uuml;n d&uuml;nya insanlar\u0131na faydal\u0131 olmaq m\u0259qs\u0259di da\u015f\u0131d\u0131\u011f\u0131n\u0131 g&ouml;st\u0259rir v\u0259 d&uuml;nya insan\u0131n\u0131n savadlanmas\u0131na xidm\u0259t edir.<\/p>\n<p>Uzun ill\u0259rdir ki, &ouml;lk\u0259mizd\u0259 h\u0259ssas \u0259hali qruplar\u0131na qay\u011f\u0131ke\u015f m&uuml;nasib\u0259t s\u0259rgil\u0259nir. X&uuml;susi h\u0259ssas \u0259hali qruplar\u0131 il\u0259 i\u015fl\u0259m\u0259k, onlar\u0131n probleml\u0259rinin h\u0259llin\u0259 d\u0259st\u0259k olmaq Mehriban xan\u0131m \u018fliyevan\u0131n f\u0259aliyy\u0259t sah\u0259sinin ana x\u0259ttini t\u0259\u015fkil edir. Bu i\u015fd\u0259 g&uuml;nd\u0259lik sosial ehtiyaclar\u0131n qar\u015f\u0131lanmas\u0131, insanlar\u0131n sa\u011flaml\u0131\u011f\u0131n\u0131n qorunmas\u0131, x\u0259st\u0259l\u0259r\u0259, kims\u0259sizl\u0259r\u0259, ah\u0131llara v\u0259 ehtiyac\u0131 olan dig\u0259r insanlara qay\u011f\u0131 v\u0259 n\u0259vazi\u015f \u0259n vacib missiya kimi h\u0259yata ke&ccedil;irilm\u0259kd\u0259dir. M\u0259s\u0259l\u0259n, t\u0259qdir olunas\u0131 hald\u0131r ki, qazi v\u0259 \u015f\u0259hid ail\u0259l\u0259rinin probleml\u0259rinin h\u0259lli h\u0259r zaman diqq\u0259td\u0259 olub. Q\u0259hr\u0259man \u015f\u0259hidl\u0259rimizin &ouml;vladlar\u0131, valideynl\u0259ri v\u0259 do\u011fmalar\u0131na d&ouml;vl\u0259tin diqq\u0259tind\u0259n ba\u015fqa Mehriban xan\u0131m \u018fliyevan\u0131n da x&uuml;susi diqq\u0259ti v\u0259 qay\u011f\u0131s\u0131 olub. Bu istiqam\u0259td\u0259 f\u0259aliyy\u0259t Heyd\u0259r \u018fliyev Fondu vasit\u0259sil\u0259 he&ccedil; bir ictimai m\u0259lumatland\u0131rma olmadan h\u0259yata ke&ccedil;irilib.<\/p>\n<p>Bundan ba\u015fqa, Sa\u011flaml\u0131q \u0130mkanlar\u0131 M\u0259hdud G\u0259ncl\u0259rin Pe\u015f\u0259 Reabilitasiya M\u0259rk\u0259zinin, \u015ea\u011fan v\u0259 Saray q\u0259s\u0259b\u0259l\u0259rind\u0259 \u0259lil u\u015faqlar &uuml;&ccedil;&uuml;n internat evl\u0259rinin, Bilg\u0259hd\u0259ki Pensiya ya\u015f\u0131na &ccedil;atm\u0131\u015f \u015f\u0259xsl\u0259r &uuml;&ccedil;&uuml;n sosial xidm\u0259t m&uuml;\u0259ssis\u0259sinin y&uuml;ks\u0259k s\u0259viyy\u0259d\u0259 yenid\u0259n qurulmas\u0131, internat m\u0259kt\u0259bl\u0259rind\u0259 ya\u015fayan u\u015faqlar\u0131n sonrak\u0131 h\u0259yat\u0131n\u0131n t\u0259hl&uuml;k\u0259siz v\u0259 sa\u011flam t\u0259minat\u0131 &uuml;&ccedil;&uuml;n ya\u015fay\u0131\u015f binalar\u0131n\u0131n tikilib istifad\u0259y\u0259 verilm\u0259si, &ouml;lk\u0259mizd\u0259 irsi qan x\u0259st\u0259liyind\u0259n \u0259ziyy\u0259t &ccedil;\u0259k\u0259n \u015f\u0259xsl\u0259rin sa\u011flaml\u0131\u011f\u0131n\u0131n qorunmas\u0131 v\u0259 m&uuml;alic\u0259si &uuml;&ccedil;&uuml;n Bak\u0131 \u015f\u0259h\u0259rind\u0259 Talassemiya M\u0259rk\u0259zinin yarad\u0131lmas\u0131 v\u0259 sair &ccedil;ox\u015fax\u0259li f\u0259aliyy\u0259t d\u0259 &ouml;lk\u0259mizd\u0259 m\u0259hz Mehriban xan\u0131m \u018fliyevan\u0131n r\u0259hb\u0259rliyi alt\u0131nda h\u0259yata ke&ccedil;irilib. Qeyd edil\u0259n m&uuml;\u0259ssis\u0259l\u0259rin v\u0259 m\u0259rk\u0259zl\u0259rin a&ccedil;\u0131l\u0131\u015f\u0131nda i\u015ftirak ed\u0259n Mehriban xan\u0131m onu \u0259hat\u0259 ed\u0259n k&ouml;rp\u0259l\u0259r\u0259, u\u015faqlara, qay\u011f\u0131ya ehtiyac\u0131 olan \u015f\u0259xsl\u0259r\u0259 h\u0259r zaman ana n\u0259vazi\u015fi il\u0259 yana\u015f\u0131b. Bu c&uuml;r s\u0259mimi davran\u0131\u015flar is\u0259 xalq\u0131m\u0131z\u0131n q\u0259lbind\u0259 d\u0259rin izl\u0259r burax\u0131r.<\/p>\n<p>Onun f\u0259aliyy\u0259tind\u0259 humanizml\u0259 yana\u015f\u0131 &ccedil;eviklik d\u0259 \u0259sas ana x\u0259tt say\u0131l\u0131r des\u0259k yan\u0131lmar\u0131q. M\u0259s\u0259l\u0259n, 2019-cu ilin fevral ay\u0131nda \u015eamax\u0131, \u0130smay\u0131ll\u0131 v\u0259 A\u011fsu rayonlar\u0131nda ba\u015f ver\u0259n z\u0259lz\u0259l\u0259nin f\u0259sadlar\u0131n\u0131n aradan qald\u0131r\u0131lmas\u0131nda Heyd\u0259r \u018fliyev Fondu olduqca vacib i\u015fl\u0259r g&ouml;rd&uuml;. Az\u0259rbaycan Respublikas\u0131n\u0131n Birinci vitse-prezidenti Mehriban xan\u0131m \u018fliyevan\u0131n g&ouml;st\u0259ri\u015fin\u0259 \u0259sas\u0259n, Heyd\u0259r \u018fliyev Fondunun &ldquo;Regional \u0130nki\u015faf&rdquo; \u0130ctimai Birliyi t\u0259r\u0259find\u0259n b&ouml;lg\u0259d\u0259 birliyin \u0259m\u0259kda\u015flar\u0131 v\u0259 k&ouml;n&uuml;ll&uuml;l\u0259ri t\u0259r\u0259find\u0259n z\u0259lz\u0259l\u0259d\u0259n ziyan &ccedil;\u0259k\u0259nl\u0259r\u0259 tibbi, psixoloji, \u0259rzaq yard\u0131mlar\u0131 verildi, sosial v\u0259ziyy\u0259ti a\u011f\u0131r olan ail\u0259l\u0259rin probleml\u0259ri ara\u015fd\u0131r\u0131ld\u0131, m&uuml;vafiq k&ouml;m\u0259klik g&ouml;st\u0259rildi.<\/p>\n<p>Birinci vitse-prezident idman h\u0259r\u0259kat\u0131na da d\u0259st\u0259yini h\u0259r zaman \u0259sirg\u0259m\u0259yib. Mehriban xan\u0131m \u018fliyevan\u0131n Milli Olimpiya Komit\u0259sinin v\u0259 \u0130craiyy\u0259 Komit\u0259sinin &uuml;zv&uuml;, h\u0259m&ccedil;inin Az\u0259rbaycan Gimnastika Federasiyas\u0131n\u0131n prezidenti kimi f\u0259aliyy\u0259tin\u0259 n\u0259z\u0259r salsaq onun b&ouml;y&uuml;k i\u015fl\u0259r g&ouml;rd&uuml;y&uuml;n&uuml;, Az\u0259rbaycanda idman h\u0259r\u0259kat\u0131n\u0131n davaml\u0131l\u0131\u011f\u0131na \u0259v\u0259zsiz t&ouml;hf\u0259l\u0259r verdiyini sez\u0259rik. Yeni istifad\u0259y\u0259 veril\u0259n orta m\u0259kt\u0259b v\u0259 m\u0259kt\u0259b\u0259q\u0259d\u0259r m&uuml;\u0259ssis\u0259l\u0259rin idman zallar\u0131 il\u0259 t\u0259chiz olunmas\u0131, futbol meydan&ccedil;alar\u0131n\u0131n, yeni sal\u0131nan parklarda mini stadionlar\u0131n, idman qur\u011fular\u0131n\u0131n istifad\u0259y\u0259 verilm\u0259si, b&ouml;lg\u0259l\u0259rd\u0259 v\u0259 paytaxtda \u015fahmat m\u0259kt\u0259bl\u0259rinin, idman kompleksl\u0259rinin tikilm\u0259si Az\u0259rbaycanda idman h\u0259r\u0259kat\u0131n\u0131n geni\u015fl\u0259nm\u0259sin\u0259 s\u0259b\u0259b olub des\u0259k yan\u0131lmar\u0131q. Gimnastika &uuml;zr\u0259 d&uuml;nya kuboku yar\u0131\u015flar\u0131n\u0131n, m&uuml;xt\u0259lif &ccedil;empionat v\u0259 turnirl\u0259rin, Birinci Avropa Oyunlar\u0131n\u0131n, IV \u0130slam H\u0259mr\u0259yliyi Oyunlar\u0131n\u0131n &ouml;lk\u0259mizd\u0259 y&uuml;ks\u0259k s\u0259viyy\u0259d\u0259 ke&ccedil;irilm\u0259si m\u0259hz Mehriban xan\u0131m \u018fliyevan\u0131n ad\u0131 v\u0259 y&uuml;ks\u0259k t\u0259\u015fkilat&ccedil;\u0131l\u0131q qabiliyy\u0259ti il\u0259 ba\u011fl\u0131d\u0131r. Bu beyn\u0259lxalq yar\u0131\u015flar &ouml;lk\u0259mizin ist\u0259r m\u0259d\u0259niyy\u0259t, ist\u0259rs\u0259 d\u0259 idman n&uuml;fuzunu b&uuml;t&uuml;n d&uuml;nyada y&uuml;ks\u0259ltmi\u015f, Az\u0259rbaycan\u0131 idman &ouml;lk\u0259si kimi tan\u0131tm\u0131\u015f v\u0259 &ouml;lk\u0259miz\u0259 b&ouml;y&uuml;k turist ax\u0131n\u0131na s\u0259b\u0259b olmu\u015fdur.<\/p>\n<p>Pandemiya s\u0259b\u0259bind\u0259n &ouml;lk\u0259mizd\u0259 ya\u015fanan b&ouml;hran zaman\u0131 Mehriban xan\u0131m \u018fliyevan\u0131n pe\u015f\u0259karl\u0131\u011f\u0131 say\u0259sind\u0259 idar\u0259etm\u0259d\u0259 g&uuml;c birliyi t\u0259min olundu. Onun tap\u015f\u0131r\u0131\u011f\u0131na \u0259sas\u0259n Heyd\u0259r \u018fliyev Fondu t\u0259r\u0259find\u0259n pandemiya d&ouml;vr&uuml;nd\u0259 ail\u0259l\u0259rin sosial ehtiyaclar\u0131n\u0131n qar\u015f\u0131lanmas\u0131, onlar\u0131n \u0259rzaq v\u0259 tibbi l\u0259vazimatlarla t\u0259minat\u0131 h\u0259yata ke&ccedil;irildi. Bak\u0131 v\u0259 regionlardak\u0131 k&ouml;rp\u0259l\u0259r v\u0259 u\u015faq evl\u0259ri, internat m\u0259kt\u0259bl\u0259ri, U\u015faq Psixonevroloji M\u0259rk\u0259zi, b&uuml;t&uuml;n sosial xidm\u0259t m&uuml;\u0259ssis\u0259l\u0259ri, o c&uuml;ml\u0259d\u0259n pensiya ya\u015f\u0131na &ccedil;atm\u0131\u015f \u015f\u0259xsl\u0259r &uuml;&ccedil;&uuml;n sosial xidm\u0259t m&uuml;\u0259ssis\u0259si bel\u0259 koronavirusla m&uuml;bariz\u0259 t\u0259dbirl\u0259ri &ccedil;\u0259r&ccedil;iv\u0259sind\u0259 dezinfeksiyaedici vasit\u0259l\u0259rl\u0259, maskalar, dig\u0259r qoruyucu vasit\u0259l\u0259r v\u0259 z\u0259ruri ehtiyaclarla m&uuml;t\u0259madi t\u0259min edildil\u0259r. T\u0259bii ki, b&uuml;t&uuml;n bunlar y&uuml;ks\u0259k diqq\u0259t v\u0259 qay\u011f\u0131n\u0131n n\u0259tic\u0259si idi.<\/p>\n<p>Az\u0259rbaycanda ekoloji probleml\u0259rin h\u0259llin\u0259 y&ouml;n\u0259lmi\u015f t\u0259\u015f\u0259bb&uuml;sl\u0259rin &ccedil;oxlu\u011fu da &uuml;r\u0259ka&ccedil;an amildir. Mehriban xan\u0131m \u018fliyevan\u0131n t\u0259\u015f\u0259bb&uuml;s&uuml; il\u0259 &ouml;lk\u0259mizd\u0259 b&ouml;y&uuml;k ekoloji layih\u0259l\u0259r icra edilm\u0259kd\u0259dir. 2007-ci il Novruz bayram\u0131 \u0259r\u0259f\u0259sind\u0259 onun t\u0259\u015f\u0259bb&uuml;s&uuml; il\u0259 ba\u015flanan &ldquo;H\u0259r\u0259y\u0259 bir a\u011fac \u0259k\u0259k&rdquo; kampaniyas\u0131 bu g&uuml;n d\u0259 davam etdirilir. Kampaniya ba\u015flayandan sonra respublikan\u0131n b&uuml;t&uuml;n \u015f\u0259h\u0259r, rayon v\u0259 q\u0259s\u0259b\u0259l\u0259rind\u0259 v\u0259t\u0259nda\u015flar, ayr\u0131-ayr\u0131 idar\u0259 v\u0259 m&uuml;\u0259ssis\u0259l\u0259rin kollektivl\u0259ri bu &ccedil;a\u011f\u0131r\u0131\u015fa s\u0259s ver\u0259r\u0259k, ya\u015f\u0131lla\u015fd\u0131rma kampaniyas\u0131na qo\u015fulub. \u018ftraf m&uuml;hitin sa\u011flamla\u015fd\u0131r\u0131lmas\u0131na, ekoloji probleml\u0259rin h\u0259llin\u0259 t&ouml;hf\u0259 olan bu layih\u0259 &ccedil;\u0259r&ccedil;iv\u0259sind\u0259 respublikan\u0131n b&uuml;t&uuml;n gu\u015f\u0259l\u0259rind\u0259 y&uuml;z minl\u0259rl\u0259 a\u011fac \u0259kilmi\u015f, yeni parklar v\u0259 ba\u011flar sal\u0131n\u0131b. T\u0259kc\u0259 2020-ci ild\u0259 &#8211; N\u0259simi ilind\u0259 Mehriban xan\u0131m \u018fliyevan\u0131n ideyas\u0131 v\u0259 t\u0259\u015f\u0259bb&uuml;s&uuml; il\u0259 b&ouml;y&uuml;k Az\u0259rbaycan \u015fairi \u0130mad\u0259ddin N\u0259siminin 650 illik yubileyi m&uuml;nasib\u0259til\u0259 bir g&uuml;nd\u0259 650 min a\u011fac \u0259kildi. Bak\u0131da IDEA-n\u0131n t\u0259\u015f\u0259bb&uuml;s&uuml; v\u0259 Heyd\u0259r \u018fliyev Fondunun t\u0259\u015fkilati d\u0259st\u0259yi il\u0259 Qafqaz Biom&uuml;xt\u0259lifliyi Sammiti ke&ccedil;irildi v\u0259 beyn\u0259lxalq ekspertl\u0259rin diqq\u0259ti Az\u0259rbaycanda, el\u0259c\u0259 d\u0259 b&uuml;t&uuml;n Qafqazda biom&uuml;xt\u0259lifliyin qorunmas\u0131na y&ouml;n\u0259ldildi.&nbsp; &Ouml;lk\u0259mizd\u0259 m&uuml;t\u0259madi olaraq ke&ccedil;iril\u0259n a\u011fac\u0259km\u0259 aksiyalar\u0131, X\u0259z\u0259r d\u0259nizinin ekoloji m&uuml;hafiz\u0259si t\u0259dbirl\u0259ri, \u015f\u0259h\u0259rl\u0259rimizin ya\u015f\u0131lla\u015fd\u0131r\u0131lmas\u0131 layih\u0259l\u0259rinin \u0259sas t\u0259\u015f\u0259bb&uuml;skar\u0131 v\u0259 i\u015ftirak&ccedil;\u0131s\u0131 m\u0259hz Heyd\u0259r \u018fliyev Fondu v\u0259 onun r\u0259hb\u0259ri Mehriban xan\u0131m \u018fliyevad\u0131r.<\/p>\n<p><strong>&Ouml;lk\u0259nin beyn\u0259lxalq n&uuml;fuzunu art\u0131ran f\u0259aliyy\u0259t v\u0259 layih\u0259l\u0259r<\/strong><\/p>\n<p>Sirr deyil ki, bir s\u0131ra m&uuml;h&uuml;m m\u0259d\u0259ni layih\u0259l\u0259rimiz olub ki, onlar &ouml;lk\u0259nin beyn\u0259lxalq imicin\u0259 m&uuml;sb\u0259t t\u0259sir g&ouml;st\u0259rib. H\u0259qiq\u0259t\u0259n d\u0259 Mehriban xan\u0131m \u018fliyevan\u0131n r\u0259hb\u0259rliyi il\u0259 Heyd\u0259r \u018fliyev Fondunun m\u0259d\u0259niyy\u0259tl\u0259, inc\u0259s\u0259n\u0259tl\u0259 ba\u011fl\u0131 layih\u0259l\u0259ri Az\u0259rbaycan\u0131n m\u0259n\u0259vi, tarixi, m\u0259d\u0259ni irsinin qorunmas\u0131 i\u015find\u0259 \u0259v\u0259zolunmaz rol oynay\u0131b. Bizim milli s\u0259rv\u0259timiz olan mu\u011fam s\u0259n\u0259tinin yenid\u0259n inki\u015faf\u0131 v\u0259 beyn\u0259lxalq arenaya &ccedil;\u0131xar\u0131lmas\u0131 m\u0259hz Mehriban xan\u0131m \u018fliyevan\u0131n t\u0259\u015f\u0259bb&uuml;s&uuml; n\u0259tic\u0259sind\u0259 m&uuml;mk&uuml;n oldu. Mehriban xan\u0131m Az\u0259rbaycan\u0131n maddi v\u0259 qeyri-maddi irsinin, Qaraba\u011f m\u0259d\u0259niyy\u0259tinin, Az\u0259rbaycan xalq\u0131n\u0131n yaratm\u0131\u015f oldu\u011fu \u0259n\u0259n\u0259 v\u0259 d\u0259y\u0259rl\u0259rin d&uuml;nyada tan\u0131d\u0131lmas\u0131 &uuml;&ccedil;&uuml;n m&uuml;xt\u0259lif t\u0259qdimatlar, s\u0259rgil\u0259r, t\u0259dbirl\u0259r ke&ccedil;irib. Az\u0259rbaycan xalq\u0131n\u0131n yaratm\u0131\u015f oldu\u011fu m\u0259d\u0259ni abid\u0259l\u0259r d&uuml;nya irs siyah\u0131lar\u0131na daxil edil\u0259r\u0259k qorunma alt\u0131na al\u0131nm\u0131\u015fd\u0131r. Fransada, \u0130taliyada, Rusiyada v\u0259 ba\u015fqa &ouml;lk\u0259l\u0259rd\u0259 ke&ccedil;iril\u0259n &ccedil;oxsayl\u0131 t\u0259dbirl\u0259r n\u0259tic\u0259sind\u0259 d&uuml;nya ictimaiyy\u0259ti &ouml;lk\u0259mizi daha yax\u0131ndan tan\u0131ma\u011fa, &ouml;yr\u0259nm\u0259y\u0259, g&ouml;rm\u0259y\u0259 ba\u015flam\u0131\u015fd\u0131r. M\u0259hz bunun n\u0259tic\u0259sind\u0259 d&uuml;nya insan\u0131 Az\u0259rbaycan\u0131 m&uuml;asir v\u0259 dinamik inki\u015faf ed\u0259n &ouml;lk\u0259, eyni zamanda, Az\u0259rbaycan xalq\u0131n\u0131 &ouml;z tarixi k&ouml;kl\u0259rin\u0259 ba\u011fl\u0131 olan multikultural v\u0259 tolerant xalq kimi tan\u0131ma\u011fa ba\u015flam\u0131\u015fd\u0131r.<\/p>\n<p>Mehriban xan\u0131m \u018fliyevan\u0131n UNESCO-nun Xo\u015fm\u0259raml\u0131 s\u0259firi v\u0259 &ouml;lk\u0259mizin Birinci vitse-prezidenti kimi 2019-cu ild\u0259 UNESCO-nun &Uuml;mumd&uuml;nya \u0130rs Komit\u0259sinin 43-c&uuml; sessiyas\u0131n\u0131n Az\u0259rbaycanda ke&ccedil;irilm\u0259sin\u0259 t\u0259\u015f\u0259bb&uuml;s g&ouml;st\u0259rm\u0259si v\u0259 buna nail olmas\u0131 tarixi hadis\u0259dir.<\/p>\n<p>Bu yerd\u0259 &ouml;lk\u0259nin birinci xan\u0131m\u0131n\u0131n xo\u015fm\u0259raml\u0131 s\u0259fir kimi bir s\u0131ra t\u0259\u015f\u0259bb&uuml;sl\u0259rini sadalamaq da yerin\u0259 d&uuml;\u015f\u0259r. M\u0259s\u0259l\u0259n, Mirz\u0259 Kaz\u0131mb\u0259yin 200 illik, akademik Yusif M\u0259mm\u0259d\u0259liyevin, xal&ccedil;a&ccedil;\u0131-r\u0259ssam L\u0259tif K\u0259rimovun, akademik Musa \u018fliyevin, yaz\u0131&ccedil;\u0131 Mir C\u0259lal Pa\u015fayevin, r\u0259ssam S\u0259ttar B\u0259hlulzad\u0259nin v\u0259 dramaturq \u0130lyas \u018ff\u0259ndiyevin 100 illik, M\u0259hs\u0259ti G\u0259nc\u0259vinin yarad\u0131c\u0131l\u0131\u011f\u0131n\u0131n 900 illik, h\u0259m&ccedil;inin &Uuml;zeyir Hac\u0131b\u0259ylinin &ldquo;Ar\u015f\u0131n mal alan&rdquo; musiqili komediyas\u0131n\u0131n 100 illik, &ldquo;Leyli v\u0259 M\u0259cnun&rdquo; operas\u0131n\u0131n ilk tama\u015fas\u0131n\u0131n 100 illik, &ldquo;Kitabi-D\u0259d\u0259 Qorqud&rdquo; eposunun alman dilin\u0259 t\u0259rc&uuml;m\u0259sinin v\u0259 n\u0259\u015frinin 200 illik yubileyl\u0259ri UNESCO s\u0259viyy\u0259sind\u0259 qeyd edilib. B&uuml;t&uuml;n bunlarla yana\u015f\u0131, Az\u0259rbaycan mu\u011fam\u0131, xal&ccedil;as\u0131, a\u015f\u0131q musiqisi, tar ifas\u0131, Novruz bayram\u0131, k\u0259la\u011fay\u0131 s\u0259n\u0259ti, Lah\u0131c misg\u0259rlik s\u0259n\u0259ti UNESCO-nun Qeyri-Maddi M\u0259d\u0259ni \u0130rs &uuml;zr\u0259 Reprezentativ siyah\u0131s\u0131na, &Ccedil;&ouml;vk\u0259n-Qaraba\u011f at&uuml;st&uuml; oyun \u0259n\u0259n\u0259si is\u0259 qurumun t\u0259cili qorunma\u011fa ehtiyac\u0131 olan Qeyri-Maddi M\u0259d\u0259ni \u0130rs Siyah\u0131s\u0131na daxil edilmi\u015fdir. Eyni zamanda Q\u0131z Qalas\u0131, \u0130&ccedil;\u0259ri\u015f\u0259h\u0259r, \u015eirvan\u015fahlar saray\u0131 v\u0259 Qobustan D&ouml;vl\u0259t Tarix v\u0259 B\u0259dii Qoru\u011fu da UNESCO-nun &Uuml;mumd&uuml;nya \u0130rs Siyah\u0131s\u0131na sal\u0131n\u0131b.<\/p>\n<p>Az\u0259rbaycan Respublikas\u0131nda Birinci xan\u0131m institutunun u\u011furlu f\u0259aliyy\u0259tind\u0259 m&uuml;st\u0259sna \u0259m\u0259yi olan v\u0259 bu institutun d&uuml;nyadak\u0131 m&uuml;t\u0259r\u0259qqi n&uuml;mun\u0259l\u0259rin\u0259 uy\u011fun \u015f\u0259kild\u0259 &ouml;z f\u0259aliyy\u0259tini quran Mehriban xan\u0131m \u018fliyevan\u0131n n\u0259cib v\u0259 xeyirxah missiyas\u0131 q\u0131sa zaman \u0259rzind\u0259 n\u0259inki &ouml;lk\u0259 ictimaiyy\u0259ti, h\u0259tta beyn\u0259lxalq ictimaiyy\u0259tin d\u0259 diqq\u0259tini &ccedil;\u0259kib. Bunun n\u0259tic\u0259si olaraq bu n\u0259cib insan 2004-c&uuml; ilin avqustunda Az\u0259rbaycan \u015fifahi xalq \u0259d\u0259biyyat\u0131 v\u0259 milli musiqi irsinin qorunub saxlan\u0131lmas\u0131 v\u0259 inki\u015faf etdirilm\u0259sind\u0259 xidm\u0259tl\u0259rin\u0259 g&ouml;r\u0259 UNESCO-nun, 2006-c\u0131 ilin noyabr\u0131nda is\u0259 humanitar sah\u0259d\u0259 geni\u015fmiqyasl\u0131 f\u0259aliyy\u0259tin\u0259, o c&uuml;ml\u0259d\u0259n sivilizasiyalararas\u0131 v\u0259 m\u0259d\u0259niyy\u0259tl\u0259raras\u0131 dialoqun inki\u015faf\u0131na, \u0130slam m\u0259d\u0259ni irsinin t\u0259bli\u011fin\u0259 v\u0259 qay\u011f\u0131ya ehtiyac\u0131 olan u\u015faqlar\u0131n probleml\u0259rinin h\u0259llind\u0259 b&ouml;y&uuml;k d\u0259st\u0259y\u0259 g&ouml;r\u0259 ISESCO-nun Xo\u015fm\u0259raml\u0131 s\u0259firi ad\u0131na layiq g&ouml;r&uuml;l&uuml;b.<\/p>\n<p>Mehriban xan\u0131m \u018fliyevan\u0131n ISESCO x\u0259tti il\u0259 olan f\u0259aliyy\u0259ti d\u0259 b&ouml;y&uuml;k s\u0259m\u0259r\u0259 verib. M&uuml;xt\u0259lif m&uuml;s\u0259lman &ouml;lk\u0259l\u0259rind\u0259 xeyriyy\u0259 aksiyalar\u0131n\u0131n ke&ccedil;irilm\u0259si, m&uuml;s\u0259lman u\u015faqlar\u0131n t\u0259hsili v\u0259 sa\u011flaml\u0131\u011f\u0131 il\u0259 ba\u011fl\u0131 davaml\u0131 layih\u0259l\u0259rin realla\u015fd\u0131r\u0131lmas\u0131, h\u0259m&ccedil;inin Bak\u0131n\u0131n \u0130slam m\u0259d\u0259niyy\u0259tinin paytaxt\u0131 olmas\u0131 &ouml;n\u0259mli t\u0259\u015f\u0259bb&uuml;s v\u0259 vacib i\u015fl\u0259r kimi qeyd edil\u0259 bil\u0259r. Heyd\u0259r \u018fliyev Fondu &ldquo;Tolerantl\u0131\u011f\u0131n &uuml;nvan\u0131 &#8211; Az\u0259rbaycan&rdquo; layih\u0259si &ccedil;\u0259r&ccedil;iv\u0259sind\u0259 &ouml;lk\u0259mizd\u0259 yeni m\u0259scidl\u0259r in\u015fa etmi\u015f, m&uuml;q\u0259dd\u0259s ziyar\u0259tgahlar\u0131n t\u0259mir-b\u0259rpa i\u015fl\u0259rini h\u0259yata ke&ccedil;irmi\u015fdir. Bundan \u0259lav\u0259, Mehriban xan\u0131m \u018fliyeva y&uuml;z ill\u0259r boyu Az\u0259rbaycanda dost v\u0259 qarda\u015f \u015f\u0259kild\u0259 ya\u015fam\u0131\u015f m&uuml;xt\u0259lif dinl\u0259rin n&uuml;may\u0259nd\u0259l\u0259rinin m\u0259d\u0259ni &ouml;z&uuml;n\u0259m\u0259xsuslu\u011funu qoruyub saxlamas\u0131, dini ayinl\u0259rini s\u0259rb\u0259st yerin\u0259 yetirm\u0259si &uuml;&ccedil;&uuml;n ibad\u0259t evl\u0259rinin b\u0259rpas\u0131 v\u0259 in\u015fas\u0131 i\u015find\u0259 d\u0259 &ouml;nd\u0259 dayan\u0131b. M\u0259rd\u0259kan q\u0259s\u0259b\u0259sind\u0259ki XVI \u0259sr\u0259 aid &ldquo;Pir H\u0259s\u0259n&rdquo; ziyar\u0259tgah\u0131nda, Bin\u0259 q\u0259s\u0259b\u0259sind\u0259ki &ldquo;M&ouml;hs&uuml;n S\u0259lim&rdquo; v\u0259 &ldquo;\u0130mam Rza&rdquo;, G\u0259nc\u0259d\u0259ki &ldquo;H\u0259zr\u0259ti Zeyn\u0259b&rdquo;, Buzovna q\u0259s\u0259b\u0259sind\u0259ki &ldquo;C&uuml;m\u0259&rdquo; v\u0259 s. m\u0259scidl\u0259rd\u0259 \u0259sasl\u0131 t\u0259mir v\u0259 b\u0259rpa i\u015fl\u0259ri h\u0259yata ke&ccedil;irib. Davaml\u0131 olaraq &ouml;lk\u0259mizd\u0259ki m&uuml;q\u0259dd\u0259s m\u0259kanlar\u0131, dini ibad\u0259t yerl\u0259rini ziyar\u0259t ed\u0259n Mehriban xan\u0131m \u018fliyeva bu n\u0259cib f\u0259aliyy\u0259ti il\u0259 &ouml;lk\u0259mizd\u0259 d&ouml;vl\u0259t-din m&uuml;nasib\u0259tl\u0259rinin daha yax\u015f\u0131 \u015f\u0259kild\u0259 qurulmas\u0131 i\u015fin\u0259 b&ouml;y&uuml;k t&ouml;hf\u0259 verib.<\/p>\n<p>Mehriban xan\u0131m\u0131n t\u0259\u015f\u0259bb&uuml;s&uuml; il\u0259 Heyd\u0259r \u018fliyev Fondu t\u0259r\u0259find\u0259n Versal Saray\u0131n\u0131n park\u0131ndak\u0131 &uuml;mumb\u0259\u015f\u0259ri abid\u0259l\u0259rin b\u0259rpas\u0131, Luvr Muzeyinin b\u0259rpas\u0131, \u0130kinci D&uuml;nya m&uuml;harib\u0259si zaman\u0131 yanm\u0131\u015f v\u0259 da\u011f\u0131d\u0131lm\u0131\u015f Berlin q\u0259srinin b\u0259rpas\u0131, Roman\u0131n Villa Borgeze park\u0131nda Nizami G\u0259nc\u0259vinin abid\u0259sinin ucald\u0131lmas\u0131, Vatikanda Roma katakombalar\u0131n\u0131n b\u0259rpas\u0131, Moskvada M.\u0130.Rudomino ad\u0131na &Uuml;mumrusiya D&ouml;vl\u0259t Xarici \u018fd\u0259biyyat Kitabxanas\u0131nda Az\u0259rbaycan\u0131n g&ouml;rk\u0259mli yaz\u0131&ccedil;\u0131s\u0131, filosofu v\u0259 humanisti Mirz\u0259 F\u0259t\u0259li Axundzad\u0259nin abid\u0259sinin ucald\u0131lmas\u0131, Parisd\u0259 Az\u0259rbaycan M\u0259d\u0259niyy\u0259ti M\u0259rk\u0259zinin yarad\u0131lmas\u0131, Romada Kapitolini Muzeyinin &ldquo;Filiosoflar zal\u0131&rdquo;n\u0131n t\u0259miri v\u0259 dig\u0259r &uuml;mumb\u0259\u015f\u0259ri layih\u0259l\u0259r icra edilmi\u015fdir. B\u0259\u015f\u0259riyy\u0259tin m&ouml;ht\u0259\u015f\u0259m m\u0259d\u0259niyy\u0259t tarixinin m&uuml;hafiz\u0259sin\u0259, onun g\u0259l\u0259c\u0259k n\u0259sill\u0259r\u0259 vacib \u0259man\u0259t kimi &ccedil;atd\u0131r\u0131lmas\u0131na, bununla b\u0259\u015f\u0259riyy\u0259tin m\u0259d\u0259ni yadda\u015f\u0131n\u0131n qorunmas\u0131na xidm\u0259t g&ouml;st\u0259r\u0259n xeyirxah missiya indi d\u0259 u\u011furla davam etm\u0259kd\u0259dir.<\/p>\n<p>T\u0259kc\u0259 Az\u0259rbaycan \u0259halisinin deyil, d&uuml;nya \u0259halisinin d\u0259 sa\u011flaml\u0131\u011f\u0131n\u0131n qorunmas\u0131 daim Mehriban xan\u0131m \u018fliyevan\u0131n f\u0259aliyy\u0259tinin \u0259sas\u0131nda dayanm\u0131\u015fd\u0131r. Sa\u011flaml\u0131\u011f\u0131n qorunmas\u0131 istiqam\u0259tind\u0259 beyn\u0259lxalq t\u0259dbirl\u0259r &ccedil;\u0259r&ccedil;iv\u0259sind\u0259 Heyd\u0259r \u018fliyev Fondu D&uuml;nya Diabet G&uuml;n&uuml; kampaniyas\u0131na qo\u015fulmu\u015f, \u0259halinin sa\u011flaml\u0131\u011f\u0131n\u0131n qorunmas\u0131, x&uuml;susil\u0259 u\u015faqlar\u0131n fiziki c\u0259h\u0259td\u0259n sa\u011flam b&ouml;y&uuml;m\u0259sin\u0259 laz\u0131mi s\u0259viyy\u0259d\u0259 diqq\u0259t yetirilm\u0259si &uuml;&ccedil;&uuml;n &ldquo;Talassemiyas\u0131z h\u0259yat namin\u0259&rdquo; layih\u0259sini ba\u015flay\u0131b. Bundan \u0259lav\u0259, 2010-cu ild\u0259 Heyd\u0259r \u018fliyev Fondu v\u0259 UNICEF-in birg\u0259 t\u0259\u015fkilat&ccedil;\u0131l\u0131\u011f\u0131 il\u0259 ke&ccedil;iril\u0259n anemiya v\u0259 talassemiya &uuml;zr\u0259 &ldquo;d\u0259yirmi masa&rdquo;da bu istiqam\u0259td\u0259 bir &ccedil;ox m&uuml;h&uuml;m probleml\u0259r m&uuml;zakir\u0259 edilmi\u015fdir. M\u0259hz bu xidm\u0259tl\u0259rin\u0259 g&ouml;r\u0259 &Uuml;mumd&uuml;nya S\u0259hiyy\u0259 T\u0259\u015fkilat\u0131 \u0130craiyy\u0259 Komit\u0259sinin 2007-ci il yanvar\u0131n 29-da Cenevr\u0259d\u0259 ke&ccedil;iril\u0259n 120-ci sessiyas\u0131n\u0131n yekdil q\u0259rar\u0131 il\u0259 ana, u\u015faq v\u0259 ail\u0259 sa\u011flaml\u0131\u011f\u0131n\u0131n qorunmas\u0131 v\u0259 m&ouml;hk\u0259ml\u0259nm\u0259si i\u015find\u0259 m&uuml;st\u0259sna xidm\u0259tl\u0259rin\u0259 g&ouml;r\u0259 Mehriban xan\u0131m \u018fliyeva bu beyn\u0259lxalq t\u0259\u015fkilat\u0131n ali m&uuml;kafat\u0131na layiq g&ouml;r&uuml;l&uuml;b.<\/p>\n<p>Mehriban xan\u0131m \u018fliyeva &ouml;z f\u0259aliyy\u0259tind\u0259 d&uuml;nyada s&uuml;lh&uuml;n qorunmas\u0131na, h\u0259m&ccedil;inin m&uuml;naqi\u015f\u0259 ocaqlar\u0131nda s&uuml;lh&uuml;n b\u0259rq\u0259rar olunmas\u0131 i\u015fin\u0259 d\u0259 b&ouml;y&uuml;k &ouml;n\u0259m verib. M\u0259hz Mehriban xan\u0131m\u0131n t\u0259\u015f\u0259bb&uuml;s&uuml; say\u0259sind\u0259 UNESCO v\u0259 ISESCO-nun d\u0259st\u0259yi il\u0259 2008-ci ild\u0259 Bak\u0131da ke&ccedil;iril\u0259n &ldquo;M\u0259d\u0259niyy\u0259tl\u0259raras\u0131 dialoqda qad\u0131nlar\u0131n rolunun geni\u015fl\u0259ndirilm\u0259si&rdquo; beyn\u0259lxalq forumu &uuml;mumb\u0259\u015f\u0259ri m\u0259d\u0259niyy\u0259t\u0259, s&uuml;lh&uuml;n v\u0259 \u0259min-amanl\u0131\u011f\u0131n b\u0259rpa olunmas\u0131na hesablanm\u0131\u015f \u0259n b&ouml;y&uuml;k add\u0131m olub. &Ouml;lk\u0259mizd\u0259 bilavasit\u0259 Mehriban xan\u0131m \u018fliyevan\u0131n t\u0259\u015f\u0259bb&uuml;s&uuml; n\u0259tic\u0259sind\u0259 &ldquo;Az\u0259rbaycan: sivilizasiyalararas\u0131 dialoqun ke&ccedil;mi\u015fi v\u0259 bu g&uuml;n&uuml;&rdquo;, &ldquo;G\u0259ncl\u0259r sivilizasiyalar\u0131n alyans\u0131 namin\u0259&rdquo; m&ouml;vzusunda beyn\u0259lxalq konfranslar, &ldquo;D&uuml;nya g\u0259ncl\u0259rinin 4-c&uuml; m\u0259\u015f\u011fulluq sammiti&rdquo;, BMT-nin D&ouml;vl\u0259t Xidm\u0259tl\u0259ri Forumu, habel\u0259 &Uuml;mumd&uuml;nya M\u0259d\u0259niyy\u0259tl\u0259raras\u0131 Dialoq Forumu kimi qlobal t\u0259dbirl\u0259r u\u011furla ke&ccedil;irilib.<\/p>\n<p>Onu f\u0259aliyy\u0259ti n\u0259tic\u0259sind\u0259 Az\u0259rbaycan\u0131n xarici &ouml;lk\u0259l\u0259rl\u0259 dostluq v\u0259 \u0259m\u0259kda\u015fl\u0131q \u0259laq\u0259l\u0259rinin g&uuml;cl\u0259ndirilm\u0259sin\u0259 bir s\u0131ra t&ouml;hf\u0259l\u0259r verilib. &Ccedil;&uuml;nki Mehriban xan\u0131m \u018fliyevan\u0131n Az\u0259rbaycan\u0131n xarici siyas\u0259tind\u0259ki vacib missiyas\u0131 &ouml;lk\u0259l\u0259raras\u0131 dostluq m&uuml;nasib\u0259tl\u0259rinin qurulmas\u0131d\u0131r. Bununla ba\u011fl\u0131 Birinci vitse-prezidentin Fransa, \u0130taliya, Rusiya, T&uuml;rkiy\u0259, Ukrayna v\u0259 ba\u015fqa &ouml;lk\u0259l\u0259rin birinci xan\u0131mlar\u0131 v\u0259 ya d&ouml;vl\u0259t idar\u0259etm\u0259sind\u0259 y&uuml;ks\u0259k v\u0259zif\u0259 tutan xan\u0131mlar\u0131 il\u0259 ke&ccedil;irdiyi g&ouml;r&uuml;\u015fl\u0259r, \u0259m\u0259kda\u015fl\u0131q etdiyi m&uuml;xt\u0259lif platformalar x&uuml;susi \u0259h\u0259miyy\u0259t da\u015f\u0131y\u0131r. Mehriban xan\u0131m\u0131n bu f\u0259aliyy\u0259tini t\u0259kc\u0259 Az\u0259rbaycan d&ouml;vl\u0259ti deyil, biziml\u0259 \u0259m\u0259kda\u015fl\u0131qda maraql\u0131 olan xarici &ouml;lk\u0259 ba\u015f&ccedil;\u0131lar\u0131 da qeyd edirl\u0259r.<\/p>\n<p>B&uuml;t&uuml;n bunlar\u0131n m\u0259ntiqi n\u0259tic\u0259sidir ki, bu ill\u0259r \u0259rzind\u0259 Mehriban xan\u0131m \u018fliyevan\u0131n f\u0259aliyy\u0259tinin \u0259h\u0259miyy\u0259tini v\u0259 qlobal aktuall\u0131\u011f\u0131n\u0131 \u0259ks etdir\u0259n y&uuml;ks\u0259k t\u0259ltifl\u0259rin \u015fahidi olmu\u015fuq. Xeyirxahl\u0131q, m\u0259rh\u0259m\u0259t, insanp\u0259rv\u0259rlik n&uuml;mun\u0259si olan Mehriban&nbsp; \u018fliyevan\u0131n &ouml;lk\u0259 daxilind\u0259 h\u0259yata ke&ccedil;irdiyi humanitar missiyas\u0131 d&ouml;vl\u0259timiz t\u0259r\u0259find\u0259n y&uuml;ks\u0259k d\u0259y\u0259rl\u0259ndirilib v\u0259 Mehriban xan\u0131m Az\u0259rbaycan\u0131n \u0259n ali d&ouml;vl\u0259t m&uuml;kafatlar\u0131na &ndash; &ldquo;Heyd\u0259r \u018fliyev&rdquo; ordenin\u0259 v\u0259 Heyd\u0259r \u018fliyev M&uuml;kafat\u0131na layiq g&ouml;r&uuml;l&uuml;b.<br \/>\nXarici &ouml;lk\u0259l\u0259rin ali d&ouml;vl\u0259t m&uuml;kafatlar\u0131 s\u0131ras\u0131nda x&uuml;susi olaraq bunlar\u0131 qeyd etm\u0259k olar: Fransan\u0131n &ldquo;\u015e\u0259r\u0259f Legionu&rdquo;, Rusiyan\u0131n &ldquo;Dostluq&rdquo; v\u0259 &ldquo;H\u0259\u015ft\u0259rxan vilay\u0259ti qar\u015f\u0131s\u0131nda xidm\u0259tl\u0259rin\u0259 g&ouml;r\u0259&rdquo;, \u0130taliyan\u0131n &ldquo;Xidm\u0259tl\u0259r\u0259 g&ouml;r\u0259&rdquo; B&ouml;y&uuml;k Xa&ccedil; Kavaleri, Vatikan\u0131n IX Piy Ordeninin B&ouml;y&uuml;k Xa&ccedil;\u0131, Pol\u015fan\u0131n &ldquo;Xidm\u0259tl\u0259r\u0259 g&ouml;r\u0259&rdquo; B&ouml;y&uuml;k Komandor Xa&ccedil;\u0131, Pakistan\u0131n &ldquo;Hilal-e Pakistan&rdquo;, Serbiyan\u0131n &ldquo;Sreten&rdquo;, Macar\u0131stan\u0131n &ldquo;Xidm\u0259tl\u0259r\u0259 g&ouml;r\u0259&rdquo; Komandor Xa&ccedil;\u0131, Rus Pravoslav Kils\u0259sinin II d\u0259r\u0259c\u0259li M&uuml;q\u0259dd\u0259s M\u0259l\u0259ksima Knyaginya Olqa ordenl\u0259ri, UNESCO-nun &ldquo;Q\u0131z\u0131l Motsart&rdquo; medal\u0131, BMT-nin &Uuml;mumd&uuml;nya \u018fqli M&uuml;lkiyy\u0259t T\u0259\u015fkilat\u0131n\u0131n Q\u0131z\u0131l medal\u0131, Krans Montana Forumunun Q\u0131z\u0131l medal\u0131 v\u0259 &ldquo;Prix de la Fondation&rdquo; m&uuml;kafat\u0131, Avropa Olimpiya Komit\u0259l\u0259rinin Ali Ordeni, Beyn\u0259lxalq \u018fdal\u0259tli Oyunlar Komit\u0259sinin &ldquo;X&uuml;susi xidm\u0259tl\u0259r\u0259 g&ouml;r\u0259&rdquo; medal\u0131, Nizami G\u0259nc\u0259vi Beyn\u0259lxalq M\u0259rk\u0259zinin Q\u0131z\u0131l medal\u0131, K&uuml;veyt D&ouml;vl\u0259tinin F\u0259xri diplomu, &Uuml;mumd&uuml;nya S\u0259hiyy\u0259 T\u0259\u015fkilat\u0131 \u0130craiyy\u0259 Komit\u0259sinin m&uuml;kafat\u0131, &ldquo;Q\u0131z\u0131l &uuml;r\u0259k&rdquo; beyn\u0259lxalq m&uuml;kafat\u0131, Beyn\u0259lxalq Olimpiya Akademiyas\u0131n\u0131n &ldquo;Olympic Excellence&rdquo; x&uuml;susi f\u0259xri m&uuml;kafat\u0131, T&uuml;rk-Alman Dostluq Federasiyas\u0131n\u0131n f\u0259xri m&uuml;kafat\u0131. Onu da bildir\u0259k ki, Mehriban xan\u0131m \u018fliyeva, eyni zamanda, Rusiya Federasiyas\u0131n\u0131n \u0130.M.Se&ccedil;enov ad\u0131na Birinci Moskva D&ouml;vl\u0259t Tibb Universitetinin F\u0259xri professoru, Bolqar\u0131stan\u0131n M&uuml;q\u0259dd\u0259s Kiril v\u0259 Mefodi ad\u0131na Veliko T\u0131rnovo Universitetinin f\u0259xri doktoru se&ccedil;ilib.<\/p>\n<p>Bir s&ouml;zl\u0259, bu g&uuml;n Mehriban xan\u0131m \u018fliyeva xalq\u0131m\u0131z\u0131n firavanl\u0131\u011f\u0131 v\u0259 q&uuml;dr\u0259tli d&ouml;vl\u0259timizin t\u0259r\u0259qqisini namin\u0259 &ccedil;ox\u015fax\u0259li f\u0259aliyy\u0259ti il\u0259 Prezident \u0130lham \u018fliyevin v\u0259 ona inanan, b&ouml;y&uuml;k &uuml;midl\u0259r b\u0259sl\u0259y\u0259n insanlar\u0131n etimad\u0131n\u0131 do\u011frultma\u011f\u0131 bacar\u0131b.<\/p>\n<p><strong>V&uuml;qar \u018fliyev,<br \/>\nX\u0259z\u0259r Rayon G\u0259ncl\u0259r v\u0259 \u0130dman \u0130dar\u0259sinin r\u0259isi<\/strong><\/p>\n","protected":false},"excerpt":{"rendered":"<p>Az\u0259rbaycan\u0131n Birinci vitse-prezidenti, Heyd\u0259r \u018fliyev Fondunun prezidenti, UNESCO-nun v\u0259 ISESCO-nun xo\u015fm\u0259raml\u0131 s\u0259firi Mehriban xan\u0131m \u018fliyeva xalq\u0131m\u0131z\u0131n d\u0259rin r\u0259\u011fb\u0259tini v\u0259 sevgisini qazan\u0131b. Mehriban xan\u0131m \u018fliyevan\u0131n s\u0259m\u0259r\u0259li v\u0259 &ccedil;ox\u015fax\u0259li f\u0259aliyy\u0259tin\u0259 n\u0259z\u0259r salsaq&hellip;<\/p>\n","protected":false},"author":1,"featured_media":251278,"comment_status":"open","ping_status":"open","sticky":false,"template":"","format":"standard","meta":{"_lmt_disableupdate":"","_lmt_disable":"","footnotes":""},"categories":[101],"tags":[],"class_list":["post-127247","post","type-post","status-publish","format-standard","has-post-thumbnail","hentry","category-cemiyyet"],"_links":{"self":[{"href":"https:\/\/ucnoqta.az\/index.php?rest_route=\/wp\/v2\/posts\/127247","targetHints":{"allow":["GET"]}}],"collection":[{"href":"https:\/\/ucnoqta.az\/index.php?rest_route=\/wp\/v2\/posts"}],"about":[{"href":"https:\/\/ucnoqta.az\/index.php?rest_route=\/wp\/v2\/types\/post"}],"author":[{"embeddable":true,"href":"https:\/\/ucnoqta.az\/index.php?rest_route=\/wp\/v2\/users\/1"}],"replies":[{"embeddable":true,"href":"https:\/\/ucnoqta.az\/index.php?rest_route=%2Fwp%2Fv2%2Fcomments&post=127247"}],"version-history":[{"count":0,"href":"https:\/\/ucnoqta.az\/index.php?rest_route=\/wp\/v2\/posts\/127247\/revisions"}],"wp:featuredmedia":[{"embeddable":true,"href":"https:\/\/ucnoqta.az\/index.php?rest_route=\/wp\/v2\/media\/251278"}],"wp:attachment":[{"href":"https:\/\/ucnoqta.az\/index.php?rest_route=%2Fwp%2Fv2%2Fmedia&parent=127247"}],"wp:term":[{"taxonomy":"category","embeddable":true,"href":"https:\/\/ucnoqta.az\/index.php?rest_route=%2Fwp%2Fv2%2Fcategories&post=127247"},{"taxonomy":"post_tag","embeddable":true,"href":"https:\/\/ucnoqta.az\/index.php?rest_route=%2Fwp%2Fv2%2Ftags&post=127247"}],"curies":[{"name":"wp","href":"https:\/\/api.w.org\/{rel}","templated":true}]}}