{"id":127242,"date":"2021-08-24T12:20:16","date_gmt":"2021-08-24T08:20:16","guid":{"rendered":""},"modified":"-0001-11-30T00:00:00","modified_gmt":"-0001-11-29T20:00:00","slug":"","status":"publish","type":"post","link":"https:\/\/ucnoqta.az\/?p=127242","title":{"rendered":"Bu g\u00fcn Tehran M\u0259nsimovun do\u011fum g\u00fcn\u00fcd\u00fcr"},"content":{"rendered":"<p><strong>Bu g&uuml;n Az\u0259rbaycan Silahl\u0131 Q&uuml;vv\u0259l\u0259rinin polkovniki, Nax&ccedil;\u0131van \u018flahidd\u0259 &Uuml;mumqo\u015fun Ordusunun ke&ccedil;mi\u015f zabiti v\u0259 \u015eu\u015fan\u0131n azadl\u0131\u011f\u0131 u\u011frunda d&ouml;y&uuml;\u015fl\u0259rin i\u015ftirak&ccedil;\u0131s\u0131&nbsp;Tehran Cavid o\u011flu M\u0259nsimovun&nbsp;do\u011fum g&uuml;n&uuml;d&uuml;r.<\/strong><\/p>\n<p>Ucnoqta.az x\u0259b\u0259r verir ki, Tehran M\u0259nsimov 1972-ci il avqustun 24-d\u0259 Qusar rayonunun D&uuml;ztahir k\u0259ndind\u0259 anadan olub.<br \/>\nBirinci Qaraba\u011f m&uuml;harib\u0259sind\u0259 k&ouml;n&uuml;ll&uuml; i\u015ftirak etdikd\u0259n sonra h\u0259rbi t\u0259hsil alaraq leytenant r&uuml;tb\u0259sind\u0259 ordu s\u0131ralar\u0131nda xidm\u0259t\u0259 ba\u015flay\u0131b.<\/p>\n<p>Nax&ccedil;\u0131van \u018flahidd\u0259 &Uuml;mumqo\u015fun Ordusunun zabiti olan Tehran M\u0259nsimov 2020-ci il sentyabr\u0131n 27-d\u0259 Az\u0259rbaycan Silahl\u0131 Q&uuml;vv\u0259l\u0259ri t\u0259r\u0259find\u0259n Erm\u0259nistan i\u015f\u011fal\u0131 alt\u0131nda olan \u0259razil\u0259rin azad edilm\u0259si v\u0259 Az\u0259rbaycan\u0131n \u0259razi b&uuml;t&ouml;vl&uuml;y&uuml;n&uuml;n t\u0259min olunmas\u0131 &uuml;&ccedil;&uuml;n ba\u015flanan V\u0259t\u0259n m&uuml;harib\u0259sind\u0259 f\u0259al i\u015ftirak edib.<br \/>\nNoyabr\u0131n 4-d\u0259n 8-n\u0259 q\u0259d\u0259r davam ed\u0259n \u015eu\u015fan\u0131n azadl\u0131\u011f\u0131 u\u011frunda d&ouml;y&uuml;\u015fl\u0259rd\u0259 \u015f\u0259h\u0259r\u0259 gir\u0259n ilk zabitl\u0259rd\u0259n olub.<br \/>\nPolkovnik-leytenant Tehran M\u0259nsimov Az\u0259rbaycan Prezidenti \u0130lham \u018fliyevin S\u0259r\u0259ncam\u0131 il\u0259 &quot;\u0130gidliy\u0259 g&ouml;r\u0259&quot;, &quot;V\u0259t\u0259n u\u011frunda&quot; medallar\u0131 v\u0259 &quot;Az\u0259rbaycan Bayra\u011f\u0131&quot; ordeni il\u0259 t\u0259ltif edilib.<\/p>\n","protected":false},"excerpt":{"rendered":"<p>Bu g&uuml;n Az\u0259rbaycan Silahl\u0131 Q&uuml;vv\u0259l\u0259rinin polkovniki, Nax&ccedil;\u0131van \u018flahidd\u0259 &Uuml;mumqo\u015fun Ordusunun ke&ccedil;mi\u015f zabiti v\u0259 \u015eu\u015fan\u0131n azadl\u0131\u011f\u0131 u\u011frunda d&ouml;y&uuml;\u015fl\u0259rin i\u015ftirak&ccedil;\u0131s\u0131&nbsp;Tehran Cavid o\u011flu M\u0259nsimovun&nbsp;do\u011fum g&uuml;n&uuml;d&uuml;r. Ucnoqta.az x\u0259b\u0259r verir ki, Tehran M\u0259nsimov 1972-ci il&hellip;<\/p>\n","protected":false},"author":1,"featured_media":251278,"comment_status":"open","ping_status":"open","sticky":false,"template":"","format":"standard","meta":{"_lmt_disableupdate":"","_lmt_disable":"","footnotes":""},"categories":[],"tags":[],"class_list":["post-127242","post","type-post","status-publish","format-standard","has-post-thumbnail","hentry"],"_links":{"self":[{"href":"https:\/\/ucnoqta.az\/index.php?rest_route=\/wp\/v2\/posts\/127242","targetHints":{"allow":["GET"]}}],"collection":[{"href":"https:\/\/ucnoqta.az\/index.php?rest_route=\/wp\/v2\/posts"}],"about":[{"href":"https:\/\/ucnoqta.az\/index.php?rest_route=\/wp\/v2\/types\/post"}],"author":[{"embeddable":true,"href":"https:\/\/ucnoqta.az\/index.php?rest_route=\/wp\/v2\/users\/1"}],"replies":[{"embeddable":true,"href":"https:\/\/ucnoqta.az\/index.php?rest_route=%2Fwp%2Fv2%2Fcomments&post=127242"}],"version-history":[{"count":0,"href":"https:\/\/ucnoqta.az\/index.php?rest_route=\/wp\/v2\/posts\/127242\/revisions"}],"wp:featuredmedia":[{"embeddable":true,"href":"https:\/\/ucnoqta.az\/index.php?rest_route=\/wp\/v2\/media\/251278"}],"wp:attachment":[{"href":"https:\/\/ucnoqta.az\/index.php?rest_route=%2Fwp%2Fv2%2Fmedia&parent=127242"}],"wp:term":[{"taxonomy":"category","embeddable":true,"href":"https:\/\/ucnoqta.az\/index.php?rest_route=%2Fwp%2Fv2%2Fcategories&post=127242"},{"taxonomy":"post_tag","embeddable":true,"href":"https:\/\/ucnoqta.az\/index.php?rest_route=%2Fwp%2Fv2%2Ftags&post=127242"}],"curies":[{"name":"wp","href":"https:\/\/api.w.org\/{rel}","templated":true}]}}