{"id":127231,"date":"2021-08-24T11:00:25","date_gmt":"2021-08-24T07:00:25","guid":{"rendered":""},"modified":"-0001-11-30T00:00:00","modified_gmt":"-0001-11-29T20:00:00","slug":"","status":"publish","type":"post","link":"https:\/\/ucnoqta.az\/?p=127231","title":{"rendered":"\u0130ki doza vaksin vurduran \u015f\u0259xsl\u0259r koronavirusu niy\u0259 a\u011f\u0131r ke\u00e7irir? &#8211;<font color=red><b> A\u00c7IQLAMA &#8211; V\u0130DEO<\/b><\/font>"},"content":{"rendered":"<p><strong>Sosial \u015f\u0259b\u0259k\u0259d\u0259 ged\u0259n m&uuml;zakir\u0259l\u0259r zaman\u0131 koronavirus \u0259leyhin\u0259 istifad\u0259 olunan peyv\u0259ndl\u0259rl\u0259 ba\u011fl\u0131 m&uuml;xt\u0259lif fikirl\u0259r s\u0259sl\u0259ndirilir.<\/strong><\/p>\n<p>Ucnoqta.az x\u0259b\u0259r verir ki, bir qrup \u015f\u0259xs iki doza vaksin vurulmas\u0131na baxmayaraq koronavirusu a\u011f\u0131r ke&ccedil;ir\u0259n \u015f\u0259xsl\u0259r\u0259 rast g\u0259lindiyini bildiribl\u0259r.<\/p>\n<p>Bu iddialar\u0131n n\u0259 q\u0259d\u0259r do\u011fru olmas\u0131n\u0131 v\u0259 iki doza vaksin vurduran \u015f\u0259xsin hans\u0131 s\u0259b\u0259bd\u0259n x\u0259st\u0259liyi a\u011f\u0131r ke&ccedil;irm\u0259sinin s\u0259b\u0259bl\u0259ri bar\u0259d\u0259 Nazirl\u0259r Kabineti yan\u0131nda Operativ Q\u0259rargah\u0131n &uuml;zv&uuml;, Milli M\u0259clisin S\u0259hiyy\u0259 komit\u0259sinin s\u0259dr m&uuml;avini R\u0259\u015fad Mahmudov dan\u0131\u015f\u0131b.<\/p>\n<p>Deputat \u0130TV-y\u0259 a&ccedil;\u0131qlamas\u0131nda deyib ki, x\u0259st\u0259xanalarda s&uuml;ni n\u0259f\u0259s aparat\u0131na qo\u015fulan x\u0259st\u0259l\u0259rd\u0259n 95 faizi peyv\u0259nd vurdurmam\u0131\u015f \u015f\u0259xsl\u0259rdir. O \u0259lav\u0259 edib ki, x\u0259st\u0259likd\u0259n sa\u011falanlar v\u0259 h\u0259yat\u0131n\u0131 itir\u0259nl\u0259r aras\u0131nda da 99 faiz\u0259 yax\u0131n f\u0259rq var.\/\/\/sfera.az<\/p>\n<p>&nbsp;<\/p>\n<p>&nbsp;<\/p>\n<p><iframe height=\"360\" src=\"https:\/\/baku.ws\/video2\/v.php?v=1792483\" width=\"640\"><\/iframe><\/p>\n","protected":false},"excerpt":{"rendered":"<p>Sosial \u015f\u0259b\u0259k\u0259d\u0259 ged\u0259n m&uuml;zakir\u0259l\u0259r zaman\u0131 koronavirus \u0259leyhin\u0259 istifad\u0259 olunan peyv\u0259ndl\u0259rl\u0259 ba\u011fl\u0131 m&uuml;xt\u0259lif fikirl\u0259r s\u0259sl\u0259ndirilir. Ucnoqta.az x\u0259b\u0259r verir ki, bir qrup \u015f\u0259xs iki doza vaksin vurulmas\u0131na baxmayaraq koronavirusu a\u011f\u0131r ke&ccedil;ir\u0259n \u015f\u0259xsl\u0259r\u0259&hellip;<\/p>\n","protected":false},"author":1,"featured_media":251278,"comment_status":"open","ping_status":"open","sticky":false,"template":"","format":"standard","meta":{"_lmt_disableupdate":"","_lmt_disable":"","footnotes":""},"categories":[101],"tags":[],"class_list":["post-127231","post","type-post","status-publish","format-standard","has-post-thumbnail","hentry","category-cemiyyet"],"_links":{"self":[{"href":"https:\/\/ucnoqta.az\/index.php?rest_route=\/wp\/v2\/posts\/127231","targetHints":{"allow":["GET"]}}],"collection":[{"href":"https:\/\/ucnoqta.az\/index.php?rest_route=\/wp\/v2\/posts"}],"about":[{"href":"https:\/\/ucnoqta.az\/index.php?rest_route=\/wp\/v2\/types\/post"}],"author":[{"embeddable":true,"href":"https:\/\/ucnoqta.az\/index.php?rest_route=\/wp\/v2\/users\/1"}],"replies":[{"embeddable":true,"href":"https:\/\/ucnoqta.az\/index.php?rest_route=%2Fwp%2Fv2%2Fcomments&post=127231"}],"version-history":[{"count":0,"href":"https:\/\/ucnoqta.az\/index.php?rest_route=\/wp\/v2\/posts\/127231\/revisions"}],"wp:featuredmedia":[{"embeddable":true,"href":"https:\/\/ucnoqta.az\/index.php?rest_route=\/wp\/v2\/media\/251278"}],"wp:attachment":[{"href":"https:\/\/ucnoqta.az\/index.php?rest_route=%2Fwp%2Fv2%2Fmedia&parent=127231"}],"wp:term":[{"taxonomy":"category","embeddable":true,"href":"https:\/\/ucnoqta.az\/index.php?rest_route=%2Fwp%2Fv2%2Fcategories&post=127231"},{"taxonomy":"post_tag","embeddable":true,"href":"https:\/\/ucnoqta.az\/index.php?rest_route=%2Fwp%2Fv2%2Ftags&post=127231"}],"curies":[{"name":"wp","href":"https:\/\/api.w.org\/{rel}","templated":true}]}}