{"id":127227,"date":"2021-08-24T10:41:42","date_gmt":"2021-08-24T06:41:42","guid":{"rendered":""},"modified":"-0001-11-30T00:00:00","modified_gmt":"-0001-11-29T20:00:00","slug":"","status":"publish","type":"post","link":"https:\/\/ucnoqta.az\/?p=127227","title":{"rendered":"Salyanda koronavirus x\u0259st\u0259si ictimai yerd\u0259 a\u015fkarland\u0131"},"content":{"rendered":"<p><strong>Salyan Rayon Polis \u015e&ouml;b\u0259sinin \u0259m\u0259kda\u015flar\u0131 ya\u015fad\u0131\u011f\u0131 evi qanunsuz olaraq t\u0259rk ed\u0259n v\u0259 infeksiyan\u0131n yay\u0131lmas\u0131na \u015f\u0259rait yaradan aktiv koronavirus x\u0259st\u0259si a\u015fkarlay\u0131blar.<\/strong><\/p>\n<p>Daxili \u0130\u015fl\u0259r Nazirliyinin M\u0259tbuat Xidm\u0259tinin \u015eirvan regional qrupundan Ucnoqta.az-a&nbsp;veril\u0259n m\u0259lumata g&ouml;r\u0259, COVID-19 testinin n\u0259tic\u0259si pozitiv olan rayonun Qaraba\u011fl\u0131 k\u0259nd sakini Layiq Q\u0259hr\u0259manova ev \u015f\u0259raitind\u0259 m&uuml;alic\u0259 t\u0259yin edilm\u0259sin\u0259 v\u0259 sanitar-karantin qaydalar\u0131 izah olunmas\u0131na baxmayaraq o, ya\u015fad\u0131\u011f\u0131 &uuml;nvan\u0131 t\u0259rk edib.<\/p>\n<p>L.Q\u0259hr\u0259manov rayonun K\u0259rimb\u0259yli k\u0259ndi \u0259razisind\u0259 olark\u0259n polis \u0259m\u0259kda\u015flar\u0131 t\u0259r\u0259find\u0259n saxlan\u0131l\u0131b v\u0259 tibbi prosedurlar da g&ouml;zl\u0259nilm\u0259kl\u0259 ya\u015fad\u0131\u011f\u0131 ev\u0259 qaytar\u0131lmas\u0131 t\u0259min edilib.<\/p>\n<p>H\u0259min \u015f\u0259xs bar\u0259sind\u0259 RP\u015e-d\u0259 ara\u015fd\u0131rmalar apar\u0131l\u0131r.<\/p>\n","protected":false},"excerpt":{"rendered":"<p>Salyan Rayon Polis \u015e&ouml;b\u0259sinin \u0259m\u0259kda\u015flar\u0131 ya\u015fad\u0131\u011f\u0131 evi qanunsuz olaraq t\u0259rk ed\u0259n v\u0259 infeksiyan\u0131n yay\u0131lmas\u0131na \u015f\u0259rait yaradan aktiv koronavirus x\u0259st\u0259si a\u015fkarlay\u0131blar. Daxili \u0130\u015fl\u0259r Nazirliyinin M\u0259tbuat Xidm\u0259tinin \u015eirvan regional qrupundan Ucnoqta.az-a&nbsp;veril\u0259n m\u0259lumata&hellip;<\/p>\n","protected":false},"author":1,"featured_media":251278,"comment_status":"open","ping_status":"open","sticky":false,"template":"","format":"standard","meta":{"_lmt_disableupdate":"","_lmt_disable":"","footnotes":""},"categories":[],"tags":[],"class_list":["post-127227","post","type-post","status-publish","format-standard","has-post-thumbnail","hentry"],"_links":{"self":[{"href":"https:\/\/ucnoqta.az\/index.php?rest_route=\/wp\/v2\/posts\/127227","targetHints":{"allow":["GET"]}}],"collection":[{"href":"https:\/\/ucnoqta.az\/index.php?rest_route=\/wp\/v2\/posts"}],"about":[{"href":"https:\/\/ucnoqta.az\/index.php?rest_route=\/wp\/v2\/types\/post"}],"author":[{"embeddable":true,"href":"https:\/\/ucnoqta.az\/index.php?rest_route=\/wp\/v2\/users\/1"}],"replies":[{"embeddable":true,"href":"https:\/\/ucnoqta.az\/index.php?rest_route=%2Fwp%2Fv2%2Fcomments&post=127227"}],"version-history":[{"count":0,"href":"https:\/\/ucnoqta.az\/index.php?rest_route=\/wp\/v2\/posts\/127227\/revisions"}],"wp:featuredmedia":[{"embeddable":true,"href":"https:\/\/ucnoqta.az\/index.php?rest_route=\/wp\/v2\/media\/251278"}],"wp:attachment":[{"href":"https:\/\/ucnoqta.az\/index.php?rest_route=%2Fwp%2Fv2%2Fmedia&parent=127227"}],"wp:term":[{"taxonomy":"category","embeddable":true,"href":"https:\/\/ucnoqta.az\/index.php?rest_route=%2Fwp%2Fv2%2Fcategories&post=127227"},{"taxonomy":"post_tag","embeddable":true,"href":"https:\/\/ucnoqta.az\/index.php?rest_route=%2Fwp%2Fv2%2Ftags&post=127227"}],"curies":[{"name":"wp","href":"https:\/\/api.w.org\/{rel}","templated":true}]}}